{"id":4506,"date":"2022-10-05T10:47:39","date_gmt":"2022-10-05T08:47:39","guid":{"rendered":"https:\/\/newweb.hospitalsagratcormartorell.org\/entre-tots\/?p=4506"},"modified":"2022-10-06T11:52:47","modified_gmt":"2022-10-06T09:52:47","slug":"dia-mundial-de-lalzheimer","status":"publish","type":"post","link":"https:\/\/fundaciohospitalariesmartorell.org\/entre-tots\/2022\/10\/dia-mundial-de-lalzheimer\/","title":{"rendered":"Dia Mundial de l&#8217;Alzheimer"},"content":{"rendered":"<figure class=\"wp-block-post-featured-image\"><img loading=\"lazy\" decoding=\"async\" width=\"1080\" height=\"810\" src=\"https:\/\/fundaciohospitalariesmartorell.org\/entre-tots\/wp-content\/uploads\/2022\/09\/dia_mundial_alzheimer.png\" class=\"attachment-post-thumbnail size-post-thumbnail wp-post-image\" alt=\"\" style=\"object-fit:cover;\" srcset=\"https:\/\/fundaciohospitalariesmartorell.org\/entre-tots\/wp-content\/uploads\/2022\/09\/dia_mundial_alzheimer.png 1080w, https:\/\/fundaciohospitalariesmartorell.org\/entre-tots\/wp-content\/uploads\/2022\/09\/dia_mundial_alzheimer-300x225.png 300w, https:\/\/fundaciohospitalariesmartorell.org\/entre-tots\/wp-content\/uploads\/2022\/09\/dia_mundial_alzheimer-1024x768.png 1024w, https:\/\/fundaciohospitalariesmartorell.org\/entre-tots\/wp-content\/uploads\/2022\/09\/dia_mundial_alzheimer-768x576.png 768w\" sizes=\"auto, (max-width: 1080px) 100vw, 1080px\" \/><\/figure>\n\n\n<p>VIRG\u00cdNIA CABALLERO i ESTHER ROMAGUERA. El dia 21 de setembre vam celebrar el Dia Mundial de l\u2019Alzheimer, un tipus de dem\u00e8ncia cr\u00f2nica i progressiva que es caracteritza perqu\u00e8 la funci\u00f3 cognitiva es veu deteriorada m\u00e9s enll\u00e0 d\u2019all\u00f2 que es considera normal com a conseq\u00fc\u00e8ncia de l\u2019envelliment.<\/p>\n\n\n\n<p>La dem\u00e8ncia no afecta la consci\u00e8ncia, per\u00f2 el deteriorament de la funci\u00f3 cognitiva acostuma a anar acompanyat per un empitjorament del comportament social, el control emocional i la motivaci\u00f3.<\/p>\n\n\n\n<p>\u00c9s una de les principals causes de discapacitat i depend\u00e8ncia entre les persones grans, i la malaltia d\u2019Alzheimer \u00e9s la m\u00e9s comuna, ja que representa entre el 60 i el 70 % dels casos.<\/p>\n\n\n\n<p>Les alteracions cognitives (mem\u00f2ria, percepci\u00f3, orientaci\u00f3, atenci\u00f3, etc.) acaben tenint una influ\u00e8ncia en la resta de funcions i dificulten el desenvolupament de les ocupacions que tenia la persona durant tota la seva vida. En aquest moment comen\u00e7a una disfunci\u00f3 a les \u00e0rees ocupacionals que afecta de forma f\u00edsica, psicol\u00f2gica, social i econ\u00f2mica no nom\u00e9s la persona malalta, sin\u00f3 tamb\u00e9 els seus cuidadors, la seva fam\u00edlia i la societat.<\/p>\n\n\n\n<p>La ter\u00e0pia no farmacol\u00f2gica \u00e9s una eina molt important per aconseguir els seg\u00fcents objectius:<\/p>\n\n\n\n<ul class=\"wp-block-list\"><li>Generals<ul><li>Millorar el processament cognitiu i les habilitats funcionals i, per tant, l\u2019autoefic\u00e0cia.<\/li><li>Millorar l\u2019estat d\u2019\u00e0nim i l\u2019autoestima.<\/li><li>Augmentar la qualitat de vida.<\/li><\/ul><\/li><\/ul>\n\n\n\n<ul class=\"wp-block-list\"><li>Espec\u00edfics<ul><li>Afavorir i activar l\u2019orientaci\u00f3 espacial, temporal i personal.<\/li><li>Induir la mem\u00f2ria personal i autobiogr\u00e0fica.<\/li><li>Estimular la mem\u00f2ria a curt i llarg termini.<\/li><li>Optimitzar els nivells d\u2019atenci\u00f3 sobre el material.<\/li><li>Exercitar la percepci\u00f3 mitjan\u00e7ant est\u00edmuls visuals i auditius.<\/li><li>Maximitzar les capacitats ling\u00fc\u00edstiques preservades exercitant el llenguatge autom\u00e0tic i optimitzant l\u2019expressi\u00f3 i la comprensi\u00f3 verbals i escrites.<\/li><li>Facilitar el raonament abstracte.<\/li><li>Exercitar la mec\u00e0nica de la lectoescriptura.<\/li><li>Potenciar la motricitat fina i el moviment amb intencionalitat.<\/li><li>Afavorir les habilitats visuoconstructives.<\/li><li>Potenciar el c\u00e0lcul mental.<\/li><\/ul><\/li><\/ul>\n\n\n\n<p>En aquest sentit, s\u2019implementa un programa d\u2019estimulaci\u00f3 cognitiva en hospitalitzaci\u00f3 total (mitja i llarga estada) i a nivell ambulatori (hospital de dia) que varia en funci\u00f3 de la unitat i el perfil del pacient, i es porta a terme per part dels i les terapeutes ocupacionals.<\/p>\n\n\n\n<ol class=\"wp-block-list\"><li><strong>Valoraci\u00f3 d\u2019ingr\u00e9s <\/strong>amb la recollida de dades i registres.<\/li><li><strong>Planificaci\u00f3 del tractament <\/strong>en funci\u00f3 d\u2019uns objectius incloent al pacient en les activitats individualitzades o grupals segons el seu perfil.<\/li><li><strong>Intervenci\u00f3 <\/strong>amb activitats terap\u00e8utiques individualitzades i grupals fent la gradaci\u00f3 adequada per tal d\u2019aconseguir la m\u00e0xima autonomia. Aquestes activitats es revisen de manera peri\u00f2dica per adaptar-les a les necessitats del moment dels pacients. Aix\u00ed mateix, els horaris i l\u2019estructura es poden modificar en funci\u00f3 de la disponibilitat del servei i els protocols de salut a seguir.<\/li><\/ol>\n\n\n\n<p><strong>Activitats individuals de les diverses \u00e0rees cognitives<\/strong><\/p>\n\n\n\n<ul class=\"wp-block-list\"><li>Exercicis escrits<\/li><li>Activitats cognitives manipulatives<\/li><li>Estimulaci\u00f3 online<\/li><\/ul>\n\n\n\n<p><strong>Activitats grupals<\/strong><\/p>\n\n\n\n<p>M\u00e9s enll\u00e0 d\u2019estimular funcions superiors, ens permeten treballar habilitats socials i conductuals.<\/p>\n\n\n\n<ul class=\"wp-block-list\"><li>T\u00e8cniques d\u2019orientaci\u00f3 a la realitat.<\/li><li>Hist\u00f2ria de vida<\/li><li>Comentari de not\u00edcies o lectures<\/li><li>Assemblees<\/li><li>Sessions d\u2019exercicis cognitius amb suport visual de projector<\/li><li>Grup d\u2019exercicis cognitius orals amb o sense suport de pissarra i altres materials<\/li><li>Psicomotricitat en sedestaci\u00f3 o bipedestaci\u00f3<\/li><li>Jocs de taula<\/li><li>Manualitats<\/li><li>Coral<\/li><li>Educaci\u00f3 sanit\u00e0ria<\/li><li>Recuperaci\u00f3 d\u2019aficions<\/li><\/ul>\n\n\n\n<p><strong>Sala Snoezelen<\/strong><\/p>\n\n\n\n<p>\u00c9s una intervenci\u00f3 individual de vuit sessions de mitja hora per pacient. La sala sensorial o el carro sensorial ens permet moure els elements a l\u2019habitaci\u00f3 quan el pacient no es pot despla\u00e7ar i la intervenci\u00f3 se centra en estimular els sentits primaris i els sistemes propioceptius i vestibulars.<\/p>\n\n\n\n<p>Al mateix temps, un equip de fisioterapeutes treballa els aspectes motrius per preservar al m\u00e0xim la capacitat motora, tant de les EESS com de les EEII, l\u2019equilibri i la coordinaci\u00f3.<\/p>\n","protected":false},"excerpt":{"rendered":"<p>VIRG\u00cdNIA CABALLERO i ESTHER ROMAGUERA. El dia 21 de setembre vam celebrar el Dia Mundial de l\u2019Alzheimer, un tipus de dem\u00e8ncia cr\u00f2nica i progressiva que es caracteritza perqu\u00e8 la funci\u00f3 cognitiva es veu deteriorada m\u00e9s enll\u00e0 d\u2019all\u00f2 que es considera normal com a conseq\u00fc\u00e8ncia de l\u2019envelliment. La dem\u00e8ncia no afecta la consci\u00e8ncia, per\u00f2 el deteriorament [&hellip;]<\/p>\n","protected":false},"author":3,"featured_media":4508,"comment_status":"closed","ping_status":"closed","sticky":false,"template":"","format":"standard","meta":{"footnotes":""},"categories":[27],"tags":[],"class_list":["post-4506","post","type-post","status-publish","format-standard","has-post-thumbnail","hentry","category-actualitat"],"blocksy_meta":{"styles_descriptor":{"styles":{"desktop":"","tablet":"","mobile":""},"google_fonts":[],"version":6}},"featured_image_urls_v2":{"full":["https:\/\/fundaciohospitalariesmartorell.org\/entre-tots\/wp-content\/uploads\/2022\/09\/dia_mundial_alzheimer.png",1080,810,false],"thumbnail":["https:\/\/fundaciohospitalariesmartorell.org\/entre-tots\/wp-content\/uploads\/2022\/09\/dia_mundial_alzheimer-150x150.png",150,150,true],"medium":["https:\/\/fundaciohospitalariesmartorell.org\/entre-tots\/wp-content\/uploads\/2022\/09\/dia_mundial_alzheimer-300x225.png",300,225,true],"medium_large":["https:\/\/fundaciohospitalariesmartorell.org\/entre-tots\/wp-content\/uploads\/2022\/09\/dia_mundial_alzheimer-768x576.png",768,576,true],"large":["https:\/\/fundaciohospitalariesmartorell.org\/entre-tots\/wp-content\/uploads\/2022\/09\/dia_mundial_alzheimer-1024x768.png",1024,768,true],"1536x1536":["https:\/\/fundaciohospitalariesmartorell.org\/entre-tots\/wp-content\/uploads\/2022\/09\/dia_mundial_alzheimer.png",1080,810,false],"2048x2048":["https:\/\/fundaciohospitalariesmartorell.org\/entre-tots\/wp-content\/uploads\/2022\/09\/dia_mundial_alzheimer.png",1080,810,false],"mailpoet_newsletter_max":["https:\/\/fundaciohospitalariesmartorell.org\/entre-tots\/wp-content\/uploads\/2022\/09\/dia_mundial_alzheimer.png",1080,810,false]},"post_excerpt_stackable_v2":"<p>VIRG\u00cdNIA CABALLERO i ESTHER ROMAGUERA. El dia 21 de setembre vam celebrar el Dia Mundial de l\u2019Alzheimer, un tipus de dem\u00e8ncia cr\u00f2nica i progressiva que es caracteritza perqu\u00e8 la funci\u00f3 cognitiva es veu deteriorada m\u00e9s enll\u00e0 d\u2019all\u00f2 que es considera normal com a conseq\u00fc\u00e8ncia de l\u2019envelliment. La dem\u00e8ncia no afecta la consci\u00e8ncia, per\u00f2 el deteriorament de la funci\u00f3 cognitiva acostuma a anar acompanyat per un empitjorament del comportament social, el control emocional i la motivaci\u00f3. \u00c9s una de les principals causes de discapacitat i depend\u00e8ncia entre les persones grans, i la malaltia d\u2019Alzheimer \u00e9s la m\u00e9s comuna, ja que representa&hellip;<\/p>\n","category_list_v2":"<a href=\"https:\/\/fundaciohospitalariesmartorell.org\/entre-tots\/category\/actualitat\/\" rel=\"category tag\">ACTUALITAT<\/a>","author_info_v2":{"name":"Anna Casanovas","url":"https:\/\/fundaciohospitalariesmartorell.org\/entre-tots\/author\/acasanovasr\/"},"comments_num_v2":"0 comments","_links":{"self":[{"href":"https:\/\/fundaciohospitalariesmartorell.org\/entre-tots\/wp-json\/wp\/v2\/posts\/4506","targetHints":{"allow":["GET"]}}],"collection":[{"href":"https:\/\/fundaciohospitalariesmartorell.org\/entre-tots\/wp-json\/wp\/v2\/posts"}],"about":[{"href":"https:\/\/fundaciohospitalariesmartorell.org\/entre-tots\/wp-json\/wp\/v2\/types\/post"}],"author":[{"embeddable":true,"href":"https:\/\/fundaciohospitalariesmartorell.org\/entre-tots\/wp-json\/wp\/v2\/users\/3"}],"replies":[{"embeddable":true,"href":"https:\/\/fundaciohospitalariesmartorell.org\/entre-tots\/wp-json\/wp\/v2\/comments?post=4506"}],"version-history":[{"count":6,"href":"https:\/\/fundaciohospitalariesmartorell.org\/entre-tots\/wp-json\/wp\/v2\/posts\/4506\/revisions"}],"predecessor-version":[{"id":4688,"href":"https:\/\/fundaciohospitalariesmartorell.org\/entre-tots\/wp-json\/wp\/v2\/posts\/4506\/revisions\/4688"}],"wp:featuredmedia":[{"embeddable":true,"href":"https:\/\/fundaciohospitalariesmartorell.org\/entre-tots\/wp-json\/wp\/v2\/media\/4508"}],"wp:attachment":[{"href":"https:\/\/fundaciohospitalariesmartorell.org\/entre-tots\/wp-json\/wp\/v2\/media?parent=4506"}],"wp:term":[{"taxonomy":"category","embeddable":true,"href":"https:\/\/fundaciohospitalariesmartorell.org\/entre-tots\/wp-json\/wp\/v2\/categories?post=4506"},{"taxonomy":"post_tag","embeddable":true,"href":"https:\/\/fundaciohospitalariesmartorell.org\/entre-tots\/wp-json\/wp\/v2\/tags?post=4506"}],"curies":[{"name":"wp","href":"https:\/\/api.w.org\/{rel}","templated":true}]}}