{"id":4513,"date":"2022-10-05T10:53:36","date_gmt":"2022-10-05T08:53:36","guid":{"rendered":"https:\/\/newweb.hospitalsagratcormartorell.org\/entre-tots\/?p=4513"},"modified":"2022-10-06T11:10:38","modified_gmt":"2022-10-06T09:10:38","slug":"dia-mundial-de-la-fisioterapia","status":"publish","type":"post","link":"https:\/\/fundaciohospitalariesmartorell.org\/entre-tots\/2022\/10\/dia-mundial-de-la-fisioterapia\/","title":{"rendered":"Dia Mundial de la Fisioter\u00e0pia"},"content":{"rendered":"<figure class=\"wp-block-post-featured-image\"><img loading=\"lazy\" decoding=\"async\" width=\"1080\" height=\"711\" src=\"https:\/\/fundaciohospitalariesmartorell.org\/entre-tots\/wp-content\/uploads\/2022\/09\/dia_mundial_fisioterapia.png\" class=\"attachment-post-thumbnail size-post-thumbnail wp-post-image\" alt=\"\" style=\"object-fit:cover;\" srcset=\"https:\/\/fundaciohospitalariesmartorell.org\/entre-tots\/wp-content\/uploads\/2022\/09\/dia_mundial_fisioterapia.png 1080w, https:\/\/fundaciohospitalariesmartorell.org\/entre-tots\/wp-content\/uploads\/2022\/09\/dia_mundial_fisioterapia-300x198.png 300w, https:\/\/fundaciohospitalariesmartorell.org\/entre-tots\/wp-content\/uploads\/2022\/09\/dia_mundial_fisioterapia-1024x674.png 1024w, https:\/\/fundaciohospitalariesmartorell.org\/entre-tots\/wp-content\/uploads\/2022\/09\/dia_mundial_fisioterapia-768x506.png 768w\" sizes=\"auto, (max-width: 1080px) 100vw, 1080px\" \/><\/figure>\n\n\n<p>El passat 8 de setembre es va celebrar el Dia Mundial de la Fisioter\u00e0pia per posar en relleu la import\u00e0ncia de la prevenci\u00f3 i el tractament de l\u2019artrosi, aix\u00ed com per recon\u00e8ixer la tasca dels\/de les fisioterapeutes a l\u2019hora d\u2019assessorar i educar sobre l\u2019alleugeriment del dolor, l\u2019enfortiment dels m\u00fasculs i la millora dels moviments de les articulacions i la marxa.<\/p>\n","protected":false},"excerpt":{"rendered":"<p>El passat 8 de setembre es va celebrar el Dia Mundial de la Fisioter\u00e0pia per posar en relleu la import\u00e0ncia de la prevenci\u00f3 i el tractament de l\u2019artrosi, aix\u00ed com per recon\u00e8ixer la tasca dels\/de les fisioterapeutes a l\u2019hora d\u2019assessorar i educar sobre l\u2019alleugeriment del dolor, l\u2019enfortiment dels m\u00fasculs i la millora dels moviments de [&hellip;]<\/p>\n","protected":false},"author":3,"featured_media":4514,"comment_status":"closed","ping_status":"closed","sticky":false,"template":"","format":"standard","meta":{"footnotes":""},"categories":[27],"tags":[],"class_list":["post-4513","post","type-post","status-publish","format-standard","has-post-thumbnail","hentry","category-actualitat"],"blocksy_meta":{"styles_descriptor":{"styles":{"desktop":"","tablet":"","mobile":""},"google_fonts":[],"version":6}},"featured_image_urls_v2":{"full":["https:\/\/fundaciohospitalariesmartorell.org\/entre-tots\/wp-content\/uploads\/2022\/09\/dia_mundial_fisioterapia.png",1080,711,false],"thumbnail":["https:\/\/fundaciohospitalariesmartorell.org\/entre-tots\/wp-content\/uploads\/2022\/09\/dia_mundial_fisioterapia-150x150.png",150,150,true],"medium":["https:\/\/fundaciohospitalariesmartorell.org\/entre-tots\/wp-content\/uploads\/2022\/09\/dia_mundial_fisioterapia-300x198.png",300,198,true],"medium_large":["https:\/\/fundaciohospitalariesmartorell.org\/entre-tots\/wp-content\/uploads\/2022\/09\/dia_mundial_fisioterapia-768x506.png",768,506,true],"large":["https:\/\/fundaciohospitalariesmartorell.org\/entre-tots\/wp-content\/uploads\/2022\/09\/dia_mundial_fisioterapia-1024x674.png",1024,674,true],"1536x1536":["https:\/\/fundaciohospitalariesmartorell.org\/entre-tots\/wp-content\/uploads\/2022\/09\/dia_mundial_fisioterapia.png",1080,711,false],"2048x2048":["https:\/\/fundaciohospitalariesmartorell.org\/entre-tots\/wp-content\/uploads\/2022\/09\/dia_mundial_fisioterapia.png",1080,711,false],"mailpoet_newsletter_max":["https:\/\/fundaciohospitalariesmartorell.org\/entre-tots\/wp-content\/uploads\/2022\/09\/dia_mundial_fisioterapia.png",1080,711,false]},"post_excerpt_stackable_v2":"<p>El passat 8 de setembre es va celebrar el Dia Mundial de la Fisioter\u00e0pia per posar en relleu la import\u00e0ncia de la prevenci\u00f3 i el tractament de l\u2019artrosi, aix\u00ed com per recon\u00e8ixer la tasca dels\/de les fisioterapeutes a l\u2019hora d\u2019assessorar i educar sobre l\u2019alleugeriment del dolor, l\u2019enfortiment dels m\u00fasculs i la millora dels moviments de les articulacions i la marxa.<\/p>\n","category_list_v2":"<a href=\"https:\/\/fundaciohospitalariesmartorell.org\/entre-tots\/category\/actualitat\/\" rel=\"category tag\">ACTUALITAT<\/a>","author_info_v2":{"name":"Anna Casanovas","url":"https:\/\/fundaciohospitalariesmartorell.org\/entre-tots\/author\/acasanovasr\/"},"comments_num_v2":"0 comments","_links":{"self":[{"href":"https:\/\/fundaciohospitalariesmartorell.org\/entre-tots\/wp-json\/wp\/v2\/posts\/4513","targetHints":{"allow":["GET"]}}],"collection":[{"href":"https:\/\/fundaciohospitalariesmartorell.org\/entre-tots\/wp-json\/wp\/v2\/posts"}],"about":[{"href":"https:\/\/fundaciohospitalariesmartorell.org\/entre-tots\/wp-json\/wp\/v2\/types\/post"}],"author":[{"embeddable":true,"href":"https:\/\/fundaciohospitalariesmartorell.org\/entre-tots\/wp-json\/wp\/v2\/users\/3"}],"replies":[{"embeddable":true,"href":"https:\/\/fundaciohospitalariesmartorell.org\/entre-tots\/wp-json\/wp\/v2\/comments?post=4513"}],"version-history":[{"count":2,"href":"https:\/\/fundaciohospitalariesmartorell.org\/entre-tots\/wp-json\/wp\/v2\/posts\/4513\/revisions"}],"predecessor-version":[{"id":4663,"href":"https:\/\/fundaciohospitalariesmartorell.org\/entre-tots\/wp-json\/wp\/v2\/posts\/4513\/revisions\/4663"}],"wp:featuredmedia":[{"embeddable":true,"href":"https:\/\/fundaciohospitalariesmartorell.org\/entre-tots\/wp-json\/wp\/v2\/media\/4514"}],"wp:attachment":[{"href":"https:\/\/fundaciohospitalariesmartorell.org\/entre-tots\/wp-json\/wp\/v2\/media?parent=4513"}],"wp:term":[{"taxonomy":"category","embeddable":true,"href":"https:\/\/fundaciohospitalariesmartorell.org\/entre-tots\/wp-json\/wp\/v2\/categories?post=4513"},{"taxonomy":"post_tag","embeddable":true,"href":"https:\/\/fundaciohospitalariesmartorell.org\/entre-tots\/wp-json\/wp\/v2\/tags?post=4513"}],"curies":[{"name":"wp","href":"https:\/\/api.w.org\/{rel}","templated":true}]}}