{"id":4519,"date":"2022-10-05T10:51:41","date_gmt":"2022-10-05T08:51:41","guid":{"rendered":"https:\/\/newweb.hospitalsagratcormartorell.org\/entre-tots\/?p=4519"},"modified":"2022-10-06T11:11:29","modified_gmt":"2022-10-06T09:11:29","slug":"dia-mundial-per-a-la-prevencio-del-suicidi","status":"publish","type":"post","link":"https:\/\/fundaciohospitalariesmartorell.org\/entre-tots\/2022\/10\/dia-mundial-per-a-la-prevencio-del-suicidi\/","title":{"rendered":"Dia Mundial per a la Prevenci\u00f3 del Su\u00efcidi"},"content":{"rendered":"<figure class=\"wp-block-post-featured-image\"><img loading=\"lazy\" decoding=\"async\" width=\"1080\" height=\"810\" src=\"https:\/\/fundaciohospitalariesmartorell.org\/entre-tots\/wp-content\/uploads\/2022\/09\/1662793225740-1.jpg\" class=\"attachment-post-thumbnail size-post-thumbnail wp-post-image\" alt=\"\" style=\"object-fit:cover;\" srcset=\"https:\/\/fundaciohospitalariesmartorell.org\/entre-tots\/wp-content\/uploads\/2022\/09\/1662793225740-1.jpg 1080w, https:\/\/fundaciohospitalariesmartorell.org\/entre-tots\/wp-content\/uploads\/2022\/09\/1662793225740-1-300x225.jpg 300w, https:\/\/fundaciohospitalariesmartorell.org\/entre-tots\/wp-content\/uploads\/2022\/09\/1662793225740-1-1024x768.jpg 1024w, https:\/\/fundaciohospitalariesmartorell.org\/entre-tots\/wp-content\/uploads\/2022\/09\/1662793225740-1-768x576.jpg 768w\" sizes=\"auto, (max-width: 1080px) 100vw, 1080px\" \/><\/figure>\n\n\n<p>El dia <strong>10 de setembre<\/strong> vam commemorar el<strong> Dia Mundial per a la Prevenci\u00f3 del Su\u00efcidi <\/strong>recordant les paraules de David Chesa, coordinador de la Unitat de Patologia Dual de l\u2019Hospital Sagrat Cor i membre de la Taula de Salut Mental del 061 Salut Respon: \u201cLa prevenci\u00f3 del su\u00efcidi no nom\u00e9s s\u2019ha de fer des de l\u2019\u00e0mbit sanitari, sin\u00f3 que cal que tothom s\u2019hi impliqui. Si detectes alg\u00fa en risc, no ho dubtis i truca al SEM\u201d.<\/p>\n","protected":false},"excerpt":{"rendered":"<p>El dia 10 de setembre vam commemorar el Dia Mundial per a la Prevenci\u00f3 del Su\u00efcidi recordant les paraules de David Chesa, coordinador de la Unitat de Patologia Dual de l\u2019Hospital Sagrat Cor i membre de la Taula de Salut Mental del 061 Salut Respon: \u201cLa prevenci\u00f3 del su\u00efcidi no nom\u00e9s s\u2019ha de fer des [&hellip;]<\/p>\n","protected":false},"author":3,"featured_media":4520,"comment_status":"closed","ping_status":"closed","sticky":false,"template":"","format":"standard","meta":{"footnotes":""},"categories":[27],"tags":[],"class_list":["post-4519","post","type-post","status-publish","format-standard","has-post-thumbnail","hentry","category-actualitat"],"blocksy_meta":{"styles_descriptor":{"styles":{"desktop":"","tablet":"","mobile":""},"google_fonts":[],"version":6}},"featured_image_urls_v2":{"full":["https:\/\/fundaciohospitalariesmartorell.org\/entre-tots\/wp-content\/uploads\/2022\/09\/1662793225740-1.jpg",1080,810,false],"thumbnail":["https:\/\/fundaciohospitalariesmartorell.org\/entre-tots\/wp-content\/uploads\/2022\/09\/1662793225740-1-150x150.jpg",150,150,true],"medium":["https:\/\/fundaciohospitalariesmartorell.org\/entre-tots\/wp-content\/uploads\/2022\/09\/1662793225740-1-300x225.jpg",300,225,true],"medium_large":["https:\/\/fundaciohospitalariesmartorell.org\/entre-tots\/wp-content\/uploads\/2022\/09\/1662793225740-1-768x576.jpg",768,576,true],"large":["https:\/\/fundaciohospitalariesmartorell.org\/entre-tots\/wp-content\/uploads\/2022\/09\/1662793225740-1-1024x768.jpg",1024,768,true],"1536x1536":["https:\/\/fundaciohospitalariesmartorell.org\/entre-tots\/wp-content\/uploads\/2022\/09\/1662793225740-1.jpg",1080,810,false],"2048x2048":["https:\/\/fundaciohospitalariesmartorell.org\/entre-tots\/wp-content\/uploads\/2022\/09\/1662793225740-1.jpg",1080,810,false],"mailpoet_newsletter_max":["https:\/\/fundaciohospitalariesmartorell.org\/entre-tots\/wp-content\/uploads\/2022\/09\/1662793225740-1.jpg",1080,810,false]},"post_excerpt_stackable_v2":"<p>El dia 10 de setembre vam commemorar el Dia Mundial per a la Prevenci\u00f3 del Su\u00efcidi recordant les paraules de David Chesa, coordinador de la Unitat de Patologia Dual de l\u2019Hospital Sagrat Cor i membre de la Taula de Salut Mental del 061 Salut Respon: \u201cLa prevenci\u00f3 del su\u00efcidi no nom\u00e9s s\u2019ha de fer des de l\u2019\u00e0mbit sanitari, sin\u00f3 que cal que tothom s\u2019hi impliqui. Si detectes alg\u00fa en risc, no ho dubtis i truca al SEM\u201d.<\/p>\n","category_list_v2":"<a href=\"https:\/\/fundaciohospitalariesmartorell.org\/entre-tots\/category\/actualitat\/\" rel=\"category tag\">ACTUALITAT<\/a>","author_info_v2":{"name":"Anna Casanovas","url":"https:\/\/fundaciohospitalariesmartorell.org\/entre-tots\/author\/acasanovasr\/"},"comments_num_v2":"0 comments","_links":{"self":[{"href":"https:\/\/fundaciohospitalariesmartorell.org\/entre-tots\/wp-json\/wp\/v2\/posts\/4519","targetHints":{"allow":["GET"]}}],"collection":[{"href":"https:\/\/fundaciohospitalariesmartorell.org\/entre-tots\/wp-json\/wp\/v2\/posts"}],"about":[{"href":"https:\/\/fundaciohospitalariesmartorell.org\/entre-tots\/wp-json\/wp\/v2\/types\/post"}],"author":[{"embeddable":true,"href":"https:\/\/fundaciohospitalariesmartorell.org\/entre-tots\/wp-json\/wp\/v2\/users\/3"}],"replies":[{"embeddable":true,"href":"https:\/\/fundaciohospitalariesmartorell.org\/entre-tots\/wp-json\/wp\/v2\/comments?post=4519"}],"version-history":[{"count":1,"href":"https:\/\/fundaciohospitalariesmartorell.org\/entre-tots\/wp-json\/wp\/v2\/posts\/4519\/revisions"}],"predecessor-version":[{"id":4521,"href":"https:\/\/fundaciohospitalariesmartorell.org\/entre-tots\/wp-json\/wp\/v2\/posts\/4519\/revisions\/4521"}],"wp:featuredmedia":[{"embeddable":true,"href":"https:\/\/fundaciohospitalariesmartorell.org\/entre-tots\/wp-json\/wp\/v2\/media\/4520"}],"wp:attachment":[{"href":"https:\/\/fundaciohospitalariesmartorell.org\/entre-tots\/wp-json\/wp\/v2\/media?parent=4519"}],"wp:term":[{"taxonomy":"category","embeddable":true,"href":"https:\/\/fundaciohospitalariesmartorell.org\/entre-tots\/wp-json\/wp\/v2\/categories?post=4519"},{"taxonomy":"post_tag","embeddable":true,"href":"https:\/\/fundaciohospitalariesmartorell.org\/entre-tots\/wp-json\/wp\/v2\/tags?post=4519"}],"curies":[{"name":"wp","href":"https:\/\/api.w.org\/{rel}","templated":true}]}}