{"id":4523,"date":"2022-10-05T10:49:14","date_gmt":"2022-10-05T08:49:14","guid":{"rendered":"https:\/\/newweb.hospitalsagratcormartorell.org\/entre-tots\/?p=4523"},"modified":"2022-10-06T11:13:08","modified_gmt":"2022-10-06T09:13:08","slug":"dia-mundial-seguretat-pacient","status":"publish","type":"post","link":"https:\/\/fundaciohospitalariesmartorell.org\/entre-tots\/2022\/10\/dia-mundial-seguretat-pacient\/","title":{"rendered":"Dia Mundial de la Seguretat del Pacient"},"content":{"rendered":"<figure class=\"wp-block-post-featured-image\"><img loading=\"lazy\" decoding=\"async\" width=\"1080\" height=\"810\" src=\"https:\/\/fundaciohospitalariesmartorell.org\/entre-tots\/wp-content\/uploads\/2022\/09\/dia_mundial_seguretat_pacient.png\" class=\"attachment-post-thumbnail size-post-thumbnail wp-post-image\" alt=\"\" style=\"object-fit:cover;\" srcset=\"https:\/\/fundaciohospitalariesmartorell.org\/entre-tots\/wp-content\/uploads\/2022\/09\/dia_mundial_seguretat_pacient.png 1080w, https:\/\/fundaciohospitalariesmartorell.org\/entre-tots\/wp-content\/uploads\/2022\/09\/dia_mundial_seguretat_pacient-300x225.png 300w, https:\/\/fundaciohospitalariesmartorell.org\/entre-tots\/wp-content\/uploads\/2022\/09\/dia_mundial_seguretat_pacient-1024x768.png 1024w, https:\/\/fundaciohospitalariesmartorell.org\/entre-tots\/wp-content\/uploads\/2022\/09\/dia_mundial_seguretat_pacient-768x576.png 768w\" sizes=\"auto, (max-width: 1080px) 100vw, 1080px\" \/><\/figure>\n\n\n<p>En el <strong>Dia Mundial de la Seguretat del Pacient<\/strong>, el passat <strong>17 de setembre<\/strong>, la Comissi\u00f3 sobre l\u2019\u00fas segur dels medicaments de l\u2019Hospital va voler recordar que les pr\u00e0ctiques de medicaci\u00f3 poc segures i els errors de medicaci\u00f3 s\u00f3n les principals causes de danys evitables en l\u2019atenci\u00f3 sanit\u00e0ria.<\/p>\n\n\n\n<p>Amb el lema \u201cMedicaci\u00f3 sense danys\u201d, escollit per la OMS, vam llen\u00e7ar un missatge clau: <strong>treballar amb seguretat \u00e9s cosa de tots i totes<\/strong>.<\/p>\n","protected":false},"excerpt":{"rendered":"<p>En el Dia Mundial de la Seguretat del Pacient, el passat 17 de setembre, la Comissi\u00f3 sobre l\u2019\u00fas segur dels medicaments de l\u2019Hospital va voler recordar que les pr\u00e0ctiques de medicaci\u00f3 poc segures i els errors de medicaci\u00f3 s\u00f3n les principals causes de danys evitables en l\u2019atenci\u00f3 sanit\u00e0ria. Amb el lema \u201cMedicaci\u00f3 sense danys\u201d, escollit [&hellip;]<\/p>\n","protected":false},"author":3,"featured_media":4524,"comment_status":"closed","ping_status":"closed","sticky":false,"template":"","format":"standard","meta":{"footnotes":""},"categories":[27],"tags":[],"class_list":["post-4523","post","type-post","status-publish","format-standard","has-post-thumbnail","hentry","category-actualitat"],"blocksy_meta":{"styles_descriptor":{"styles":{"desktop":"","tablet":"","mobile":""},"google_fonts":[],"version":6}},"featured_image_urls_v2":{"full":["https:\/\/fundaciohospitalariesmartorell.org\/entre-tots\/wp-content\/uploads\/2022\/09\/dia_mundial_seguretat_pacient.png",1080,810,false],"thumbnail":["https:\/\/fundaciohospitalariesmartorell.org\/entre-tots\/wp-content\/uploads\/2022\/09\/dia_mundial_seguretat_pacient-150x150.png",150,150,true],"medium":["https:\/\/fundaciohospitalariesmartorell.org\/entre-tots\/wp-content\/uploads\/2022\/09\/dia_mundial_seguretat_pacient-300x225.png",300,225,true],"medium_large":["https:\/\/fundaciohospitalariesmartorell.org\/entre-tots\/wp-content\/uploads\/2022\/09\/dia_mundial_seguretat_pacient-768x576.png",768,576,true],"large":["https:\/\/fundaciohospitalariesmartorell.org\/entre-tots\/wp-content\/uploads\/2022\/09\/dia_mundial_seguretat_pacient-1024x768.png",1024,768,true],"1536x1536":["https:\/\/fundaciohospitalariesmartorell.org\/entre-tots\/wp-content\/uploads\/2022\/09\/dia_mundial_seguretat_pacient.png",1080,810,false],"2048x2048":["https:\/\/fundaciohospitalariesmartorell.org\/entre-tots\/wp-content\/uploads\/2022\/09\/dia_mundial_seguretat_pacient.png",1080,810,false],"mailpoet_newsletter_max":["https:\/\/fundaciohospitalariesmartorell.org\/entre-tots\/wp-content\/uploads\/2022\/09\/dia_mundial_seguretat_pacient.png",1080,810,false]},"post_excerpt_stackable_v2":"<p>En el Dia Mundial de la Seguretat del Pacient, el passat 17 de setembre, la Comissi\u00f3 sobre l\u2019\u00fas segur dels medicaments de l\u2019Hospital va voler recordar que les pr\u00e0ctiques de medicaci\u00f3 poc segures i els errors de medicaci\u00f3 s\u00f3n les principals causes de danys evitables en l\u2019atenci\u00f3 sanit\u00e0ria. Amb el lema \u201cMedicaci\u00f3 sense danys\u201d, escollit per la OMS, vam llen\u00e7ar un missatge clau: treballar amb seguretat \u00e9s cosa de tots i totes.<\/p>\n","category_list_v2":"<a href=\"https:\/\/fundaciohospitalariesmartorell.org\/entre-tots\/category\/actualitat\/\" rel=\"category tag\">ACTUALITAT<\/a>","author_info_v2":{"name":"Anna Casanovas","url":"https:\/\/fundaciohospitalariesmartorell.org\/entre-tots\/author\/acasanovasr\/"},"comments_num_v2":"0 comments","_links":{"self":[{"href":"https:\/\/fundaciohospitalariesmartorell.org\/entre-tots\/wp-json\/wp\/v2\/posts\/4523","targetHints":{"allow":["GET"]}}],"collection":[{"href":"https:\/\/fundaciohospitalariesmartorell.org\/entre-tots\/wp-json\/wp\/v2\/posts"}],"about":[{"href":"https:\/\/fundaciohospitalariesmartorell.org\/entre-tots\/wp-json\/wp\/v2\/types\/post"}],"author":[{"embeddable":true,"href":"https:\/\/fundaciohospitalariesmartorell.org\/entre-tots\/wp-json\/wp\/v2\/users\/3"}],"replies":[{"embeddable":true,"href":"https:\/\/fundaciohospitalariesmartorell.org\/entre-tots\/wp-json\/wp\/v2\/comments?post=4523"}],"version-history":[{"count":2,"href":"https:\/\/fundaciohospitalariesmartorell.org\/entre-tots\/wp-json\/wp\/v2\/posts\/4523\/revisions"}],"predecessor-version":[{"id":4529,"href":"https:\/\/fundaciohospitalariesmartorell.org\/entre-tots\/wp-json\/wp\/v2\/posts\/4523\/revisions\/4529"}],"wp:featuredmedia":[{"embeddable":true,"href":"https:\/\/fundaciohospitalariesmartorell.org\/entre-tots\/wp-json\/wp\/v2\/media\/4524"}],"wp:attachment":[{"href":"https:\/\/fundaciohospitalariesmartorell.org\/entre-tots\/wp-json\/wp\/v2\/media?parent=4523"}],"wp:term":[{"taxonomy":"category","embeddable":true,"href":"https:\/\/fundaciohospitalariesmartorell.org\/entre-tots\/wp-json\/wp\/v2\/categories?post=4523"},{"taxonomy":"post_tag","embeddable":true,"href":"https:\/\/fundaciohospitalariesmartorell.org\/entre-tots\/wp-json\/wp\/v2\/tags?post=4523"}],"curies":[{"name":"wp","href":"https:\/\/api.w.org\/{rel}","templated":true}]}}