{"id":4537,"date":"2022-10-05T10:52:20","date_gmt":"2022-10-05T08:52:20","guid":{"rendered":"https:\/\/newweb.hospitalsagratcormartorell.org\/entre-tots\/?p=4537"},"modified":"2022-10-06T11:10:57","modified_gmt":"2022-10-06T09:10:57","slug":"edifici-assistencial-de-salut-mental-i-sociosanitari","status":"publish","type":"post","link":"https:\/\/fundaciohospitalariesmartorell.org\/entre-tots\/2022\/10\/edifici-assistencial-de-salut-mental-i-sociosanitari\/","title":{"rendered":"Anunci de l\u2019Hospital Sagrat Cor al programa de la Festa Major de Martorell"},"content":{"rendered":"<figure class=\"wp-block-post-featured-image\"><img loading=\"lazy\" decoding=\"async\" width=\"789\" height=\"793\" src=\"https:\/\/fundaciohospitalariesmartorell.org\/entre-tots\/wp-content\/uploads\/2022\/09\/Captura1.png\" class=\"attachment-post-thumbnail size-post-thumbnail wp-post-image\" alt=\"\" style=\"object-fit:cover;\" srcset=\"https:\/\/fundaciohospitalariesmartorell.org\/entre-tots\/wp-content\/uploads\/2022\/09\/Captura1.png 789w, https:\/\/fundaciohospitalariesmartorell.org\/entre-tots\/wp-content\/uploads\/2022\/09\/Captura1-298x300.png 298w, https:\/\/fundaciohospitalariesmartorell.org\/entre-tots\/wp-content\/uploads\/2022\/09\/Captura1-150x150.png 150w, https:\/\/fundaciohospitalariesmartorell.org\/entre-tots\/wp-content\/uploads\/2022\/09\/Captura1-768x772.png 768w\" sizes=\"auto, (max-width: 789px) 100vw, 789px\" \/><\/figure>\n\n\n<p>L&#8217;Hospital Sagrat Cor va anunciar al programa de la Festa Major, que va tenir lloc entre el 12 i el 16 d&#8217;agost, la propera inauguraci\u00f3 del nou edifici&nbsp;assistencial, el qual t\u00e9 l&#8217;objectiu&nbsp;d&#8217;adaptar-se a les necessitats del territori.&nbsp;<\/p>\n\n\n\n<p>El disseny i la orientaci\u00f3 d&#8217;aquestes noves instal\u00b7lacions, que tindran unes dimensions de 8.000 m2 distribu\u00efts en 4 plantes i compten amb 90 llits, estan pensats per millorar la qualitat de vida de les persones usu\u00e0ries. Aix\u00ed mateix, els espais comuns, amplis i lluminosos busquen influir positivament\u00a0en pacients i familiars.<\/p>\n\n\n\n<div data-wp-interactive=\"core\/file\" class=\"wp-block-file\"><object data-wp-bind--hidden=\"!state.hasPdfPreview\" hidden class=\"wp-block-file__embed\" data=\"https:\/\/hospitalsagratcormartorell.org\/entre-tots\/wp-content\/uploads\/2022\/10\/202208_Festa_Major_Martorell_Anunci_inauguracio_nou_edifici_assistencial.pdf\" type=\"application\/pdf\" style=\"width:100%;height:600px\" aria-label=\"Incrustaci\u00f3 del fitxer Incrustaci\u00f3 del fitxer Festa_Major_Martorell_Anunci_inauguracio_nou_edifici_assistencial..\"><\/object><a id=\"wp-block-file--media-15dbe1fe-13d1-4c73-b6d7-03e4d8c5b847\" href=\"https:\/\/hospitalsagratcormartorell.org\/entre-tots\/wp-content\/uploads\/2022\/10\/202208_Festa_Major_Martorell_Anunci_inauguracio_nou_edifici_assistencial.pdf\">Festa_Major_Martorell_Anunci_inauguracio_nou_edifici_assistencial<\/a><a href=\"https:\/\/hospitalsagratcormartorell.org\/entre-tots\/wp-content\/uploads\/2022\/10\/202208_Festa_Major_Martorell_Anunci_inauguracio_nou_edifici_assistencial.pdf\" class=\"wp-block-file__button\" download aria-describedby=\"wp-block-file--media-15dbe1fe-13d1-4c73-b6d7-03e4d8c5b847\">Baixa<\/a><\/div>\n\n\n\n<p><\/p>\n","protected":false},"excerpt":{"rendered":"<p>L&#8217;Hospital Sagrat Cor va anunciar al programa de la Festa Major, que va tenir lloc entre el 12 i el 16 d&#8217;agost, la propera inauguraci\u00f3 del nou edifici&nbsp;assistencial, el qual t\u00e9 l&#8217;objectiu&nbsp;d&#8217;adaptar-se a les necessitats del territori.&nbsp; El disseny i la orientaci\u00f3 d&#8217;aquestes noves instal\u00b7lacions, que tindran unes dimensions de 8.000 m2 distribu\u00efts en 4 [&hellip;]<\/p>\n","protected":false},"author":3,"featured_media":4619,"comment_status":"closed","ping_status":"closed","sticky":false,"template":"","format":"standard","meta":{"footnotes":""},"categories":[27],"tags":[],"class_list":["post-4537","post","type-post","status-publish","format-standard","has-post-thumbnail","hentry","category-actualitat"],"blocksy_meta":{"styles_descriptor":{"styles":{"desktop":"","tablet":"","mobile":""},"google_fonts":[],"version":6}},"featured_image_urls_v2":{"full":["https:\/\/fundaciohospitalariesmartorell.org\/entre-tots\/wp-content\/uploads\/2022\/09\/Captura1.png",789,793,false],"thumbnail":["https:\/\/fundaciohospitalariesmartorell.org\/entre-tots\/wp-content\/uploads\/2022\/09\/Captura1-150x150.png",150,150,true],"medium":["https:\/\/fundaciohospitalariesmartorell.org\/entre-tots\/wp-content\/uploads\/2022\/09\/Captura1-298x300.png",298,300,true],"medium_large":["https:\/\/fundaciohospitalariesmartorell.org\/entre-tots\/wp-content\/uploads\/2022\/09\/Captura1-768x772.png",768,772,true],"large":["https:\/\/fundaciohospitalariesmartorell.org\/entre-tots\/wp-content\/uploads\/2022\/09\/Captura1.png",789,793,false],"1536x1536":["https:\/\/fundaciohospitalariesmartorell.org\/entre-tots\/wp-content\/uploads\/2022\/09\/Captura1.png",789,793,false],"2048x2048":["https:\/\/fundaciohospitalariesmartorell.org\/entre-tots\/wp-content\/uploads\/2022\/09\/Captura1.png",789,793,false],"mailpoet_newsletter_max":["https:\/\/fundaciohospitalariesmartorell.org\/entre-tots\/wp-content\/uploads\/2022\/09\/Captura1.png",789,793,false]},"post_excerpt_stackable_v2":"<p>L&#8217;Hospital Sagrat Cor va anunciar al programa de la Festa Major, que va tenir lloc entre el 12 i el 16 d&#8217;agost, la propera inauguraci\u00f3 del nou edifici&nbsp;assistencial, el qual t\u00e9 l&#8217;objectiu&nbsp;d&#8217;adaptar-se a les necessitats del territori.&nbsp; El disseny i la orientaci\u00f3 d&#8217;aquestes noves instal\u00b7lacions, que tindran unes dimensions de 8.000 m2 distribu\u00efts en 4 plantes i compten amb 90 llits, estan pensats per millorar la qualitat de vida de les persones usu\u00e0ries. Aix\u00ed mateix, els espais comuns, amplis i lluminosos busquen influir positivament\u00a0en pacients i familiars. Festa_Major_Martorell_Anunci_inauguracio_nou_edifici_assistencialBaixa<\/p>\n","category_list_v2":"<a href=\"https:\/\/fundaciohospitalariesmartorell.org\/entre-tots\/category\/actualitat\/\" rel=\"category tag\">ACTUALITAT<\/a>","author_info_v2":{"name":"Anna Casanovas","url":"https:\/\/fundaciohospitalariesmartorell.org\/entre-tots\/author\/acasanovasr\/"},"comments_num_v2":"0 comments","_links":{"self":[{"href":"https:\/\/fundaciohospitalariesmartorell.org\/entre-tots\/wp-json\/wp\/v2\/posts\/4537","targetHints":{"allow":["GET"]}}],"collection":[{"href":"https:\/\/fundaciohospitalariesmartorell.org\/entre-tots\/wp-json\/wp\/v2\/posts"}],"about":[{"href":"https:\/\/fundaciohospitalariesmartorell.org\/entre-tots\/wp-json\/wp\/v2\/types\/post"}],"author":[{"embeddable":true,"href":"https:\/\/fundaciohospitalariesmartorell.org\/entre-tots\/wp-json\/wp\/v2\/users\/3"}],"replies":[{"embeddable":true,"href":"https:\/\/fundaciohospitalariesmartorell.org\/entre-tots\/wp-json\/wp\/v2\/comments?post=4537"}],"version-history":[{"count":7,"href":"https:\/\/fundaciohospitalariesmartorell.org\/entre-tots\/wp-json\/wp\/v2\/posts\/4537\/revisions"}],"predecessor-version":[{"id":4662,"href":"https:\/\/fundaciohospitalariesmartorell.org\/entre-tots\/wp-json\/wp\/v2\/posts\/4537\/revisions\/4662"}],"wp:featuredmedia":[{"embeddable":true,"href":"https:\/\/fundaciohospitalariesmartorell.org\/entre-tots\/wp-json\/wp\/v2\/media\/4619"}],"wp:attachment":[{"href":"https:\/\/fundaciohospitalariesmartorell.org\/entre-tots\/wp-json\/wp\/v2\/media?parent=4537"}],"wp:term":[{"taxonomy":"category","embeddable":true,"href":"https:\/\/fundaciohospitalariesmartorell.org\/entre-tots\/wp-json\/wp\/v2\/categories?post=4537"},{"taxonomy":"post_tag","embeddable":true,"href":"https:\/\/fundaciohospitalariesmartorell.org\/entre-tots\/wp-json\/wp\/v2\/tags?post=4537"}],"curies":[{"name":"wp","href":"https:\/\/api.w.org\/{rel}","templated":true}]}}