{"id":4559,"date":"2022-10-03T11:51:57","date_gmt":"2022-10-03T09:51:57","guid":{"rendered":"https:\/\/newweb.hospitalsagratcormartorell.org\/entre-tots\/?p=4559"},"modified":"2022-10-06T15:42:30","modified_gmt":"2022-10-06T13:42:30","slug":"passeig-diari-de-les-persones-usuaries-de-lhospital-de-dia-de-sant-feliu-per-la-finca-de-pins-dor","status":"publish","type":"post","link":"https:\/\/fundaciohospitalariesmartorell.org\/entre-tots\/2022\/10\/passeig-diari-de-les-persones-usuaries-de-lhospital-de-dia-de-sant-feliu-per-la-finca-de-pins-dor\/","title":{"rendered":"Passeig diari de les persones usu\u00e0ries de l\u2019Hospital de Dia de Sant Feliu per la finca de Pins d\u2019Or"},"content":{"rendered":"<figure class=\"wp-block-post-featured-image\"><img loading=\"lazy\" decoding=\"async\" width=\"1233\" height=\"866\" src=\"https:\/\/fundaciohospitalariesmartorell.org\/entre-tots\/wp-content\/uploads\/2022\/10\/IMG-20220927-WA0034.jpg\" class=\"attachment-post-thumbnail size-post-thumbnail wp-post-image\" alt=\"\" style=\"object-fit:cover;\" srcset=\"https:\/\/fundaciohospitalariesmartorell.org\/entre-tots\/wp-content\/uploads\/2022\/10\/IMG-20220927-WA0034.jpg 1233w, https:\/\/fundaciohospitalariesmartorell.org\/entre-tots\/wp-content\/uploads\/2022\/10\/IMG-20220927-WA0034-300x211.jpg 300w, https:\/\/fundaciohospitalariesmartorell.org\/entre-tots\/wp-content\/uploads\/2022\/10\/IMG-20220927-WA0034-1024x719.jpg 1024w, https:\/\/fundaciohospitalariesmartorell.org\/entre-tots\/wp-content\/uploads\/2022\/10\/IMG-20220927-WA0034-768x539.jpg 768w\" sizes=\"auto, (max-width: 1233px) 100vw, 1233px\" \/><\/figure>\n\n\n<p>Des de que es va posar en funcionament l\u2019Hospital de Dia de Sant Feliu de Llobregat de l\u2019Hospital Sagrat Cor, l\u2019any 1994, que es du a terme <strong>una activitat que \u00e9s molt ben rebuda per les persones usu\u00e0ries<\/strong>.<\/p>\n\n\n\n<p>Es tracta d\u2019un <strong>passeig per la finca de Pins d\u2019Or<\/strong>, d\u2019una durada aproximada d\u2019uns 45 minuts, per\u00f2 que cadasc\u00fa pot fer al seu ritme. Els usuaris i usu\u00e0ries amb mobilitat redu\u00efda tamb\u00e9 poden realitzar aquesta activitat, per\u00f2 amb un circu\u00eft m\u00e9s curt que es troba davant de l\u2019Hospital de Dia.<\/p>\n\n\n\n<p>Aquest passeig t\u00e9 uns <strong>efectes molt positius en la tipologia de pacient<\/strong> del recurs assistencial del nostre Hospital, la majoria persones amb dem\u00e8ncia, per\u00f2 tamb\u00e9 pacients geri\u00e0trics que requereixen rehabilitaci\u00f3 funcional i pacients geri\u00e0trics amb un trastorn mental els quals necessiten suport funcional en un moment puntual de la seva malaltia.<\/p>\n\n\n\n<p>A l\u2019Hospital de Dia es du a terme un programa com\u00fa per a aquests tres tipus de pacient, el qual compr\u00e8n una part d\u2019estimulaci\u00f3 cognitiva i una part f\u00edsica (psicomotricitat).<\/p>\n\n\n\n<figure class=\"wp-block-image size-large is-resized\"><img loading=\"lazy\" decoding=\"async\" src=\"https:\/\/hospitalsagratcormartorell.org\/entre-tots\/wp-content\/uploads\/2022\/10\/IMG-20220927-WA0031-1024x769.jpg\" alt=\"IMG-20220927-WA0031\" class=\"wp-image-4561\" width=\"750\" height=\"563\" srcset=\"https:\/\/fundaciohospitalariesmartorell.org\/entre-tots\/wp-content\/uploads\/2022\/10\/IMG-20220927-WA0031-1024x769.jpg 1024w, https:\/\/fundaciohospitalariesmartorell.org\/entre-tots\/wp-content\/uploads\/2022\/10\/IMG-20220927-WA0031-300x225.jpg 300w, https:\/\/fundaciohospitalariesmartorell.org\/entre-tots\/wp-content\/uploads\/2022\/10\/IMG-20220927-WA0031-768x576.jpg 768w, https:\/\/fundaciohospitalariesmartorell.org\/entre-tots\/wp-content\/uploads\/2022\/10\/IMG-20220927-WA0031-1536x1153.jpg 1536w, https:\/\/fundaciohospitalariesmartorell.org\/entre-tots\/wp-content\/uploads\/2022\/10\/IMG-20220927-WA0031-1320x991.jpg 1320w, https:\/\/fundaciohospitalariesmartorell.org\/entre-tots\/wp-content\/uploads\/2022\/10\/IMG-20220927-WA0031.jpg 1600w\" sizes=\"auto, (max-width: 750px) 100vw, 750px\" \/><\/figure>\n\n\n\n<p>El passeig diari que realitzen les persones usu\u00e0ries d\u2019aquest dispositiu comunitari els aporta <strong>beneficis tant a nivell social, augmentant les seves capacitats, com de funcionalitat<\/strong>.<\/p>\n\n\n\n<p>Aix\u00ed mateix, els proporciona benestar emocional, ja que, mentre passegen, gaudeixen de la natura, de la diversitat d\u2019arbres (fruiters, oliveres&#8230;), de plantes arom\u00e0tiques, flors&#8230;<\/p>\n\n\n\n<p><strong>\u201cMolts pacients, quan s\u00f3n a casa, no surten a caminar, aix\u00ed que quan venen aqu\u00ed valoren molt que se\u2019ls ofereixi aquesta possibilitat\u201d<\/strong>, explica Mireia Gonz\u00e1lez, treballadora social de l\u2019Hospital de Dia. <strong>\u201cHem comprovat que \u00e9s una activitat que els ajuda a tots els nivells: f\u00edsic, social i psicol\u00f2gic. Per aix\u00f2 s\u2019intenta que, si el temps acompanya, puguin realitzar-la, tamb\u00e9, durant la tarda\u201d<\/strong>.<\/p>\n\n\n\n<p>La treballadora social assegura que es tracta de l\u2019activitat m\u00e9s espont\u00e0nia de qu\u00e8 disposen a l\u2019Hospital de Dia, la menys dirigida pels\/per les professionals, ja que, una vegada surten a passejar, es relacionen amb qui volen al llarg del cam\u00ed.<\/p>\n\n\n\n<figure class=\"wp-block-embed is-type-video is-provider-youtube wp-block-embed-youtube wp-embed-aspect-16-9 wp-has-aspect-ratio\"><div class=\"wp-block-embed__wrapper\">\n<iframe loading=\"lazy\" title=\"Passeig diari per Pins d&#039;Or a l&#039;Hospital de Dia de Sant Feliu de Llobregat\" width=\"1290\" height=\"726\" src=\"https:\/\/www.youtube.com\/embed\/g_AHhPdKw6k?feature=oembed\" frameborder=\"0\" allow=\"accelerometer; autoplay; clipboard-write; encrypted-media; gyroscope; picture-in-picture\" allowfullscreen><\/iframe>\n<\/div><\/figure>\n","protected":false},"excerpt":{"rendered":"<p>Des de que es va posar en funcionament l\u2019Hospital de Dia de Sant Feliu de Llobregat de l\u2019Hospital Sagrat Cor, l\u2019any 1994, que es du a terme una activitat que \u00e9s molt ben rebuda per les persones usu\u00e0ries. Es tracta d\u2019un passeig per la finca de Pins d\u2019Or, d\u2019una durada aproximada d\u2019uns 45 minuts, per\u00f2 [&hellip;]<\/p>\n","protected":false},"author":3,"featured_media":4560,"comment_status":"closed","ping_status":"closed","sticky":false,"template":"","format":"standard","meta":{"footnotes":""},"categories":[28],"tags":[],"class_list":["post-4559","post","type-post","status-publish","format-standard","has-post-thumbnail","hentry","category-tot-aixo-es-nostre"],"blocksy_meta":{"styles_descriptor":{"styles":{"desktop":"","tablet":"","mobile":""},"google_fonts":[],"version":6}},"featured_image_urls_v2":{"full":["https:\/\/fundaciohospitalariesmartorell.org\/entre-tots\/wp-content\/uploads\/2022\/10\/IMG-20220927-WA0034.jpg",1233,866,false],"thumbnail":["https:\/\/fundaciohospitalariesmartorell.org\/entre-tots\/wp-content\/uploads\/2022\/10\/IMG-20220927-WA0034-150x150.jpg",150,150,true],"medium":["https:\/\/fundaciohospitalariesmartorell.org\/entre-tots\/wp-content\/uploads\/2022\/10\/IMG-20220927-WA0034-300x211.jpg",300,211,true],"medium_large":["https:\/\/fundaciohospitalariesmartorell.org\/entre-tots\/wp-content\/uploads\/2022\/10\/IMG-20220927-WA0034-768x539.jpg",768,539,true],"large":["https:\/\/fundaciohospitalariesmartorell.org\/entre-tots\/wp-content\/uploads\/2022\/10\/IMG-20220927-WA0034-1024x719.jpg",1024,719,true],"1536x1536":["https:\/\/fundaciohospitalariesmartorell.org\/entre-tots\/wp-content\/uploads\/2022\/10\/IMG-20220927-WA0034.jpg",1233,866,false],"2048x2048":["https:\/\/fundaciohospitalariesmartorell.org\/entre-tots\/wp-content\/uploads\/2022\/10\/IMG-20220927-WA0034.jpg",1233,866,false],"mailpoet_newsletter_max":["https:\/\/fundaciohospitalariesmartorell.org\/entre-tots\/wp-content\/uploads\/2022\/10\/IMG-20220927-WA0034.jpg",1233,866,false]},"post_excerpt_stackable_v2":"<p>Des de que es va posar en funcionament l\u2019Hospital de Dia de Sant Feliu de Llobregat de l\u2019Hospital Sagrat Cor, l\u2019any 1994, que es du a terme una activitat que \u00e9s molt ben rebuda per les persones usu\u00e0ries. Es tracta d\u2019un passeig per la finca de Pins d\u2019Or, d\u2019una durada aproximada d\u2019uns 45 minuts, per\u00f2 que cadasc\u00fa pot fer al seu ritme. Els usuaris i usu\u00e0ries amb mobilitat redu\u00efda tamb\u00e9 poden realitzar aquesta activitat, per\u00f2 amb un circu\u00eft m\u00e9s curt que es troba davant de l\u2019Hospital de Dia. Aquest passeig t\u00e9 uns efectes molt positius en la tipologia de pacient&hellip;<\/p>\n","category_list_v2":"<a href=\"https:\/\/fundaciohospitalariesmartorell.org\/entre-tots\/category\/tot-aixo-es-nostre\/\" rel=\"category tag\">TOT AIX\u00d2 \u00c9S NOSTRE<\/a>","author_info_v2":{"name":"Anna Casanovas","url":"https:\/\/fundaciohospitalariesmartorell.org\/entre-tots\/author\/acasanovasr\/"},"comments_num_v2":"0 comments","_links":{"self":[{"href":"https:\/\/fundaciohospitalariesmartorell.org\/entre-tots\/wp-json\/wp\/v2\/posts\/4559","targetHints":{"allow":["GET"]}}],"collection":[{"href":"https:\/\/fundaciohospitalariesmartorell.org\/entre-tots\/wp-json\/wp\/v2\/posts"}],"about":[{"href":"https:\/\/fundaciohospitalariesmartorell.org\/entre-tots\/wp-json\/wp\/v2\/types\/post"}],"author":[{"embeddable":true,"href":"https:\/\/fundaciohospitalariesmartorell.org\/entre-tots\/wp-json\/wp\/v2\/users\/3"}],"replies":[{"embeddable":true,"href":"https:\/\/fundaciohospitalariesmartorell.org\/entre-tots\/wp-json\/wp\/v2\/comments?post=4559"}],"version-history":[{"count":5,"href":"https:\/\/fundaciohospitalariesmartorell.org\/entre-tots\/wp-json\/wp\/v2\/posts\/4559\/revisions"}],"predecessor-version":[{"id":4694,"href":"https:\/\/fundaciohospitalariesmartorell.org\/entre-tots\/wp-json\/wp\/v2\/posts\/4559\/revisions\/4694"}],"wp:featuredmedia":[{"embeddable":true,"href":"https:\/\/fundaciohospitalariesmartorell.org\/entre-tots\/wp-json\/wp\/v2\/media\/4560"}],"wp:attachment":[{"href":"https:\/\/fundaciohospitalariesmartorell.org\/entre-tots\/wp-json\/wp\/v2\/media?parent=4559"}],"wp:term":[{"taxonomy":"category","embeddable":true,"href":"https:\/\/fundaciohospitalariesmartorell.org\/entre-tots\/wp-json\/wp\/v2\/categories?post=4559"},{"taxonomy":"post_tag","embeddable":true,"href":"https:\/\/fundaciohospitalariesmartorell.org\/entre-tots\/wp-json\/wp\/v2\/tags?post=4559"}],"curies":[{"name":"wp","href":"https:\/\/api.w.org\/{rel}","templated":true}]}}