{"id":4574,"date":"2022-10-05T10:54:39","date_gmt":"2022-10-05T08:54:39","guid":{"rendered":"https:\/\/newweb.hospitalsagratcormartorell.org\/entre-tots\/?p=4574"},"modified":"2022-10-06T11:10:11","modified_gmt":"2022-10-06T09:10:11","slug":"xerrada-sobre-lansietat-generalitzada-per-part-del-doctor-narcis-cardoner%ef%bf%bc","status":"publish","type":"post","link":"https:\/\/fundaciohospitalariesmartorell.org\/entre-tots\/2022\/10\/xerrada-sobre-lansietat-generalitzada-per-part-del-doctor-narcis-cardoner%ef%bf%bc\/","title":{"rendered":"Xerrada sobre l\u2019ansietat generalitzada per part del doctor Narc\u00eds Cardoner"},"content":{"rendered":"<figure class=\"wp-block-post-featured-image\"><img loading=\"lazy\" decoding=\"async\" width=\"520\" height=\"349\" src=\"https:\/\/fundaciohospitalariesmartorell.org\/entre-tots\/wp-content\/uploads\/2022\/10\/Captura-de-pantalla-2022-10-03-133016.jpg\" class=\"attachment-post-thumbnail size-post-thumbnail wp-post-image\" alt=\"\" style=\"object-fit:cover;\" srcset=\"https:\/\/fundaciohospitalariesmartorell.org\/entre-tots\/wp-content\/uploads\/2022\/10\/Captura-de-pantalla-2022-10-03-133016.jpg 520w, https:\/\/fundaciohospitalariesmartorell.org\/entre-tots\/wp-content\/uploads\/2022\/10\/Captura-de-pantalla-2022-10-03-133016-300x201.jpg 300w\" sizes=\"auto, (max-width: 520px) 100vw, 520px\" \/><\/figure>\n\n\n<p>MANEL S\u00c1NCHEZ. El doctor <strong>Narc\u00eds Cardoner<\/strong>, cap de Psiquiatria de l\u2019Hospital de la Santa Creu i Sant Pau, va realitzar el passat 22 de setembre una xerrada sobre el <strong>trastorn per ansietat generalitzada<\/strong>.<\/p>\n\n\n\n<p>Va parlar de l\u2019alta prevalen\u00e7a dels problemes d\u2019ansietat en la poblaci\u00f3 generalitzada i del seu increment en col\u00b7lectiu de pacients amb problemes de tipus com\u00f2rbid o som\u00e0tic. Aix\u00ed mateix, va comentar les estrat\u00e8gies de tractament actualitzades i va fer refer\u00e8ncia a les alternatives a les benzodiazepines, ansiol\u00edtics cl\u00e0ssics amb un alt nivell d\u2019addicci\u00f3, fent \u00e8mfasi en la pregabalina.<\/p>\n","protected":false},"excerpt":{"rendered":"<p>MANEL S\u00c1NCHEZ. El doctor Narc\u00eds Cardoner, cap de Psiquiatria de l\u2019Hospital de la Santa Creu i Sant Pau, va realitzar el passat 22 de setembre una xerrada sobre el trastorn per ansietat generalitzada. Va parlar de l\u2019alta prevalen\u00e7a dels problemes d\u2019ansietat en la poblaci\u00f3 generalitzada i del seu increment en col\u00b7lectiu de pacients amb problemes [&hellip;]<\/p>\n","protected":false},"author":3,"featured_media":4575,"comment_status":"closed","ping_status":"closed","sticky":false,"template":"","format":"standard","meta":{"footnotes":""},"categories":[27],"tags":[],"class_list":["post-4574","post","type-post","status-publish","format-standard","has-post-thumbnail","hentry","category-actualitat"],"blocksy_meta":{"styles_descriptor":{"styles":{"desktop":"","tablet":"","mobile":""},"google_fonts":[],"version":6}},"featured_image_urls_v2":{"full":["https:\/\/fundaciohospitalariesmartorell.org\/entre-tots\/wp-content\/uploads\/2022\/10\/Captura-de-pantalla-2022-10-03-133016.jpg",520,349,false],"thumbnail":["https:\/\/fundaciohospitalariesmartorell.org\/entre-tots\/wp-content\/uploads\/2022\/10\/Captura-de-pantalla-2022-10-03-133016-150x150.jpg",150,150,true],"medium":["https:\/\/fundaciohospitalariesmartorell.org\/entre-tots\/wp-content\/uploads\/2022\/10\/Captura-de-pantalla-2022-10-03-133016-300x201.jpg",300,201,true],"medium_large":["https:\/\/fundaciohospitalariesmartorell.org\/entre-tots\/wp-content\/uploads\/2022\/10\/Captura-de-pantalla-2022-10-03-133016.jpg",520,349,false],"large":["https:\/\/fundaciohospitalariesmartorell.org\/entre-tots\/wp-content\/uploads\/2022\/10\/Captura-de-pantalla-2022-10-03-133016.jpg",520,349,false],"1536x1536":["https:\/\/fundaciohospitalariesmartorell.org\/entre-tots\/wp-content\/uploads\/2022\/10\/Captura-de-pantalla-2022-10-03-133016.jpg",520,349,false],"2048x2048":["https:\/\/fundaciohospitalariesmartorell.org\/entre-tots\/wp-content\/uploads\/2022\/10\/Captura-de-pantalla-2022-10-03-133016.jpg",520,349,false],"mailpoet_newsletter_max":["https:\/\/fundaciohospitalariesmartorell.org\/entre-tots\/wp-content\/uploads\/2022\/10\/Captura-de-pantalla-2022-10-03-133016.jpg",520,349,false]},"post_excerpt_stackable_v2":"<p>MANEL S\u00c1NCHEZ. El doctor Narc\u00eds Cardoner, cap de Psiquiatria de l\u2019Hospital de la Santa Creu i Sant Pau, va realitzar el passat 22 de setembre una xerrada sobre el trastorn per ansietat generalitzada. Va parlar de l\u2019alta prevalen\u00e7a dels problemes d\u2019ansietat en la poblaci\u00f3 generalitzada i del seu increment en col\u00b7lectiu de pacients amb problemes de tipus com\u00f2rbid o som\u00e0tic. Aix\u00ed mateix, va comentar les estrat\u00e8gies de tractament actualitzades i va fer refer\u00e8ncia a les alternatives a les benzodiazepines, ansiol\u00edtics cl\u00e0ssics amb un alt nivell d\u2019addicci\u00f3, fent \u00e8mfasi en la pregabalina.<\/p>\n","category_list_v2":"<a href=\"https:\/\/fundaciohospitalariesmartorell.org\/entre-tots\/category\/actualitat\/\" rel=\"category tag\">ACTUALITAT<\/a>","author_info_v2":{"name":"Anna Casanovas","url":"https:\/\/fundaciohospitalariesmartorell.org\/entre-tots\/author\/acasanovasr\/"},"comments_num_v2":"0 comments","_links":{"self":[{"href":"https:\/\/fundaciohospitalariesmartorell.org\/entre-tots\/wp-json\/wp\/v2\/posts\/4574","targetHints":{"allow":["GET"]}}],"collection":[{"href":"https:\/\/fundaciohospitalariesmartorell.org\/entre-tots\/wp-json\/wp\/v2\/posts"}],"about":[{"href":"https:\/\/fundaciohospitalariesmartorell.org\/entre-tots\/wp-json\/wp\/v2\/types\/post"}],"author":[{"embeddable":true,"href":"https:\/\/fundaciohospitalariesmartorell.org\/entre-tots\/wp-json\/wp\/v2\/users\/3"}],"replies":[{"embeddable":true,"href":"https:\/\/fundaciohospitalariesmartorell.org\/entre-tots\/wp-json\/wp\/v2\/comments?post=4574"}],"version-history":[{"count":5,"href":"https:\/\/fundaciohospitalariesmartorell.org\/entre-tots\/wp-json\/wp\/v2\/posts\/4574\/revisions"}],"predecessor-version":[{"id":4672,"href":"https:\/\/fundaciohospitalariesmartorell.org\/entre-tots\/wp-json\/wp\/v2\/posts\/4574\/revisions\/4672"}],"wp:featuredmedia":[{"embeddable":true,"href":"https:\/\/fundaciohospitalariesmartorell.org\/entre-tots\/wp-json\/wp\/v2\/media\/4575"}],"wp:attachment":[{"href":"https:\/\/fundaciohospitalariesmartorell.org\/entre-tots\/wp-json\/wp\/v2\/media?parent=4574"}],"wp:term":[{"taxonomy":"category","embeddable":true,"href":"https:\/\/fundaciohospitalariesmartorell.org\/entre-tots\/wp-json\/wp\/v2\/categories?post=4574"},{"taxonomy":"post_tag","embeddable":true,"href":"https:\/\/fundaciohospitalariesmartorell.org\/entre-tots\/wp-json\/wp\/v2\/tags?post=4574"}],"curies":[{"name":"wp","href":"https:\/\/api.w.org\/{rel}","templated":true}]}}