{"id":4625,"date":"2022-10-05T10:58:14","date_gmt":"2022-10-05T08:58:14","guid":{"rendered":"https:\/\/newweb.hospitalsagratcormartorell.org\/entre-tots\/?p=4625"},"modified":"2022-10-06T11:07:29","modified_gmt":"2022-10-06T09:07:29","slug":"50-aniversari-de-la-consagracio-religiosa-de-sor-isabel-blazquez","status":"publish","type":"post","link":"https:\/\/fundaciohospitalariesmartorell.org\/entre-tots\/2022\/10\/50-aniversari-de-la-consagracio-religiosa-de-sor-isabel-blazquez\/","title":{"rendered":"50 aniversari de la consagraci\u00f3 religiosa de Sor Isabel Bl\u00e1zquez"},"content":{"rendered":"<figure class=\"wp-block-post-featured-image\"><img loading=\"lazy\" decoding=\"async\" width=\"1600\" height=\"1200\" src=\"https:\/\/fundaciohospitalariesmartorell.org\/entre-tots\/wp-content\/uploads\/2022\/10\/WhatsApp-Image-2022-09-29-at-14.03.38.jpeg\" class=\"attachment-post-thumbnail size-post-thumbnail wp-post-image\" alt=\"\" style=\"object-fit:cover;\" srcset=\"https:\/\/fundaciohospitalariesmartorell.org\/entre-tots\/wp-content\/uploads\/2022\/10\/WhatsApp-Image-2022-09-29-at-14.03.38.jpeg 1600w, https:\/\/fundaciohospitalariesmartorell.org\/entre-tots\/wp-content\/uploads\/2022\/10\/WhatsApp-Image-2022-09-29-at-14.03.38-300x225.jpeg 300w, https:\/\/fundaciohospitalariesmartorell.org\/entre-tots\/wp-content\/uploads\/2022\/10\/WhatsApp-Image-2022-09-29-at-14.03.38-1024x768.jpeg 1024w, https:\/\/fundaciohospitalariesmartorell.org\/entre-tots\/wp-content\/uploads\/2022\/10\/WhatsApp-Image-2022-09-29-at-14.03.38-768x576.jpeg 768w, https:\/\/fundaciohospitalariesmartorell.org\/entre-tots\/wp-content\/uploads\/2022\/10\/WhatsApp-Image-2022-09-29-at-14.03.38-1536x1152.jpeg 1536w, https:\/\/fundaciohospitalariesmartorell.org\/entre-tots\/wp-content\/uploads\/2022\/10\/WhatsApp-Image-2022-09-29-at-14.03.38-1320x990.jpeg 1320w\" sizes=\"auto, (max-width: 1600px) 100vw, 1600px\" \/><\/figure>\n\n\n<p>Fa 50 anys, un dia com avui, la Superiora de l&#8217;Hospital Sagrat Cor, Sor Isabel Bl\u00e1zquez Garc\u00eda, a la Casa&nbsp;Mare&nbsp;de Ciempozuelos, va expressar lliurement el seu desig de viure una alian\u00e7a d&#8217;amor amb el Senyor i, despr\u00e9s de cinc anys de formaci\u00f3 religiosa i activitat en la Missi\u00f3 Hospital\u00e0ria, va fer els seus vots perpetus.&nbsp;<\/p>\n\n\n\n<p>El&nbsp;1977 va ser destinada al Centre Sociosanitari Nuestra Se\u00f1ora del Carmen, a Val\u00e8ncia, on va&nbsp;exercir&nbsp;d&#8217;infermera. El seu nou dest\u00ed,&nbsp;l&#8217;any&nbsp;1979, va ser Vi\u00f1a del Mar (Xile), on va estar treballant, colze a colze, amb els&nbsp;Germans de Sant Joan de D\u00e9u, a l&#8217;Hospital Sanatorio Mar\u00edtimo SJD.&nbsp;Despr\u00e9s de tornar a Espanya, va comen\u00e7ar a treballar a l&#8217;Hospital Sant Rafael de Barcelona, on va seguir fent d&#8217;infermera fins que,&nbsp;el&nbsp;1987, va ser nomenada directora d&#8217;Infermeria del Centre, c\u00e0rrec que va exercir fins al mes de juny de 1988, quan va ser nomenada Superiora del mateix Hospital (es repeteix nomenada, al castell\u00e0 crec que ho vaig canviar).&nbsp;<\/p>\n\n\n\n<p>De 1991 a 1997 va&nbsp;esdevenir&nbsp;Superiora del nostre Hospital i aqu\u00ed va celebrar el 25 aniversari de vida consagrada,&nbsp;el mes d&#8217;octubre de 1997. La seg\u00fcent etapa de la seva vida va tenir lloc&nbsp;al&nbsp;Govern Provincial d&#8217;Espanya, on va estar quinze anys, els sis \u00faltims,&nbsp;com a Superiora Provincial.&nbsp;Va estar a altres comunitats religioses i,&nbsp;el&nbsp;gener de 2022, va tornar a l&#8217;Hospital Sagrat Cor com a Superiora.<\/p>\n\n\n\n<p>Avui celebrem el 50 aniversari de la seva consagraci\u00f3 religiosa.\u00a0 Amb motiu de les noces d&#8217;or de\u00a0vida religiosa de la nostra Superiora, l&#8217;1 d&#8217;octubre va tenir lloc una Eucaristia\u00a0d&#8217;Acci\u00f3 de Gr\u00e0cies, a les 11.30 h\u00a0a\u00a0la capella del Centre, a la qual van estar convidades totes les persones que formen part de la comunitat hospital\u00e0ria de l&#8217;Hospital Sagrat Cor.<\/p>\n\n\n\n<figure class=\"wp-block-image size-large\"><img loading=\"lazy\" decoding=\"async\" width=\"768\" height=\"1024\" src=\"https:\/\/hospitalsagratcormartorell.org\/entre-tots\/wp-content\/uploads\/2022\/10\/IMG-20221004-WA0068-768x1024.jpg\" alt=\"\" class=\"wp-image-4628\" srcset=\"https:\/\/fundaciohospitalariesmartorell.org\/entre-tots\/wp-content\/uploads\/2022\/10\/IMG-20221004-WA0068-768x1024.jpg 768w, https:\/\/fundaciohospitalariesmartorell.org\/entre-tots\/wp-content\/uploads\/2022\/10\/IMG-20221004-WA0068-225x300.jpg 225w, https:\/\/fundaciohospitalariesmartorell.org\/entre-tots\/wp-content\/uploads\/2022\/10\/IMG-20221004-WA0068-1152x1536.jpg 1152w, https:\/\/fundaciohospitalariesmartorell.org\/entre-tots\/wp-content\/uploads\/2022\/10\/IMG-20221004-WA0068.jpg 1200w\" sizes=\"auto, (max-width: 768px) 100vw, 768px\" \/><\/figure>\n","protected":false},"excerpt":{"rendered":"<p>Fa 50 anys, un dia com avui, la Superiora de l&#8217;Hospital Sagrat Cor, Sor Isabel Bl\u00e1zquez Garc\u00eda, a la Casa&nbsp;Mare&nbsp;de Ciempozuelos, va expressar lliurement el seu desig de viure una alian\u00e7a d&#8217;amor amb el Senyor i, despr\u00e9s de cinc anys de formaci\u00f3 religiosa i activitat en la Missi\u00f3 Hospital\u00e0ria, va fer els seus vots perpetus.&nbsp; [&hellip;]<\/p>\n","protected":false},"author":3,"featured_media":4589,"comment_status":"closed","ping_status":"closed","sticky":false,"template":"","format":"standard","meta":{"footnotes":""},"categories":[27],"tags":[],"class_list":["post-4625","post","type-post","status-publish","format-standard","has-post-thumbnail","hentry","category-actualitat"],"blocksy_meta":{"styles_descriptor":{"styles":{"desktop":"","tablet":"","mobile":""},"google_fonts":[],"version":6}},"featured_image_urls_v2":{"full":["https:\/\/fundaciohospitalariesmartorell.org\/entre-tots\/wp-content\/uploads\/2022\/10\/WhatsApp-Image-2022-09-29-at-14.03.38.jpeg",1600,1200,false],"thumbnail":["https:\/\/fundaciohospitalariesmartorell.org\/entre-tots\/wp-content\/uploads\/2022\/10\/WhatsApp-Image-2022-09-29-at-14.03.38-150x150.jpeg",150,150,true],"medium":["https:\/\/fundaciohospitalariesmartorell.org\/entre-tots\/wp-content\/uploads\/2022\/10\/WhatsApp-Image-2022-09-29-at-14.03.38-300x225.jpeg",300,225,true],"medium_large":["https:\/\/fundaciohospitalariesmartorell.org\/entre-tots\/wp-content\/uploads\/2022\/10\/WhatsApp-Image-2022-09-29-at-14.03.38-768x576.jpeg",768,576,true],"large":["https:\/\/fundaciohospitalariesmartorell.org\/entre-tots\/wp-content\/uploads\/2022\/10\/WhatsApp-Image-2022-09-29-at-14.03.38-1024x768.jpeg",1024,768,true],"1536x1536":["https:\/\/fundaciohospitalariesmartorell.org\/entre-tots\/wp-content\/uploads\/2022\/10\/WhatsApp-Image-2022-09-29-at-14.03.38-1536x1152.jpeg",1536,1152,true],"2048x2048":["https:\/\/fundaciohospitalariesmartorell.org\/entre-tots\/wp-content\/uploads\/2022\/10\/WhatsApp-Image-2022-09-29-at-14.03.38.jpeg",1600,1200,false],"mailpoet_newsletter_max":["https:\/\/fundaciohospitalariesmartorell.org\/entre-tots\/wp-content\/uploads\/2022\/10\/WhatsApp-Image-2022-09-29-at-14.03.38-1320x990.jpeg",1320,990,true]},"post_excerpt_stackable_v2":"<p>Fa 50 anys, un dia com avui, la Superiora de l&#8217;Hospital Sagrat Cor, Sor Isabel Bl\u00e1zquez Garc\u00eda, a la Casa&nbsp;Mare&nbsp;de Ciempozuelos, va expressar lliurement el seu desig de viure una alian\u00e7a d&#8217;amor amb el Senyor i, despr\u00e9s de cinc anys de formaci\u00f3 religiosa i activitat en la Missi\u00f3 Hospital\u00e0ria, va fer els seus vots perpetus.&nbsp; El&nbsp;1977 va ser destinada al Centre Sociosanitari Nuestra Se\u00f1ora del Carmen, a Val\u00e8ncia, on va&nbsp;exercir&nbsp;d&#8217;infermera. El seu nou dest\u00ed,&nbsp;l&#8217;any&nbsp;1979, va ser Vi\u00f1a del Mar (Xile), on va estar treballant, colze a colze, amb els&nbsp;Germans de Sant Joan de D\u00e9u, a l&#8217;Hospital Sanatorio Mar\u00edtimo SJD.&nbsp;Despr\u00e9s de&hellip;<\/p>\n","category_list_v2":"<a href=\"https:\/\/fundaciohospitalariesmartorell.org\/entre-tots\/category\/actualitat\/\" rel=\"category tag\">ACTUALITAT<\/a>","author_info_v2":{"name":"Anna Casanovas","url":"https:\/\/fundaciohospitalariesmartorell.org\/entre-tots\/author\/acasanovasr\/"},"comments_num_v2":"0 comments","_links":{"self":[{"href":"https:\/\/fundaciohospitalariesmartorell.org\/entre-tots\/wp-json\/wp\/v2\/posts\/4625","targetHints":{"allow":["GET"]}}],"collection":[{"href":"https:\/\/fundaciohospitalariesmartorell.org\/entre-tots\/wp-json\/wp\/v2\/posts"}],"about":[{"href":"https:\/\/fundaciohospitalariesmartorell.org\/entre-tots\/wp-json\/wp\/v2\/types\/post"}],"author":[{"embeddable":true,"href":"https:\/\/fundaciohospitalariesmartorell.org\/entre-tots\/wp-json\/wp\/v2\/users\/3"}],"replies":[{"embeddable":true,"href":"https:\/\/fundaciohospitalariesmartorell.org\/entre-tots\/wp-json\/wp\/v2\/comments?post=4625"}],"version-history":[{"count":3,"href":"https:\/\/fundaciohospitalariesmartorell.org\/entre-tots\/wp-json\/wp\/v2\/posts\/4625\/revisions"}],"predecessor-version":[{"id":4659,"href":"https:\/\/fundaciohospitalariesmartorell.org\/entre-tots\/wp-json\/wp\/v2\/posts\/4625\/revisions\/4659"}],"wp:featuredmedia":[{"embeddable":true,"href":"https:\/\/fundaciohospitalariesmartorell.org\/entre-tots\/wp-json\/wp\/v2\/media\/4589"}],"wp:attachment":[{"href":"https:\/\/fundaciohospitalariesmartorell.org\/entre-tots\/wp-json\/wp\/v2\/media?parent=4625"}],"wp:term":[{"taxonomy":"category","embeddable":true,"href":"https:\/\/fundaciohospitalariesmartorell.org\/entre-tots\/wp-json\/wp\/v2\/categories?post=4625"},{"taxonomy":"post_tag","embeddable":true,"href":"https:\/\/fundaciohospitalariesmartorell.org\/entre-tots\/wp-json\/wp\/v2\/tags?post=4625"}],"curies":[{"name":"wp","href":"https:\/\/api.w.org\/{rel}","templated":true}]}}