{"id":4652,"date":"2022-10-05T10:55:00","date_gmt":"2022-10-05T08:55:00","guid":{"rendered":"https:\/\/newweb.hospitalsagratcormartorell.org\/entre-tots\/?p=4652"},"modified":"2022-10-06T11:09:52","modified_gmt":"2022-10-06T09:09:52","slug":"visita-del-director-del-pla-director-de-salut-mental-i-addiccions-a-pins-dor","status":"publish","type":"post","link":"https:\/\/fundaciohospitalariesmartorell.org\/entre-tots\/2022\/10\/visita-del-director-del-pla-director-de-salut-mental-i-addiccions-a-pins-dor\/","title":{"rendered":"Visita del director\u00a0del\u00a0Pla director\u00a0de\u00a0Salut Mental\u00a0i Addiccions a Pins d&#8217;Or"},"content":{"rendered":"\n<p>CARLES FRANQUELO. El dia 7 de setembre ens va visitar, a les nostres instal\u00b7lacions al recinte Pins d\u2019Or de Sant Feliu de Llobregat, el doctor Joan Vegu\u00e9,\u00a0director\u00a0del\u00a0Pla director\u00a0de\u00a0Salut Mental\u00a0i Addiccions.<\/p>\n\n\n\n<p>Aquesta visita s\u2019emmarca en l\u2019aposta del Departament de Salut per la reconversi\u00f3 de la llarga estada de salut mental. Aix\u00ed, un dels elements principals d\u2019aquest pla de reconversi\u00f3 de la llarga estada est\u00e0 relacionat amb l\u2019externalitzaci\u00f3 de pacients amb trastorns mentals greus que resideixen als hospitals de salut mental de Catalunya i que, amb els suports adequats, podrien viure en recursos comunitaris socials.<\/p>\n\n\n\n<p>Des de l\u2019Hospital Sagrat Cor, compromesos amb el proc\u00e9s de reconversi\u00f3, hem elaborat una proposta per tal d\u2019oferir, en el recinte Pins d\u2019Or de Sant Feliu de Llobregat, un complex social i sanitari amb una s\u00e8rie de serveis per a pacients amb trastorns mentals. L\u2019eix central d\u2019aquesta proposta gira al voltant de la construcci\u00f3 de recursos habitacionals (residencials i\/o pisos) per aquests usuaris.<\/p>\n\n\n\n<p>A la visita van estar presents la directora del Sector Sanitari del&nbsp;Baix Llobregat Centre, Lourdes Garcia; la directora dels sectors Baix Llobregat Nord-Alt Pened\u00e8s-Garraf, Blanca Muntan\u00e9, i el nostre gerent, el director m\u00e8dic i el coordinador de l\u2019\u00c0rea de Rehabilitaci\u00f3 en salut mental, els doctors Jes\u00fas Ezquerra, Carles Franquelo i Josep Tristany, respectivament. Tamb\u00e9 ens va acompanyar l\u2019antic gerent de l\u2019Hospital, Jos\u00e9 Maria Pe\u00f1a, qui va explicar el proc\u00e9s de negociaci\u00f3 de la Congregaci\u00f3 de les Germanes Hospital\u00e0ries&nbsp;del Sagrat Cor de Jes\u00fas amb l\u2019Ajuntament de Sant Feliu de Llobregat pel que fa a l\u2019afectaci\u00f3 de la finca Pins D\u2019Or pel soterrament de la via del tren i la requalificaci\u00f3 d\u2019una part dels terrenys com a espai per instal\u00b7lar recursos sociosanitaris.<\/p>\n\n\n\n<p>Aquest acord amb l\u2019Ajuntament hauria de facilitar el desenvolupament d\u2019aquests recursos socials i sanitaris a la Finca.<\/p>\n\n\n\n<p>A partir de la proposta de l\u2019Hospital Sagrat Cor es crear\u00e0 un grup de treball entre el CatSalut, el Departament de Benestar Social\u00a0i Fam\u00edlia\u00a0i la nostra Instituci\u00f3 per tal de redefinir el \u201cprojecte Pins D\u2019Or\u201d adaptant-lo a la planificaci\u00f3 territorial de recursos sanitaris i socials prevista pels propers anys i per tant, a les necessitats de les persones usu\u00e0ries i les seves fam\u00edlies.<\/p>\n\n\n\n<figure class=\"wp-block-image size-large\"><img loading=\"lazy\" decoding=\"async\" width=\"1024\" height=\"769\" src=\"https:\/\/hospitalsagratcormartorell.org\/entre-tots\/wp-content\/uploads\/2022\/10\/pins-dor-1024x769.jpg\" alt=\"\" class=\"wp-image-4653\" srcset=\"https:\/\/fundaciohospitalariesmartorell.org\/entre-tots\/wp-content\/uploads\/2022\/10\/pins-dor-1024x769.jpg 1024w, https:\/\/fundaciohospitalariesmartorell.org\/entre-tots\/wp-content\/uploads\/2022\/10\/pins-dor-300x225.jpg 300w, https:\/\/fundaciohospitalariesmartorell.org\/entre-tots\/wp-content\/uploads\/2022\/10\/pins-dor-768x576.jpg 768w, https:\/\/fundaciohospitalariesmartorell.org\/entre-tots\/wp-content\/uploads\/2022\/10\/pins-dor-1536x1153.jpg 1536w, https:\/\/fundaciohospitalariesmartorell.org\/entre-tots\/wp-content\/uploads\/2022\/10\/pins-dor-1320x991.jpg 1320w, https:\/\/fundaciohospitalariesmartorell.org\/entre-tots\/wp-content\/uploads\/2022\/10\/pins-dor.jpg 2048w\" sizes=\"auto, (max-width: 1024px) 100vw, 1024px\" \/><\/figure>\n","protected":false},"excerpt":{"rendered":"<p>CARLES FRANQUELO. El dia 7 de setembre ens va visitar, a les nostres instal\u00b7lacions al recinte Pins d\u2019Or de Sant Feliu de Llobregat, el doctor Joan Vegu\u00e9,\u00a0director\u00a0del\u00a0Pla director\u00a0de\u00a0Salut Mental\u00a0i Addiccions. Aquesta visita s\u2019emmarca en l\u2019aposta del Departament de Salut per la reconversi\u00f3 de la llarga estada de salut mental. Aix\u00ed, un dels elements principals d\u2019aquest [&hellip;]<\/p>\n","protected":false},"author":3,"featured_media":4653,"comment_status":"closed","ping_status":"closed","sticky":false,"template":"","format":"standard","meta":{"footnotes":""},"categories":[27],"tags":[],"class_list":["post-4652","post","type-post","status-publish","format-standard","has-post-thumbnail","hentry","category-actualitat"],"blocksy_meta":{"styles_descriptor":{"styles":{"desktop":"","tablet":"","mobile":""},"google_fonts":[],"version":6}},"featured_image_urls_v2":{"full":["https:\/\/fundaciohospitalariesmartorell.org\/entre-tots\/wp-content\/uploads\/2022\/10\/pins-dor.jpg",2048,1537,false],"thumbnail":["https:\/\/fundaciohospitalariesmartorell.org\/entre-tots\/wp-content\/uploads\/2022\/10\/pins-dor-150x150.jpg",150,150,true],"medium":["https:\/\/fundaciohospitalariesmartorell.org\/entre-tots\/wp-content\/uploads\/2022\/10\/pins-dor-300x225.jpg",300,225,true],"medium_large":["https:\/\/fundaciohospitalariesmartorell.org\/entre-tots\/wp-content\/uploads\/2022\/10\/pins-dor-768x576.jpg",768,576,true],"large":["https:\/\/fundaciohospitalariesmartorell.org\/entre-tots\/wp-content\/uploads\/2022\/10\/pins-dor-1024x769.jpg",1024,769,true],"1536x1536":["https:\/\/fundaciohospitalariesmartorell.org\/entre-tots\/wp-content\/uploads\/2022\/10\/pins-dor-1536x1153.jpg",1536,1153,true],"2048x2048":["https:\/\/fundaciohospitalariesmartorell.org\/entre-tots\/wp-content\/uploads\/2022\/10\/pins-dor.jpg",2048,1537,false],"mailpoet_newsletter_max":["https:\/\/fundaciohospitalariesmartorell.org\/entre-tots\/wp-content\/uploads\/2022\/10\/pins-dor-1320x991.jpg",1320,991,true]},"post_excerpt_stackable_v2":"<p>CARLES FRANQUELO. El dia 7 de setembre ens va visitar, a les nostres instal\u00b7lacions al recinte Pins d\u2019Or de Sant Feliu de Llobregat, el doctor Joan Vegu\u00e9,\u00a0director\u00a0del\u00a0Pla director\u00a0de\u00a0Salut Mental\u00a0i Addiccions. Aquesta visita s\u2019emmarca en l\u2019aposta del Departament de Salut per la reconversi\u00f3 de la llarga estada de salut mental. Aix\u00ed, un dels elements principals d\u2019aquest pla de reconversi\u00f3 de la llarga estada est\u00e0 relacionat amb l\u2019externalitzaci\u00f3 de pacients amb trastorns mentals greus que resideixen als hospitals de salut mental de Catalunya i que, amb els suports adequats, podrien viure en recursos comunitaris socials. Des de l\u2019Hospital Sagrat Cor, compromesos amb&hellip;<\/p>\n","category_list_v2":"<a href=\"https:\/\/fundaciohospitalariesmartorell.org\/entre-tots\/category\/actualitat\/\" rel=\"category tag\">ACTUALITAT<\/a>","author_info_v2":{"name":"Anna Casanovas","url":"https:\/\/fundaciohospitalariesmartorell.org\/entre-tots\/author\/acasanovasr\/"},"comments_num_v2":"0 comments","_links":{"self":[{"href":"https:\/\/fundaciohospitalariesmartorell.org\/entre-tots\/wp-json\/wp\/v2\/posts\/4652","targetHints":{"allow":["GET"]}}],"collection":[{"href":"https:\/\/fundaciohospitalariesmartorell.org\/entre-tots\/wp-json\/wp\/v2\/posts"}],"about":[{"href":"https:\/\/fundaciohospitalariesmartorell.org\/entre-tots\/wp-json\/wp\/v2\/types\/post"}],"author":[{"embeddable":true,"href":"https:\/\/fundaciohospitalariesmartorell.org\/entre-tots\/wp-json\/wp\/v2\/users\/3"}],"replies":[{"embeddable":true,"href":"https:\/\/fundaciohospitalariesmartorell.org\/entre-tots\/wp-json\/wp\/v2\/comments?post=4652"}],"version-history":[{"count":5,"href":"https:\/\/fundaciohospitalariesmartorell.org\/entre-tots\/wp-json\/wp\/v2\/posts\/4652\/revisions"}],"predecessor-version":[{"id":4670,"href":"https:\/\/fundaciohospitalariesmartorell.org\/entre-tots\/wp-json\/wp\/v2\/posts\/4652\/revisions\/4670"}],"wp:featuredmedia":[{"embeddable":true,"href":"https:\/\/fundaciohospitalariesmartorell.org\/entre-tots\/wp-json\/wp\/v2\/media\/4653"}],"wp:attachment":[{"href":"https:\/\/fundaciohospitalariesmartorell.org\/entre-tots\/wp-json\/wp\/v2\/media?parent=4652"}],"wp:term":[{"taxonomy":"category","embeddable":true,"href":"https:\/\/fundaciohospitalariesmartorell.org\/entre-tots\/wp-json\/wp\/v2\/categories?post=4652"},{"taxonomy":"post_tag","embeddable":true,"href":"https:\/\/fundaciohospitalariesmartorell.org\/entre-tots\/wp-json\/wp\/v2\/tags?post=4652"}],"curies":[{"name":"wp","href":"https:\/\/api.w.org\/{rel}","templated":true}]}}