{"id":4749,"date":"2022-10-31T09:51:46","date_gmt":"2022-10-31T07:51:46","guid":{"rendered":"https:\/\/newweb.hospitalsagratcormartorell.org\/entre-tots\/?p=4749"},"modified":"2022-11-01T00:23:39","modified_gmt":"2022-10-31T22:23:39","slug":"commemoracio-del-dia-internacional-del-dca-i-de-lictus","status":"publish","type":"post","link":"https:\/\/fundaciohospitalariesmartorell.org\/entre-tots\/2022\/10\/commemoracio-del-dia-internacional-del-dca-i-de-lictus\/","title":{"rendered":"Commemoraci\u00f3 del Dia Internacional del DCA i de l&#8217;Ictus"},"content":{"rendered":"\n<p>ESTHER ROMAGUERA. Des del servei de rehabilitaci\u00f3 f\u00edsica volem commemorar dues dates significatives del calendari reconegudes per l\u2019Organitzaci\u00f3 Mundial de la Salut (OMS): el 26 d\u2019octubre, que \u00e9s el Dia Internacional del DCA (dany cerebral adquirit), i el 29 d\u2019octubre, el Dia Internacional de l\u2019Ictus.<\/p>\n\n\n\n<p>Les Germanes Hospital\u00e0ries tenen la Red Menni de Da\u00f1o Cerebral, amb els diferents recursos, i el nostre Centre, l&#8217;Hospital Sagrat Cor, forma part d\u2019aquesta xarxa com a centre af\u00ed, col\u00b7laborant en la rehabilitaci\u00f3 de les persones que presenten aquestes lesions.<\/p>\n\n\n\n<p>El terme \u201cdany cerebral adquirit\u201d es refereix a una lesi\u00f3 del cervell que fins aquell moment havia tingut un desenvolupament normal. Les causes s\u00f3n m\u00faltiples: traumatismes cranioencef\u00e0lics, accidents cerebrovasculars, tumors cerebrals, an\u00f2xia i hip\u00f2xia, encefalitis de diversa etiologia, etc. El DCA t\u00e9 com a conseq\u00fc\u00e8ncia fonamental la p\u00e8rdua de funcions cerebrals que impliquen al sistema motor i sensorial, el funcionament cognitiu, les habilitats comunicatives i la capacitat per regular la conducta i les emocions.<\/p>\n\n\n\n<figure class=\"wp-block-image size-large\"><img loading=\"lazy\" decoding=\"async\" width=\"1024\" height=\"432\" src=\"https:\/\/hospitalsagratcormartorell.org\/entre-tots\/wp-content\/uploads\/2022\/10\/foto-dca-1024x432.jpg\" alt=\"\" class=\"wp-image-4942\" srcset=\"https:\/\/fundaciohospitalariesmartorell.org\/entre-tots\/wp-content\/uploads\/2022\/10\/foto-dca-1024x432.jpg 1024w, https:\/\/fundaciohospitalariesmartorell.org\/entre-tots\/wp-content\/uploads\/2022\/10\/foto-dca-300x127.jpg 300w, https:\/\/fundaciohospitalariesmartorell.org\/entre-tots\/wp-content\/uploads\/2022\/10\/foto-dca-768x324.jpg 768w, https:\/\/fundaciohospitalariesmartorell.org\/entre-tots\/wp-content\/uploads\/2022\/10\/foto-dca-1536x649.jpg 1536w, https:\/\/fundaciohospitalariesmartorell.org\/entre-tots\/wp-content\/uploads\/2022\/10\/foto-dca-1320x557.jpg 1320w, https:\/\/fundaciohospitalariesmartorell.org\/entre-tots\/wp-content\/uploads\/2022\/10\/foto-dca.jpg 1937w\" sizes=\"auto, (max-width: 1024px) 100vw, 1024px\" \/><\/figure>\n\n\n\n<p>\u00c9s freq\u00fcent que la persona afectada presenti una p\u00e8rdua d\u2019independ\u00e8ncia funcional la qual ocasiona discapacitat i la conseq\u00fcent sobrec\u00e0rrega familiar.<\/p>\n\n\n\n<p>La localitzaci\u00f3 i gravetat de la lesi\u00f3 determinar\u00e0, en gran mesura, el pron\u00f2stic del i de la pacient, aix\u00ed com la plasticitat neuronal que puguin presentar les regions lesionades. Tamb\u00e9 \u00e9s vital la fase d\u2019evoluci\u00f3, ja que ens guiar\u00e0 en l\u2019enfoc a utilitzar en el tractament. Altres aspectes que cal tenir en compte s\u00f3n l\u2019edat, la personalitat i les capacitats pr\u00e8vies de la persona.<\/p>\n\n\n\n<p>Els i les fisioterapeutes, logopedes i terapeutes ocupacionals s\u00f3n els components del Servei de rehabilitaci\u00f3 f\u00edsica que donen cobertura a les necessitats d\u2019aquest perfil de pacients.<\/p>\n\n\n\n<p>Malalties com l\u2019esclerosi m\u00faltiple (EM), el p\u00e0rkinson, l&#8217;esclerosi lateral amiotr\u00f2fica (ELA), el traumatisme cranioencef\u00e0lic (TCE), l&#8217;accident vascular cerebral (AVC) i les tumoracions cerebrals s\u00f3n algunes de les patologies que engloba aquest concepte.<\/p>\n\n\n\n<p>El proc\u00e9s de rehabilitaci\u00f3 \u00e9s la pe\u00e7a clau.<\/p>\n\n\n\n<p>Aquest equip de professionals interv\u00e9 a nivell assistencial durant l\u2019ingr\u00e9s i, tamb\u00e9, a nivell ambulatori a trav\u00e9s de l\u2019hospital de dia del nostre Centre.<\/p>\n\n\n\n<p>Recordem que l\u2019ictus \u00e9s la<strong> <\/strong>primera causa de mort en la dona jove i la segona causa de mort en l\u2019home jove, i que l\u2019elevada prevalen\u00e7a d\u2019aquesta patologia fa que hi hagi una data espec\u00edfica per celebrar. El llacet de color taronja \u00e9s el que identifica aquesta patologia.<\/p>\n\n\n\n<p>Per tant, cal conscienciar la poblaci\u00f3 de la import\u00e0ncia de mantenir un estil de vida saludable, disposar de bons h\u00e0bits alimentaris i evitar factors de risc per prevenir milers de morts anuals o les greus seq\u00fceles que aquestes patologies ens poden provocar. Per aquest motiu hem volgut recordar-les.<\/p>\n\n\n\n<figure class=\"wp-block-image aligncenter size-full is-resized\"><img loading=\"lazy\" decoding=\"async\" src=\"https:\/\/hospitalsagratcormartorell.org\/entre-tots\/wp-content\/uploads\/2022\/10\/image-2.png\" alt=\"\" class=\"wp-image-4945\" width=\"325\" height=\"414\" srcset=\"https:\/\/fundaciohospitalariesmartorell.org\/entre-tots\/wp-content\/uploads\/2022\/10\/image-2.png 473w, https:\/\/fundaciohospitalariesmartorell.org\/entre-tots\/wp-content\/uploads\/2022\/10\/image-2-235x300.png 235w\" sizes=\"auto, (max-width: 325px) 100vw, 325px\" \/><\/figure>\n","protected":false},"excerpt":{"rendered":"<p>ESTHER ROMAGUERA. Des del servei de rehabilitaci\u00f3 f\u00edsica volem commemorar dues dates significatives del calendari reconegudes per l\u2019Organitzaci\u00f3 Mundial de la Salut (OMS): el 26 d\u2019octubre, que \u00e9s el Dia Internacional del DCA (dany cerebral adquirit), i el 29 d\u2019octubre, el Dia Internacional de l\u2019Ictus. Les Germanes Hospital\u00e0ries tenen la Red Menni de Da\u00f1o Cerebral, [&hellip;]<\/p>\n","protected":false},"author":3,"featured_media":4942,"comment_status":"closed","ping_status":"closed","sticky":false,"template":"","format":"standard","meta":{"footnotes":""},"categories":[27],"tags":[],"class_list":["post-4749","post","type-post","status-publish","format-standard","has-post-thumbnail","hentry","category-actualitat"],"blocksy_meta":{"styles_descriptor":{"styles":{"desktop":"","tablet":"","mobile":""},"google_fonts":[],"version":6}},"featured_image_urls_v2":{"full":["https:\/\/fundaciohospitalariesmartorell.org\/entre-tots\/wp-content\/uploads\/2022\/10\/foto-dca.jpg",1937,818,false],"thumbnail":["https:\/\/fundaciohospitalariesmartorell.org\/entre-tots\/wp-content\/uploads\/2022\/10\/foto-dca-150x150.jpg",150,150,true],"medium":["https:\/\/fundaciohospitalariesmartorell.org\/entre-tots\/wp-content\/uploads\/2022\/10\/foto-dca-300x127.jpg",300,127,true],"medium_large":["https:\/\/fundaciohospitalariesmartorell.org\/entre-tots\/wp-content\/uploads\/2022\/10\/foto-dca-768x324.jpg",768,324,true],"large":["https:\/\/fundaciohospitalariesmartorell.org\/entre-tots\/wp-content\/uploads\/2022\/10\/foto-dca-1024x432.jpg",1024,432,true],"1536x1536":["https:\/\/fundaciohospitalariesmartorell.org\/entre-tots\/wp-content\/uploads\/2022\/10\/foto-dca-1536x649.jpg",1536,649,true],"2048x2048":["https:\/\/fundaciohospitalariesmartorell.org\/entre-tots\/wp-content\/uploads\/2022\/10\/foto-dca.jpg",1937,818,false],"mailpoet_newsletter_max":["https:\/\/fundaciohospitalariesmartorell.org\/entre-tots\/wp-content\/uploads\/2022\/10\/foto-dca-1320x557.jpg",1320,557,true]},"post_excerpt_stackable_v2":"<p>ESTHER ROMAGUERA. Des del servei de rehabilitaci\u00f3 f\u00edsica volem commemorar dues dates significatives del calendari reconegudes per l\u2019Organitzaci\u00f3 Mundial de la Salut (OMS): el 26 d\u2019octubre, que \u00e9s el Dia Internacional del DCA (dany cerebral adquirit), i el 29 d\u2019octubre, el Dia Internacional de l\u2019Ictus. Les Germanes Hospital\u00e0ries tenen la Red Menni de Da\u00f1o Cerebral, amb els diferents recursos, i el nostre Centre, l&#8217;Hospital Sagrat Cor, forma part d\u2019aquesta xarxa com a centre af\u00ed, col\u00b7laborant en la rehabilitaci\u00f3 de les persones que presenten aquestes lesions. El terme \u201cdany cerebral adquirit\u201d es refereix a una lesi\u00f3 del cervell que fins aquell&hellip;<\/p>\n","category_list_v2":"<a href=\"https:\/\/fundaciohospitalariesmartorell.org\/entre-tots\/category\/actualitat\/\" rel=\"category tag\">ACTUALITAT<\/a>","author_info_v2":{"name":"Anna Casanovas","url":"https:\/\/fundaciohospitalariesmartorell.org\/entre-tots\/author\/acasanovasr\/"},"comments_num_v2":"0 comments","_links":{"self":[{"href":"https:\/\/fundaciohospitalariesmartorell.org\/entre-tots\/wp-json\/wp\/v2\/posts\/4749","targetHints":{"allow":["GET"]}}],"collection":[{"href":"https:\/\/fundaciohospitalariesmartorell.org\/entre-tots\/wp-json\/wp\/v2\/posts"}],"about":[{"href":"https:\/\/fundaciohospitalariesmartorell.org\/entre-tots\/wp-json\/wp\/v2\/types\/post"}],"author":[{"embeddable":true,"href":"https:\/\/fundaciohospitalariesmartorell.org\/entre-tots\/wp-json\/wp\/v2\/users\/3"}],"replies":[{"embeddable":true,"href":"https:\/\/fundaciohospitalariesmartorell.org\/entre-tots\/wp-json\/wp\/v2\/comments?post=4749"}],"version-history":[{"count":10,"href":"https:\/\/fundaciohospitalariesmartorell.org\/entre-tots\/wp-json\/wp\/v2\/posts\/4749\/revisions"}],"predecessor-version":[{"id":5011,"href":"https:\/\/fundaciohospitalariesmartorell.org\/entre-tots\/wp-json\/wp\/v2\/posts\/4749\/revisions\/5011"}],"wp:featuredmedia":[{"embeddable":true,"href":"https:\/\/fundaciohospitalariesmartorell.org\/entre-tots\/wp-json\/wp\/v2\/media\/4942"}],"wp:attachment":[{"href":"https:\/\/fundaciohospitalariesmartorell.org\/entre-tots\/wp-json\/wp\/v2\/media?parent=4749"}],"wp:term":[{"taxonomy":"category","embeddable":true,"href":"https:\/\/fundaciohospitalariesmartorell.org\/entre-tots\/wp-json\/wp\/v2\/categories?post=4749"},{"taxonomy":"post_tag","embeddable":true,"href":"https:\/\/fundaciohospitalariesmartorell.org\/entre-tots\/wp-json\/wp\/v2\/tags?post=4749"}],"curies":[{"name":"wp","href":"https:\/\/api.w.org\/{rel}","templated":true}]}}