{"id":4772,"date":"2022-10-31T09:45:11","date_gmt":"2022-10-31T07:45:11","guid":{"rendered":"https:\/\/newweb.hospitalsagratcormartorell.org\/entre-tots\/?p=4772"},"modified":"2022-11-01T00:31:36","modified_gmt":"2022-10-31T22:31:36","slug":"trenquem-lestigma-en-salut-mental-amb-desitjos-de-pacients-i-professionals","status":"publish","type":"post","link":"https:\/\/fundaciohospitalariesmartorell.org\/entre-tots\/2022\/10\/trenquem-lestigma-en-salut-mental-amb-desitjos-de-pacients-i-professionals\/","title":{"rendered":"Trenquem l&#8217;estigma en salut mental amb desitjos de pacients i professionals"},"content":{"rendered":"\n<figure class=\"wp-block-image size-large\"><img loading=\"lazy\" decoding=\"async\" width=\"1024\" height=\"694\" src=\"https:\/\/hospitalsagratcormartorell.org\/entre-tots\/wp-content\/uploads\/2022\/10\/An\u0303adir-un-ti\u0301tulo-4-1024x694.png\" alt=\"Trenquem l'estigma en salut mental amb desitjos de pacients i professionals\" class=\"wp-image-4816\" srcset=\"https:\/\/fundaciohospitalariesmartorell.org\/entre-tots\/wp-content\/uploads\/2022\/10\/An\u0303adir-un-ti\u0301tulo-4-1024x694.png 1024w, https:\/\/fundaciohospitalariesmartorell.org\/entre-tots\/wp-content\/uploads\/2022\/10\/An\u0303adir-un-ti\u0301tulo-4-300x203.png 300w, https:\/\/fundaciohospitalariesmartorell.org\/entre-tots\/wp-content\/uploads\/2022\/10\/An\u0303adir-un-ti\u0301tulo-4-768x520.png 768w, https:\/\/fundaciohospitalariesmartorell.org\/entre-tots\/wp-content\/uploads\/2022\/10\/An\u0303adir-un-ti\u0301tulo-4.png 1098w\" sizes=\"auto, (max-width: 1024px) 100vw, 1024px\" \/><\/figure>\n\n\n\n<p>En el Dia Mundial de la Salut Mental vam elaborar i difondre el seg\u00fcent v\u00eddeo on pacients i professionals de l&#8217;Hospital Sagrat Cor ens expliquen qu\u00e8 \u00e9s all\u00f2 que els fa feli\u00e7os\/ces. Els desitjos que s&#8217;expressen s\u00f3n molt semblants i ens uneixen contra l&#8217;estigma en salut mental. Podeu veure&#8217;l a continuaci\u00f3.<\/p>\n\n\n\n<p>Aix\u00ed mateix, alguns equipaments comunitaris del nostre Centre van organitzar, amb motiu de l&#8217;efem\u00e8ride, esdeveniments per conscienciar la poblaci\u00f3 sobre l&#8217;estigma i lluitar entre totes i tots per trencar-lo. Us ho expliquem en aquesta newsletter.<\/p>\n\n\n\n<figure class=\"wp-block-embed is-type-video is-provider-youtube wp-block-embed-youtube wp-embed-aspect-16-9 wp-has-aspect-ratio\"><div class=\"wp-block-embed__wrapper\">\n<iframe loading=\"lazy\" title=\"Dia Mundial Salut Mental 2022\" width=\"1290\" height=\"726\" src=\"https:\/\/www.youtube.com\/embed\/RipZJmxYVhw?feature=oembed\" frameborder=\"0\" allow=\"accelerometer; autoplay; clipboard-write; encrypted-media; gyroscope; picture-in-picture\" allowfullscreen><\/iframe>\n<\/div><\/figure>\n","protected":false},"excerpt":{"rendered":"<p>En el Dia Mundial de la Salut Mental vam elaborar i difondre el seg\u00fcent v\u00eddeo on pacients i professionals de l&#8217;Hospital Sagrat Cor ens expliquen qu\u00e8 \u00e9s all\u00f2 que els fa feli\u00e7os\/ces. Els desitjos que s&#8217;expressen s\u00f3n molt semblants i ens uneixen contra l&#8217;estigma en salut mental. Podeu veure&#8217;l a continuaci\u00f3. Aix\u00ed mateix, alguns equipaments [&hellip;]<\/p>\n","protected":false},"author":3,"featured_media":4816,"comment_status":"closed","ping_status":"closed","sticky":false,"template":"","format":"standard","meta":{"footnotes":""},"categories":[27],"tags":[],"class_list":["post-4772","post","type-post","status-publish","format-standard","has-post-thumbnail","hentry","category-actualitat"],"blocksy_meta":{"styles_descriptor":{"styles":{"desktop":"","tablet":"","mobile":""},"google_fonts":[],"version":6}},"featured_image_urls_v2":{"full":["https:\/\/fundaciohospitalariesmartorell.org\/entre-tots\/wp-content\/uploads\/2022\/10\/An\u0303adir-un-ti\u0301tulo-4.png",1098,744,false],"thumbnail":["https:\/\/fundaciohospitalariesmartorell.org\/entre-tots\/wp-content\/uploads\/2022\/10\/An\u0303adir-un-ti\u0301tulo-4-150x150.png",150,150,true],"medium":["https:\/\/fundaciohospitalariesmartorell.org\/entre-tots\/wp-content\/uploads\/2022\/10\/An\u0303adir-un-ti\u0301tulo-4-300x203.png",300,203,true],"medium_large":["https:\/\/fundaciohospitalariesmartorell.org\/entre-tots\/wp-content\/uploads\/2022\/10\/An\u0303adir-un-ti\u0301tulo-4-768x520.png",768,520,true],"large":["https:\/\/fundaciohospitalariesmartorell.org\/entre-tots\/wp-content\/uploads\/2022\/10\/An\u0303adir-un-ti\u0301tulo-4-1024x694.png",1024,694,true],"1536x1536":["https:\/\/fundaciohospitalariesmartorell.org\/entre-tots\/wp-content\/uploads\/2022\/10\/An\u0303adir-un-ti\u0301tulo-4.png",1098,744,false],"2048x2048":["https:\/\/fundaciohospitalariesmartorell.org\/entre-tots\/wp-content\/uploads\/2022\/10\/An\u0303adir-un-ti\u0301tulo-4.png",1098,744,false],"mailpoet_newsletter_max":["https:\/\/fundaciohospitalariesmartorell.org\/entre-tots\/wp-content\/uploads\/2022\/10\/An\u0303adir-un-ti\u0301tulo-4.png",1098,744,false]},"post_excerpt_stackable_v2":"<p>En el Dia Mundial de la Salut Mental vam elaborar i difondre el seg\u00fcent v\u00eddeo on pacients i professionals de l&#8217;Hospital Sagrat Cor ens expliquen qu\u00e8 \u00e9s all\u00f2 que els fa feli\u00e7os\/ces. Els desitjos que s&#8217;expressen s\u00f3n molt semblants i ens uneixen contra l&#8217;estigma en salut mental. Podeu veure&#8217;l a continuaci\u00f3. Aix\u00ed mateix, alguns equipaments comunitaris del nostre Centre van organitzar, amb motiu de l&#8217;efem\u00e8ride, esdeveniments per conscienciar la poblaci\u00f3 sobre l&#8217;estigma i lluitar entre totes i tots per trencar-lo. Us ho expliquem en aquesta newsletter.<\/p>\n","category_list_v2":"<a href=\"https:\/\/fundaciohospitalariesmartorell.org\/entre-tots\/category\/actualitat\/\" rel=\"category tag\">ACTUALITAT<\/a>","author_info_v2":{"name":"Anna Casanovas","url":"https:\/\/fundaciohospitalariesmartorell.org\/entre-tots\/author\/acasanovasr\/"},"comments_num_v2":"0 comments","_links":{"self":[{"href":"https:\/\/fundaciohospitalariesmartorell.org\/entre-tots\/wp-json\/wp\/v2\/posts\/4772","targetHints":{"allow":["GET"]}}],"collection":[{"href":"https:\/\/fundaciohospitalariesmartorell.org\/entre-tots\/wp-json\/wp\/v2\/posts"}],"about":[{"href":"https:\/\/fundaciohospitalariesmartorell.org\/entre-tots\/wp-json\/wp\/v2\/types\/post"}],"author":[{"embeddable":true,"href":"https:\/\/fundaciohospitalariesmartorell.org\/entre-tots\/wp-json\/wp\/v2\/users\/3"}],"replies":[{"embeddable":true,"href":"https:\/\/fundaciohospitalariesmartorell.org\/entre-tots\/wp-json\/wp\/v2\/comments?post=4772"}],"version-history":[{"count":11,"href":"https:\/\/fundaciohospitalariesmartorell.org\/entre-tots\/wp-json\/wp\/v2\/posts\/4772\/revisions"}],"predecessor-version":[{"id":5015,"href":"https:\/\/fundaciohospitalariesmartorell.org\/entre-tots\/wp-json\/wp\/v2\/posts\/4772\/revisions\/5015"}],"wp:featuredmedia":[{"embeddable":true,"href":"https:\/\/fundaciohospitalariesmartorell.org\/entre-tots\/wp-json\/wp\/v2\/media\/4816"}],"wp:attachment":[{"href":"https:\/\/fundaciohospitalariesmartorell.org\/entre-tots\/wp-json\/wp\/v2\/media?parent=4772"}],"wp:term":[{"taxonomy":"category","embeddable":true,"href":"https:\/\/fundaciohospitalariesmartorell.org\/entre-tots\/wp-json\/wp\/v2\/categories?post=4772"},{"taxonomy":"post_tag","embeddable":true,"href":"https:\/\/fundaciohospitalariesmartorell.org\/entre-tots\/wp-json\/wp\/v2\/tags?post=4772"}],"curies":[{"name":"wp","href":"https:\/\/api.w.org\/{rel}","templated":true}]}}