{"id":4780,"date":"2022-10-31T09:59:16","date_gmt":"2022-10-31T07:59:16","guid":{"rendered":"https:\/\/newweb.hospitalsagratcormartorell.org\/entre-tots\/?p=4780"},"modified":"2022-10-31T16:29:20","modified_gmt":"2022-10-31T14:29:20","slug":"iii-concurs-literari-en-salut-mental-de-lalt-penedes","status":"publish","type":"post","link":"https:\/\/fundaciohospitalariesmartorell.org\/entre-tots\/2022\/10\/iii-concurs-literari-en-salut-mental-de-lalt-penedes\/","title":{"rendered":"R\u00e8cord de participants al III concurs literari en salut mental"},"content":{"rendered":"\n<figure class=\"wp-block-image aligncenter size-full is-resized\"><img loading=\"lazy\" decoding=\"async\" src=\"https:\/\/hospitalsagratcormartorell.org\/entre-tots\/wp-content\/uploads\/2022\/10\/Salut-mental.gif\" alt=\"\" class=\"wp-image-4786\" width=\"599\" height=\"402\"\/><\/figure>\n\n\n\n<p>Amb motiu del&nbsp;<strong>Dia Mundial de la Salut Mental 2022<\/strong>, el Servei de Salut Mental de l&#8217;Alt Pened\u00e8s, gestionat per l&#8217;Hospital Sagrat Cor, va celebrar, el 7 d&#8217;octubre, l&#8217;entrega de premis del tercer concurs literari en salut mental &#8220;Les Paraules Parlen per Tu&#8221;, el qual va superar les expectatives assolint un r\u00e8cord de participaci\u00f3. L&#8217;acte va tenir lloc al&nbsp;<strong>Museu del Vi de Catalunya<\/strong>, el&nbsp;<strong>Vinseum<\/strong>, a Vilafranca del Pened\u00e8s.<\/p>\n\n\n\n<p>L&#8217;objectiu d&#8217;aquest concurs \u00e9s fomentar la creativitat, l&#8217;expressi\u00f3 escrita i l&#8217;apoderament en autoestima, autonomia i superaci\u00f3 de les persones usu\u00e0ries de salut mental. Aquesta tercera edici\u00f3 va comptar amb 45 participants, 24 en prosa i 21 en poesia, de serveis de salut mental de tot Catalunya. Van participar persones amb problemes de salut mental de 12 comarques de les prov\u00edncies de Barcelona, Tarragona, Lleida i Girona, el doble que a l&#8217;edici\u00f3 anterior.<\/p>\n\n\n\n<p><strong>Relats on destaca l&#8217;amistat<\/strong><\/p>\n\n\n\n<p>\u201cEn aquesta edici\u00f3 hem vist uns relats on destaca el sentiment de l&#8217;amistat, de generar confian\u00e7a i tirar endavant\u201d, explica&nbsp;<strong>Xevi Franquesa<\/strong>, t\u00e8cnic especialista del Centre de Dia de l&#8217;Alt Pened\u00e8s. \u201cS\u00f3n uns escrits d&#8217;agra\u00efment a les persones que estimem, a la fam\u00edlia, la parella i, tamb\u00e9, als i les professionals\u201d, afirma.<\/p>\n\n\n\n<figure class=\"wp-block-image alignright size-full is-resized\"><img loading=\"lazy\" decoding=\"async\" src=\"https:\/\/hospitalsagratcormartorell.org\/entre-tots\/wp-content\/uploads\/2022\/10\/802_cat_ESCALA_INF_450_338.jpeg\" alt=\"\" class=\"wp-image-4978\" width=\"328\" height=\"246\" srcset=\"https:\/\/fundaciohospitalariesmartorell.org\/entre-tots\/wp-content\/uploads\/2022\/10\/802_cat_ESCALA_INF_450_338.jpeg 450w, https:\/\/fundaciohospitalariesmartorell.org\/entre-tots\/wp-content\/uploads\/2022\/10\/802_cat_ESCALA_INF_450_338-300x225.jpeg 300w\" sizes=\"auto, (max-width: 328px) 100vw, 328px\" \/><\/figure>\n\n\n\n<p>En aquest II concurs literari en salut mental &#8220;Les Paraules Parlen per Tu&#8221;, els premiats en poesia van ser: Francesca Ros per&nbsp;<em>Poema estival&nbsp;<\/em>(1r premi), David Puertas per&nbsp;<em>Lletres per la meva mare<\/em>&nbsp;(2n premi) i Pilar Garc\u00eda per&nbsp;<em>Envellir<\/em>&nbsp;(3r premi). Els guardons en prosa es van entregar a: Xavier Mart\u00ed per&nbsp;<em>Aquesta resoluci\u00f3 t\u00e9&nbsp;<\/em>car<em>\u00e0cter permanent<\/em>&nbsp;(1r premi), Sonia Burgu\u00e9s per&nbsp;<em>La por<\/em>&nbsp;(2n premi) i Sergi Gea per&nbsp;<em>Feredat i venciment&nbsp;<\/em>(3r premi). Els acc\u00e8ssits prosa van ser per: M. M. per&nbsp;<em>Inici de la depressi\u00f3<\/em>&nbsp;(1r acc\u00e8ssit), Merc\u00e8 Gim\u00e9nez per&nbsp;<em>Mata l&#8217;estigma<\/em>&nbsp;(2n acc\u00e8ssit) i N\u00faria Ferrat\u00e9 per&nbsp;<em>Un dia qualsevol&nbsp;<\/em>(3r acc\u00e8ssit).<\/p>\n\n\n\n<p><strong>Idea sorgida del taller de creativitat liter\u00e0ria de l&#8217;SRC de Vilafranca<\/strong><\/p>\n\n\n\n<p>L&#8217;SRC de Vilafranca va iniciar, el 2018, un&nbsp;<strong>taller de creativitat liter\u00e0ria<\/strong>&nbsp;que s&#8217;ha mantingut fins a dia d&#8217;avui. Xevi Franquesa explica que la idea d&#8217;engegar un concurs literari va sorgir en el marc d&#8217;aquesta activitat.<\/p>\n","protected":false},"excerpt":{"rendered":"<p>Amb motiu del&nbsp;Dia Mundial de la Salut Mental 2022, el Servei de Salut Mental de l&#8217;Alt Pened\u00e8s, gestionat per l&#8217;Hospital Sagrat Cor, va celebrar, el 7 d&#8217;octubre, l&#8217;entrega de premis del tercer concurs literari en salut mental &#8220;Les Paraules Parlen per Tu&#8221;, el qual va superar les expectatives assolint un r\u00e8cord de participaci\u00f3. L&#8217;acte va [&hellip;]<\/p>\n","protected":false},"author":3,"featured_media":4786,"comment_status":"closed","ping_status":"closed","sticky":false,"template":"","format":"standard","meta":{"footnotes":""},"categories":[27],"tags":[],"class_list":["post-4780","post","type-post","status-publish","format-standard","has-post-thumbnail","hentry","category-actualitat"],"blocksy_meta":{"styles_descriptor":{"styles":{"desktop":"","tablet":"","mobile":""},"google_fonts":[],"version":6}},"featured_image_urls_v2":{"full":["https:\/\/fundaciohospitalariesmartorell.org\/entre-tots\/wp-content\/uploads\/2022\/10\/Salut-mental.gif",900,600,false],"thumbnail":["https:\/\/fundaciohospitalariesmartorell.org\/entre-tots\/wp-content\/uploads\/2022\/10\/Salut-mental-150x150.gif",150,150,true],"medium":["https:\/\/fundaciohospitalariesmartorell.org\/entre-tots\/wp-content\/uploads\/2022\/10\/Salut-mental-300x200.gif",300,200,true],"medium_large":["https:\/\/fundaciohospitalariesmartorell.org\/entre-tots\/wp-content\/uploads\/2022\/10\/Salut-mental-768x512.gif",768,512,true],"large":["https:\/\/fundaciohospitalariesmartorell.org\/entre-tots\/wp-content\/uploads\/2022\/10\/Salut-mental.gif",900,600,false],"1536x1536":["https:\/\/fundaciohospitalariesmartorell.org\/entre-tots\/wp-content\/uploads\/2022\/10\/Salut-mental.gif",900,600,false],"2048x2048":["https:\/\/fundaciohospitalariesmartorell.org\/entre-tots\/wp-content\/uploads\/2022\/10\/Salut-mental.gif",900,600,false],"mailpoet_newsletter_max":["https:\/\/fundaciohospitalariesmartorell.org\/entre-tots\/wp-content\/uploads\/2022\/10\/Salut-mental.gif",900,600,false]},"post_excerpt_stackable_v2":"<p>Amb motiu del&nbsp;Dia Mundial de la Salut Mental 2022, el Servei de Salut Mental de l&#8217;Alt Pened\u00e8s, gestionat per l&#8217;Hospital Sagrat Cor, va celebrar, el 7 d&#8217;octubre, l&#8217;entrega de premis del tercer concurs literari en salut mental &#8220;Les Paraules Parlen per Tu&#8221;, el qual va superar les expectatives assolint un r\u00e8cord de participaci\u00f3. L&#8217;acte va tenir lloc al&nbsp;Museu del Vi de Catalunya, el&nbsp;Vinseum, a Vilafranca del Pened\u00e8s. L&#8217;objectiu d&#8217;aquest concurs \u00e9s fomentar la creativitat, l&#8217;expressi\u00f3 escrita i l&#8217;apoderament en autoestima, autonomia i superaci\u00f3 de les persones usu\u00e0ries de salut mental. Aquesta tercera edici\u00f3 va comptar amb 45 participants, 24 en&hellip;<\/p>\n","category_list_v2":"<a href=\"https:\/\/fundaciohospitalariesmartorell.org\/entre-tots\/category\/actualitat\/\" rel=\"category tag\">ACTUALITAT<\/a>","author_info_v2":{"name":"Anna Casanovas","url":"https:\/\/fundaciohospitalariesmartorell.org\/entre-tots\/author\/acasanovasr\/"},"comments_num_v2":"0 comments","_links":{"self":[{"href":"https:\/\/fundaciohospitalariesmartorell.org\/entre-tots\/wp-json\/wp\/v2\/posts\/4780","targetHints":{"allow":["GET"]}}],"collection":[{"href":"https:\/\/fundaciohospitalariesmartorell.org\/entre-tots\/wp-json\/wp\/v2\/posts"}],"about":[{"href":"https:\/\/fundaciohospitalariesmartorell.org\/entre-tots\/wp-json\/wp\/v2\/types\/post"}],"author":[{"embeddable":true,"href":"https:\/\/fundaciohospitalariesmartorell.org\/entre-tots\/wp-json\/wp\/v2\/users\/3"}],"replies":[{"embeddable":true,"href":"https:\/\/fundaciohospitalariesmartorell.org\/entre-tots\/wp-json\/wp\/v2\/comments?post=4780"}],"version-history":[{"count":5,"href":"https:\/\/fundaciohospitalariesmartorell.org\/entre-tots\/wp-json\/wp\/v2\/posts\/4780\/revisions"}],"predecessor-version":[{"id":4980,"href":"https:\/\/fundaciohospitalariesmartorell.org\/entre-tots\/wp-json\/wp\/v2\/posts\/4780\/revisions\/4980"}],"wp:featuredmedia":[{"embeddable":true,"href":"https:\/\/fundaciohospitalariesmartorell.org\/entre-tots\/wp-json\/wp\/v2\/media\/4786"}],"wp:attachment":[{"href":"https:\/\/fundaciohospitalariesmartorell.org\/entre-tots\/wp-json\/wp\/v2\/media?parent=4780"}],"wp:term":[{"taxonomy":"category","embeddable":true,"href":"https:\/\/fundaciohospitalariesmartorell.org\/entre-tots\/wp-json\/wp\/v2\/categories?post=4780"},{"taxonomy":"post_tag","embeddable":true,"href":"https:\/\/fundaciohospitalariesmartorell.org\/entre-tots\/wp-json\/wp\/v2\/tags?post=4780"}],"curies":[{"name":"wp","href":"https:\/\/api.w.org\/{rel}","templated":true}]}}