{"id":4785,"date":"2022-10-31T09:46:00","date_gmt":"2022-10-31T07:46:00","guid":{"rendered":"https:\/\/newweb.hospitalsagratcormartorell.org\/entre-tots\/?p=4785"},"modified":"2022-11-01T00:27:06","modified_gmt":"2022-10-31T22:27:06","slug":"els-mitjans-destaquen-lexit-de-participacio-del-concurs-literari-en-salut-mental-les-paraules-parlen-per-tu","status":"publish","type":"post","link":"https:\/\/fundaciohospitalariesmartorell.org\/entre-tots\/2022\/10\/els-mitjans-destaquen-lexit-de-participacio-del-concurs-literari-en-salut-mental-les-paraules-parlen-per-tu\/","title":{"rendered":"Els mitjans destaquen l\u2019\u00e8xit de participaci\u00f3 del concurs literari en salut mental \u201cLes paraules parlen per tu\u201d"},"content":{"rendered":"\n<figure class=\"wp-block-image size-full\"><img loading=\"lazy\" decoding=\"async\" width=\"769\" height=\"600\" src=\"https:\/\/hospitalsagratcormartorell.org\/entre-tots\/wp-content\/uploads\/2022\/10\/Captura-de-pantalla-2022-10-31-a-las-15.54.59.png\" alt=\"\" class=\"wp-image-4996\" srcset=\"https:\/\/fundaciohospitalariesmartorell.org\/entre-tots\/wp-content\/uploads\/2022\/10\/Captura-de-pantalla-2022-10-31-a-las-15.54.59.png 769w, https:\/\/fundaciohospitalariesmartorell.org\/entre-tots\/wp-content\/uploads\/2022\/10\/Captura-de-pantalla-2022-10-31-a-las-15.54.59-300x234.png 300w\" sizes=\"auto, (max-width: 769px) 100vw, 769px\" \/><\/figure>\n\n\n\n<p>Els mitjans de comunicaci\u00f3 de l&#8217;Alt Pened\u00e8s es van fer ress\u00f2 de l\u2019\u00e8xit de participaci\u00f3 del concurs literari que el Servei de Salut Mental de l\u2019Alt Pened\u00e8s, gestionat per l\u2019Hospital Sagrat Cor, va organitzar amb motiu del Dia Mundial de la Salut Mental.<\/p>\n\n\n\n<p>Podeu veure alguns impactes medi\u00e0tics accedint als seg\u00fcents enlla\u00e7os:<\/p>\n\n\n\n<p><strong>RTVVilafranca.cat<\/strong>: <a href=\"https:\/\/www.rtvvilafranca.cat\/2022\/10\/record-de-participants-al-tercer-concurs-literari-en-salut-mental-les-paraules-parlen-per-tu\/\">R\u00e8cord de participants al tercer concurs literari en salut mental \u2018Les Paraules Parlen per Tu<\/a>\u2019<\/p>\n\n\n\n<p><strong>El 3 de vuit<\/strong>: <a href=\"https:\/\/el3devuit.cat\/2022\/10\/13\/105757\/cultura\/record-de-participants-al-iii-concurs-literari-en-salut-mental\/\">R\u00e8cord de participants al III concurs literari en salut mental<\/a><\/p>\n\n\n\n<p><strong>El cargol<\/strong>: <a href=\"https:\/\/elcargol.com\/cultura\/9490-record-de-participants-al-iii-concurs-literari-en-salut-mental-les-paraules-parlen-per-tu\">R\u00e8cord de participants al III concurs literari en salut mental &#8220;Les Paraules Parlen per Tu&#8221;<\/a><\/p>\n\n\n\n<p><\/p>\n","protected":false},"excerpt":{"rendered":"<p>Els mitjans de comunicaci\u00f3 de l&#8217;Alt Pened\u00e8s es van fer ress\u00f2 de l\u2019\u00e8xit de participaci\u00f3 del concurs literari que el Servei de Salut Mental de l\u2019Alt Pened\u00e8s, gestionat per l\u2019Hospital Sagrat Cor, va organitzar amb motiu del Dia Mundial de la Salut Mental. Podeu veure alguns impactes medi\u00e0tics accedint als seg\u00fcents enlla\u00e7os: RTVVilafranca.cat: R\u00e8cord de [&hellip;]<\/p>\n","protected":false},"author":3,"featured_media":4996,"comment_status":"closed","ping_status":"closed","sticky":false,"template":"","format":"standard","meta":{"footnotes":""},"categories":[27],"tags":[],"class_list":["post-4785","post","type-post","status-publish","format-standard","has-post-thumbnail","hentry","category-actualitat"],"blocksy_meta":{"styles_descriptor":{"styles":{"desktop":"","tablet":"","mobile":""},"google_fonts":[],"version":6}},"featured_image_urls_v2":{"full":["https:\/\/fundaciohospitalariesmartorell.org\/entre-tots\/wp-content\/uploads\/2022\/10\/Captura-de-pantalla-2022-10-31-a-las-15.54.59.png",769,600,false],"thumbnail":["https:\/\/fundaciohospitalariesmartorell.org\/entre-tots\/wp-content\/uploads\/2022\/10\/Captura-de-pantalla-2022-10-31-a-las-15.54.59-150x150.png",150,150,true],"medium":["https:\/\/fundaciohospitalariesmartorell.org\/entre-tots\/wp-content\/uploads\/2022\/10\/Captura-de-pantalla-2022-10-31-a-las-15.54.59-300x234.png",300,234,true],"medium_large":["https:\/\/fundaciohospitalariesmartorell.org\/entre-tots\/wp-content\/uploads\/2022\/10\/Captura-de-pantalla-2022-10-31-a-las-15.54.59.png",768,599,false],"large":["https:\/\/fundaciohospitalariesmartorell.org\/entre-tots\/wp-content\/uploads\/2022\/10\/Captura-de-pantalla-2022-10-31-a-las-15.54.59.png",769,600,false],"1536x1536":["https:\/\/fundaciohospitalariesmartorell.org\/entre-tots\/wp-content\/uploads\/2022\/10\/Captura-de-pantalla-2022-10-31-a-las-15.54.59.png",769,600,false],"2048x2048":["https:\/\/fundaciohospitalariesmartorell.org\/entre-tots\/wp-content\/uploads\/2022\/10\/Captura-de-pantalla-2022-10-31-a-las-15.54.59.png",769,600,false],"mailpoet_newsletter_max":["https:\/\/fundaciohospitalariesmartorell.org\/entre-tots\/wp-content\/uploads\/2022\/10\/Captura-de-pantalla-2022-10-31-a-las-15.54.59.png",769,600,false]},"post_excerpt_stackable_v2":"<p>Els mitjans de comunicaci\u00f3 de l&#8217;Alt Pened\u00e8s es van fer ress\u00f2 de l\u2019\u00e8xit de participaci\u00f3 del concurs literari que el Servei de Salut Mental de l\u2019Alt Pened\u00e8s, gestionat per l\u2019Hospital Sagrat Cor, va organitzar amb motiu del Dia Mundial de la Salut Mental. Podeu veure alguns impactes medi\u00e0tics accedint als seg\u00fcents enlla\u00e7os: RTVVilafranca.cat: R\u00e8cord de participants al tercer concurs literari en salut mental \u2018Les Paraules Parlen per Tu\u2019 El 3 de vuit: R\u00e8cord de participants al III concurs literari en salut mental El cargol: R\u00e8cord de participants al III concurs literari en salut mental &#8220;Les Paraules Parlen per Tu&#8221;<\/p>\n","category_list_v2":"<a href=\"https:\/\/fundaciohospitalariesmartorell.org\/entre-tots\/category\/actualitat\/\" rel=\"category tag\">ACTUALITAT<\/a>","author_info_v2":{"name":"Anna Casanovas","url":"https:\/\/fundaciohospitalariesmartorell.org\/entre-tots\/author\/acasanovasr\/"},"comments_num_v2":"0 comments","_links":{"self":[{"href":"https:\/\/fundaciohospitalariesmartorell.org\/entre-tots\/wp-json\/wp\/v2\/posts\/4785","targetHints":{"allow":["GET"]}}],"collection":[{"href":"https:\/\/fundaciohospitalariesmartorell.org\/entre-tots\/wp-json\/wp\/v2\/posts"}],"about":[{"href":"https:\/\/fundaciohospitalariesmartorell.org\/entre-tots\/wp-json\/wp\/v2\/types\/post"}],"author":[{"embeddable":true,"href":"https:\/\/fundaciohospitalariesmartorell.org\/entre-tots\/wp-json\/wp\/v2\/users\/3"}],"replies":[{"embeddable":true,"href":"https:\/\/fundaciohospitalariesmartorell.org\/entre-tots\/wp-json\/wp\/v2\/comments?post=4785"}],"version-history":[{"count":6,"href":"https:\/\/fundaciohospitalariesmartorell.org\/entre-tots\/wp-json\/wp\/v2\/posts\/4785\/revisions"}],"predecessor-version":[{"id":5013,"href":"https:\/\/fundaciohospitalariesmartorell.org\/entre-tots\/wp-json\/wp\/v2\/posts\/4785\/revisions\/5013"}],"wp:featuredmedia":[{"embeddable":true,"href":"https:\/\/fundaciohospitalariesmartorell.org\/entre-tots\/wp-json\/wp\/v2\/media\/4996"}],"wp:attachment":[{"href":"https:\/\/fundaciohospitalariesmartorell.org\/entre-tots\/wp-json\/wp\/v2\/media?parent=4785"}],"wp:term":[{"taxonomy":"category","embeddable":true,"href":"https:\/\/fundaciohospitalariesmartorell.org\/entre-tots\/wp-json\/wp\/v2\/categories?post=4785"},{"taxonomy":"post_tag","embeddable":true,"href":"https:\/\/fundaciohospitalariesmartorell.org\/entre-tots\/wp-json\/wp\/v2\/tags?post=4785"}],"curies":[{"name":"wp","href":"https:\/\/api.w.org\/{rel}","templated":true}]}}