{"id":4788,"date":"2022-10-31T09:56:41","date_gmt":"2022-10-31T07:56:41","guid":{"rendered":"https:\/\/newweb.hospitalsagratcormartorell.org\/entre-tots\/?p=4788"},"modified":"2022-10-31T16:17:24","modified_gmt":"2022-10-31T14:17:24","slug":"reunio-deaias-a-lhospital-sagrat-cor","status":"publish","type":"post","link":"https:\/\/fundaciohospitalariesmartorell.org\/entre-tots\/2022\/10\/reunio-deaias-a-lhospital-sagrat-cor\/","title":{"rendered":"Reuni\u00f3 d\u2019EAIAs a l\u2019Hospital Sagrat Cor"},"content":{"rendered":"\n<figure class=\"wp-block-image aligncenter size-full is-resized\"><img loading=\"lazy\" decoding=\"async\" src=\"https:\/\/hospitalsagratcormartorell.org\/entre-tots\/wp-content\/uploads\/2022\/10\/804_cat_ESCALA_650_468.jpeg\" alt=\"\" class=\"wp-image-4923\" width=\"596\" height=\"428\" srcset=\"https:\/\/fundaciohospitalariesmartorell.org\/entre-tots\/wp-content\/uploads\/2022\/10\/804_cat_ESCALA_650_468.jpeg 650w, https:\/\/fundaciohospitalariesmartorell.org\/entre-tots\/wp-content\/uploads\/2022\/10\/804_cat_ESCALA_650_468-300x216.jpeg 300w\" sizes=\"auto, (max-width: 596px) 100vw, 596px\" \/><\/figure>\n\n\n\n<p>L&#8217;Hospital Sagrat Cor va reprendre, despr\u00e9s de sis anys de la darrera reuni\u00f3, una nova trobada d&#8217;EAIAs de tot Catalunya, a fi de debatre i consensuar actuacions adaptades a la nova realitat de cada moment per millorar la pr\u00e0ctica assistencial. Aix\u00ed, el 7 d&#8217;octubre la sala d&#8217;actes del Centre va congregar m\u00e9s de 80 professionals a una jornada que, per primera vegada, va comptar amb representants de l&#8217;administraci\u00f3 p\u00fablica, i que es va centrar en el diagn\u00f2stic preco\u00e7 de la dem\u00e8ncia, el qual esdev\u00e9 la m\u00e0xima prioritat que ha centrar el nou model d&#8217;EAIA.<\/p>\n\n\n\n<p>La presentaci\u00f3 va anar de la m\u00e0 dels doctors Carles Franquelo i Santi Bernades, director m\u00e8dic i coordinador m\u00e8dic de l&#8217;\u00c0rea Sociosanit\u00e0ria de l&#8217;Hospital Sagrat Cor, respectivament, i de Blanca Muntan\u00e9, directora del sector sanitari del Baix Llobregat Nord i del sector sanitari de l&#8217;Alt Pened\u00e8s-Garraf. En aquesta primera part de la sessi\u00f3, es va fer refer\u00e8ncia a la reconversi\u00f3 de la llarga estada en salut mental en qu\u00e8 ens trobem actualment i als or\u00edgens de l&#8217;atenci\u00f3 sociosanit\u00e0ria a Catalunya, amb el Programa Vida als Anys, el qual va suposar una transformaci\u00f3 i reordenaci\u00f3 dels serveis destinats a atendre els malalts cr\u00f2nics. Es va mencionar la creaci\u00f3 dels hospitals de dia, aix\u00ed com de les UFISS, les quals van acabar donant lloc a les EAIA, dos recursos sociosanitaris dels quals el nostre Hospital va ser pioner en el seu desenvolupament.<\/p>\n\n\n\n<figure class=\"wp-block-image alignleft size-full is-resized\"><img loading=\"lazy\" decoding=\"async\" src=\"https:\/\/hospitalsagratcormartorell.org\/entre-tots\/wp-content\/uploads\/2022\/10\/808_cat_ESCALA_616_600.jpeg\" alt=\"\" class=\"wp-image-4973\" width=\"290\" height=\"282\" srcset=\"https:\/\/fundaciohospitalariesmartorell.org\/entre-tots\/wp-content\/uploads\/2022\/10\/808_cat_ESCALA_616_600.jpeg 616w, https:\/\/fundaciohospitalariesmartorell.org\/entre-tots\/wp-content\/uploads\/2022\/10\/808_cat_ESCALA_616_600-300x292.jpeg 300w\" sizes=\"auto, (max-width: 290px) 100vw, 290px\" \/><\/figure>\n\n\n\n<p>Per la seva banda, Blanca Muntan\u00e9 va destacar la import\u00e0ncia de la jornada com a punt de trobada dels equips de tot Catalunya, la qual ha de servir per generar projectes i donar una resposta integrada sanit\u00e0ria i social a una malaltia d&#8217;elevada prevalen\u00e7a. Tamb\u00e9 va fer refer\u00e8ncia al treball en xarxa amb els equips comunitaris i a un abordatge a trav\u00e9s de tots els determinants socials de la salut, en el marc del Pla de Salut 2021-2025.<\/p>\n\n\n\n<p>A continuaci\u00f3, la doctora Carme Serrano, cap del Departament M\u00e8dic de l&#8217;HSJD de Martorell, va introduir i moderar el primer bloc de la sessi\u00f3, amb el nom de \u2018Diagn\u00f2stic prodr\u00f2mic de la malaltia d&#8217;Alzheimer com a nou repte&#8217;. Primer va intervenir el doctor Javier Olazar\u00e1n, neur\u00f2leg de la Unitat de Trastorns de la Mem\u00f2ria d&#8217;HM Hospitales, qui va parlar d&#8217;un projecte a la Comunitat de Madrid consistent en la creaci\u00f3 d&#8217;un protocol b\u00e0sic com\u00fa per a l&#8217;estudi del deteriorament cognitiu. A continuaci\u00f3, el doctor Juan Carlos Cejudo, neuropsic\u00f2leg de l&#8217;Hospital Sagrat Cor de Martorell, va explicar un estudi dut a terme al nostre Hospital i que sortir\u00e0 publicat el mes de novembre a una revista cient\u00edfica, sobre el fet que la funci\u00f3 sem\u00e0ntica, junt amb la mem\u00f2ria epis\u00f2dica, pot ser un bon marcador cognitiu per a la detecci\u00f3 de l&#8217;Alzheimer en les fases inicials de la malaltia.&nbsp;<\/p>\n\n\n\n<figure class=\"wp-block-image alignright size-full is-resized\"><img loading=\"lazy\" decoding=\"async\" src=\"https:\/\/hospitalsagratcormartorell.org\/entre-tots\/wp-content\/uploads\/2022\/10\/805_cat_ESCALA_622_600.jpeg\" alt=\"\" class=\"wp-image-4924\" width=\"336\" height=\"325\" srcset=\"https:\/\/fundaciohospitalariesmartorell.org\/entre-tots\/wp-content\/uploads\/2022\/10\/805_cat_ESCALA_622_600.jpeg 622w, https:\/\/fundaciohospitalariesmartorell.org\/entre-tots\/wp-content\/uploads\/2022\/10\/805_cat_ESCALA_622_600-300x289.jpeg 300w\" sizes=\"auto, (max-width: 336px) 100vw, 336px\" \/><\/figure>\n\n\n\n<p>Pel que fa al bloc sobre aspectes bio\u00e8tics i pr\u00e0ctics del diagn\u00f2stic de la malaltia d&#8217;Alzheimer prodr\u00f2mica, moderat pel doctor Dom\u00e8nec Gil, neur\u00f2leg de l&#8217;Hospital Sagrat Cor, el doctor Bernab\u00e9 Robles, professor associat de Neurologia i Bio\u00e8tica del Departament de Ci\u00e8ncies Socials i Salut Comunit\u00e0ria de la UVic, va centrar la seva xerrada en els reptes \u00e8tics del diagn\u00f2stic prodr\u00f2mic d&#8217;aquesta malaltia apuntant, entre altres q\u00fcestions, que aquest diagn\u00f2stic pot ser bo per a la societat per\u00f2 no per al\/la pacient i la necessitat de canviar el nom de diagn\u00f2stic preco\u00e7 per diagn\u00f2stic oport\u00fa, que \u00e9s aquell al qual s&#8217;hauria d&#8217;aspirar.<\/p>\n\n\n\n<p>Tot seguit es va celebrar una taula rodona sobre el diagn\u00f2stic de la malaltia d&#8217;Alzheimer prodr\u00f2mica i la implicaci\u00f3 assistencial a les unitats de dem\u00e8ncia, la qual va comptar amb la intervenci\u00f3 del doctor Joan Catena, geriatra de l&#8217;Hospital de Sant Andreu, qui va explicar el funcionament tradicional del diagn\u00f2stic de les dem\u00e8ncies, sense punci\u00f3 lumbar ni marcadors biol\u00f2gics. Per la seva banda, la doctora Teresa Osuna, neur\u00f2loga de la Fundaci\u00f3 Salut Empord\u00e0, va fer refer\u00e8ncia a la incorporaci\u00f3 del diagn\u00f2stic prodr\u00f2mic de la malaltia d&#8217;Alzheimer&nbsp;a partir de la punci\u00f3 lumbar. Finalment, N\u00faria Clos, de la Fundaci\u00f3 Alzheimer Catalunya, va posar l&#8217;\u00e8mfasi en la part humana de l&#8217;atenci\u00f3, la necessitat de suport a les fam\u00edlies, d&#8217;oferir-los acompanyament en un moment tan dif\u00edcil.<\/p>\n\n\n\n<p>A continuaci\u00f3, la doctora Galdina Valls, cap operativa de l&#8217;atenci\u00f3 interm\u00e8dia de l&#8217;\u00c0rea Assistencial del CatSalut, va desgranar el PLADEMCAT 2020-2024, on les EAIAs tindran un paper clau en el diagn\u00f2stic de la dem\u00e8ncia, i va demanar ajuda a tots els\/les professionals assistents per tirar endavant aquest projecte.<\/p>\n\n\n\n<figure class=\"wp-block-image alignleft size-full is-resized\"><img loading=\"lazy\" decoding=\"async\" src=\"https:\/\/hospitalsagratcormartorell.org\/entre-tots\/wp-content\/uploads\/2022\/10\/806_cat_ESCALA_645_600.jpeg\" alt=\"\" class=\"wp-image-4925\" width=\"328\" height=\"305\" srcset=\"https:\/\/fundaciohospitalariesmartorell.org\/entre-tots\/wp-content\/uploads\/2022\/10\/806_cat_ESCALA_645_600.jpeg 645w, https:\/\/fundaciohospitalariesmartorell.org\/entre-tots\/wp-content\/uploads\/2022\/10\/806_cat_ESCALA_645_600-300x279.jpeg 300w\" sizes=\"auto, (max-width: 328px) 100vw, 328px\" \/><\/figure>\n\n\n\n<p>La cloenda de la jornada va anar de la m\u00e0 del doctor Jes\u00fas Ezquerra, director gerent de l&#8217;Hospital Sagrat Cor, i del doctor Ignasi Carrasco, director de l&#8217;\u00c0rea Assistencial del CatSalut. Despr\u00e9s d&#8217;agrair a totes les persones que van fer possible la jornada i a les persones assistents, el Dr. Ezquerra va explicar que l&#8217;Hospital Sagrat Cor \u00e9s una instituci\u00f3 que fa seixanta anys que, com a referent de la salut mental i l&#8217;atenci\u00f3 sociosanit\u00e0ria al Baix Llobregat Nord, ofereix serveis en aquests dos \u00e0mbits assistencials, i va recordar els inicis dels recursos sociosanitaris del Centre. Tamb\u00e9 va refermar l&#8217;aposta actual de l&#8217;Hospital per l&#8217;atenci\u00f3 interm\u00e8dia, la qual ha de significar -segons va assenyalar- que l&#8217;atenci\u00f3 sociosanit\u00e0ria deixi de ser la ventafocs del nostre sistema de salut. Per la seva banda, el Dr. Carrasco va iniciar la seva exposici\u00f3 amb un agra\u00efment a la Congregaci\u00f3 de les Germanes Hospital\u00e0ries del Sagrat Cor de Jes\u00fas per la seva contribuci\u00f3, durant tots aquests anys, al sistema de salut de Catalunya. Aix\u00ed mateix, va encoratjar els i les professionals a generar el canvi perqu\u00e8 aquest nou model es pugui desenvolupar. La superiora del Centre, Sor Isabel Bl\u00e1zquez, tamb\u00e9 va voler intervenir per destacar l&#8217;alt nivell de les pon\u00e8ncies i va fer seva la frase de Sant Benito Menni &#8220;Ciencia y Caridad&#8221;, la qual va adaptar als nous temps per &#8220;Ciencia y Calidad&#8221;.<\/p>\n\n\n\n<p>El Dr. Cejudo, que va ser l&#8217;encarregat de presentar les conclusions de la reuni\u00f3 d&#8217;EAIAs, va destacar la import\u00e0ncia de jornades com aquesta les quals edevenen un punt de conflu\u00e8ncia de diversos actors, com l&#8217;Administraci\u00f3, professionals experts en dem\u00e8ncies&#8230; Finalment, es va obrir un torn de paraula, on es va posar de manifest l&#8217;inter\u00e8s que va suscitar la jornada, i es va empla\u00e7ar les persones assistents a una nova reuni\u00f3 de cara a l&#8217;any vinent.<\/p>\n","protected":false},"excerpt":{"rendered":"<p>L&#8217;Hospital Sagrat Cor va reprendre, despr\u00e9s de sis anys de la darrera reuni\u00f3, una nova trobada d&#8217;EAIAs de tot Catalunya, a fi de debatre i consensuar actuacions adaptades a la nova realitat de cada moment per millorar la pr\u00e0ctica assistencial. Aix\u00ed, el 7 d&#8217;octubre la sala d&#8217;actes del Centre va congregar m\u00e9s de 80 professionals [&hellip;]<\/p>\n","protected":false},"author":3,"featured_media":4789,"comment_status":"closed","ping_status":"closed","sticky":false,"template":"","format":"standard","meta":{"footnotes":""},"categories":[27],"tags":[],"class_list":["post-4788","post","type-post","status-publish","format-standard","has-post-thumbnail","hentry","category-actualitat"],"blocksy_meta":{"styles_descriptor":{"styles":{"desktop":"","tablet":"","mobile":""},"google_fonts":[],"version":6}},"featured_image_urls_v2":{"full":["https:\/\/fundaciohospitalariesmartorell.org\/entre-tots\/wp-content\/uploads\/2022\/10\/image.png",450,324,false],"thumbnail":["https:\/\/fundaciohospitalariesmartorell.org\/entre-tots\/wp-content\/uploads\/2022\/10\/image-150x150.png",150,150,true],"medium":["https:\/\/fundaciohospitalariesmartorell.org\/entre-tots\/wp-content\/uploads\/2022\/10\/image-300x216.png",300,216,true],"medium_large":["https:\/\/fundaciohospitalariesmartorell.org\/entre-tots\/wp-content\/uploads\/2022\/10\/image.png",450,324,false],"large":["https:\/\/fundaciohospitalariesmartorell.org\/entre-tots\/wp-content\/uploads\/2022\/10\/image.png",450,324,false],"1536x1536":["https:\/\/fundaciohospitalariesmartorell.org\/entre-tots\/wp-content\/uploads\/2022\/10\/image.png",450,324,false],"2048x2048":["https:\/\/fundaciohospitalariesmartorell.org\/entre-tots\/wp-content\/uploads\/2022\/10\/image.png",450,324,false],"mailpoet_newsletter_max":["https:\/\/fundaciohospitalariesmartorell.org\/entre-tots\/wp-content\/uploads\/2022\/10\/image.png",450,324,false]},"post_excerpt_stackable_v2":"<p>L&#8217;Hospital Sagrat Cor va reprendre, despr\u00e9s de sis anys de la darrera reuni\u00f3, una nova trobada d&#8217;EAIAs de tot Catalunya, a fi de debatre i consensuar actuacions adaptades a la nova realitat de cada moment per millorar la pr\u00e0ctica assistencial. Aix\u00ed, el 7 d&#8217;octubre la sala d&#8217;actes del Centre va congregar m\u00e9s de 80 professionals a una jornada que, per primera vegada, va comptar amb representants de l&#8217;administraci\u00f3 p\u00fablica, i que es va centrar en el diagn\u00f2stic preco\u00e7 de la dem\u00e8ncia, el qual esdev\u00e9 la m\u00e0xima prioritat que ha centrar el nou model d&#8217;EAIA. La presentaci\u00f3 va anar de la&hellip;<\/p>\n","category_list_v2":"<a href=\"https:\/\/fundaciohospitalariesmartorell.org\/entre-tots\/category\/actualitat\/\" rel=\"category tag\">ACTUALITAT<\/a>","author_info_v2":{"name":"Anna Casanovas","url":"https:\/\/fundaciohospitalariesmartorell.org\/entre-tots\/author\/acasanovasr\/"},"comments_num_v2":"0 comments","_links":{"self":[{"href":"https:\/\/fundaciohospitalariesmartorell.org\/entre-tots\/wp-json\/wp\/v2\/posts\/4788","targetHints":{"allow":["GET"]}}],"collection":[{"href":"https:\/\/fundaciohospitalariesmartorell.org\/entre-tots\/wp-json\/wp\/v2\/posts"}],"about":[{"href":"https:\/\/fundaciohospitalariesmartorell.org\/entre-tots\/wp-json\/wp\/v2\/types\/post"}],"author":[{"embeddable":true,"href":"https:\/\/fundaciohospitalariesmartorell.org\/entre-tots\/wp-json\/wp\/v2\/users\/3"}],"replies":[{"embeddable":true,"href":"https:\/\/fundaciohospitalariesmartorell.org\/entre-tots\/wp-json\/wp\/v2\/comments?post=4788"}],"version-history":[{"count":10,"href":"https:\/\/fundaciohospitalariesmartorell.org\/entre-tots\/wp-json\/wp\/v2\/posts\/4788\/revisions"}],"predecessor-version":[{"id":5806,"href":"https:\/\/fundaciohospitalariesmartorell.org\/entre-tots\/wp-json\/wp\/v2\/posts\/4788\/revisions\/5806"}],"wp:featuredmedia":[{"embeddable":true,"href":"https:\/\/fundaciohospitalariesmartorell.org\/entre-tots\/wp-json\/wp\/v2\/media\/4789"}],"wp:attachment":[{"href":"https:\/\/fundaciohospitalariesmartorell.org\/entre-tots\/wp-json\/wp\/v2\/media?parent=4788"}],"wp:term":[{"taxonomy":"category","embeddable":true,"href":"https:\/\/fundaciohospitalariesmartorell.org\/entre-tots\/wp-json\/wp\/v2\/categories?post=4788"},{"taxonomy":"post_tag","embeddable":true,"href":"https:\/\/fundaciohospitalariesmartorell.org\/entre-tots\/wp-json\/wp\/v2\/tags?post=4788"}],"curies":[{"name":"wp","href":"https:\/\/api.w.org\/{rel}","templated":true}]}}