{"id":4802,"date":"2022-10-31T09:58:26","date_gmt":"2022-10-31T07:58:26","guid":{"rendered":"https:\/\/newweb.hospitalsagratcormartorell.org\/entre-tots\/?p=4802"},"modified":"2022-10-31T14:55:28","modified_gmt":"2022-10-31T12:55:28","slug":"musica-i-reivindicacio-a-lacte-de-celebracio-del-dia-mundial-de-la-salut-mental-a-sant-feliu","status":"publish","type":"post","link":"https:\/\/fundaciohospitalariesmartorell.org\/entre-tots\/2022\/10\/musica-i-reivindicacio-a-lacte-de-celebracio-del-dia-mundial-de-la-salut-mental-a-sant-feliu\/","title":{"rendered":"M\u00fasica i reivindicaci\u00f3 a l\u2019acte de celebraci\u00f3 del Dia Mundial de la Salut Mental a Sant Feliu"},"content":{"rendered":"\n<figure class=\"wp-block-image size-large\"><img loading=\"lazy\" decoding=\"async\" width=\"1024\" height=\"795\" src=\"https:\/\/hospitalsagratcormartorell.org\/entre-tots\/wp-content\/uploads\/2022\/10\/IMG-20221027-WA0012-1024x795.jpg\" alt=\"\" class=\"wp-image-4804\" srcset=\"https:\/\/fundaciohospitalariesmartorell.org\/entre-tots\/wp-content\/uploads\/2022\/10\/IMG-20221027-WA0012-1024x795.jpg 1024w, https:\/\/fundaciohospitalariesmartorell.org\/entre-tots\/wp-content\/uploads\/2022\/10\/IMG-20221027-WA0012-300x233.jpg 300w, https:\/\/fundaciohospitalariesmartorell.org\/entre-tots\/wp-content\/uploads\/2022\/10\/IMG-20221027-WA0012-768x596.jpg 768w, https:\/\/fundaciohospitalariesmartorell.org\/entre-tots\/wp-content\/uploads\/2022\/10\/IMG-20221027-WA0012.jpg 1275w\" sizes=\"auto, (max-width: 1024px) 100vw, 1024px\" \/><\/figure>\n\n\n\n<p>El CSMA i l\u2019SRC de Sant Feliu, de l\u2019Hospital Sagrat Cor, van organitzar, junt amb l\u2019Ajuntament de la localitat, l\u2019Escola Municipal de M\u00fasica i la Fundaci\u00f3 Nou Cam\u00ed, un acte de celebraci\u00f3 del Dia Mundial de la Salut Mental, que va tenir lloc el 26 d\u2019octubre a la Sala dels \u00c0ustries del Palau Falguera.<\/p>\n\n\n\n<p>L\u2019acte es va iniciar amb parlaments d\u2019Oriol Bossa, alcalde de Sant Feliu; Loren Rider, regidora de Salut P\u00fablica i Consum, i la doctora Agueda Solivellas, coordinadora del CSMA, SRC i HD Sociosanitari de Sant Feliu de l\u2019Hospital Sagrat Cor.<\/p>\n\n\n\n<figure class=\"wp-block-image size-large\"><img loading=\"lazy\" decoding=\"async\" width=\"1024\" height=\"850\" src=\"https:\/\/hospitalsagratcormartorell.org\/entre-tots\/wp-content\/uploads\/2022\/10\/IMG-20221027-WA0007-1-1024x850.jpg\" alt=\"\" class=\"wp-image-4805\" srcset=\"https:\/\/fundaciohospitalariesmartorell.org\/entre-tots\/wp-content\/uploads\/2022\/10\/IMG-20221027-WA0007-1-1024x850.jpg 1024w, https:\/\/fundaciohospitalariesmartorell.org\/entre-tots\/wp-content\/uploads\/2022\/10\/IMG-20221027-WA0007-1-300x249.jpg 300w, https:\/\/fundaciohospitalariesmartorell.org\/entre-tots\/wp-content\/uploads\/2022\/10\/IMG-20221027-WA0007-1-768x637.jpg 768w, https:\/\/fundaciohospitalariesmartorell.org\/entre-tots\/wp-content\/uploads\/2022\/10\/IMG-20221027-WA0007-1.jpg 1292w\" sizes=\"auto, (max-width: 1024px) 100vw, 1024px\" \/><\/figure>\n\n\n\n<p>A continuaci\u00f3, alumnes de l&#8217;Escola de M\u00fasica Municipal de Sant Feliu van interpretar unes peces musicals. Seguidament, es va realitzar la lectura d\u2019un manifest per part d\u2019una persona usu\u00e0ria del CSMA i SRC de Sant Feliu, en el qual es van exposar diverses reivindicacions, com la igualtat de drets, una major inversi\u00f3 i recursos destinats a la salut mental, el dret a ser escoltat i valorat o el fet de poder avan\u00e7ar i cr\u00e9ixer com a persones amb somnis i perspectives de futur.<\/p>\n\n\n\n<p>Finalment, la quarantena de persones que van assistir a l\u2019esdeveniment van poder gaudir de l\u2019assaig de la banda municipal de l\u2019Escola de M\u00fasica.<\/p>\n","protected":false},"excerpt":{"rendered":"<p>El CSMA i l\u2019SRC de Sant Feliu, de l\u2019Hospital Sagrat Cor, van organitzar, junt amb l\u2019Ajuntament de la localitat, l\u2019Escola Municipal de M\u00fasica i la Fundaci\u00f3 Nou Cam\u00ed, un acte de celebraci\u00f3 del Dia Mundial de la Salut Mental, que va tenir lloc el 26 d\u2019octubre a la Sala dels \u00c0ustries del Palau Falguera. L\u2019acte [&hellip;]<\/p>\n","protected":false},"author":3,"featured_media":4804,"comment_status":"closed","ping_status":"closed","sticky":false,"template":"","format":"standard","meta":{"footnotes":""},"categories":[27],"tags":[],"class_list":["post-4802","post","type-post","status-publish","format-standard","has-post-thumbnail","hentry","category-actualitat"],"blocksy_meta":{"styles_descriptor":{"styles":{"desktop":"","tablet":"","mobile":""},"google_fonts":[],"version":6}},"featured_image_urls_v2":{"full":["https:\/\/fundaciohospitalariesmartorell.org\/entre-tots\/wp-content\/uploads\/2022\/10\/IMG-20221027-WA0012.jpg",1275,990,false],"thumbnail":["https:\/\/fundaciohospitalariesmartorell.org\/entre-tots\/wp-content\/uploads\/2022\/10\/IMG-20221027-WA0012-150x150.jpg",150,150,true],"medium":["https:\/\/fundaciohospitalariesmartorell.org\/entre-tots\/wp-content\/uploads\/2022\/10\/IMG-20221027-WA0012-300x233.jpg",300,233,true],"medium_large":["https:\/\/fundaciohospitalariesmartorell.org\/entre-tots\/wp-content\/uploads\/2022\/10\/IMG-20221027-WA0012-768x596.jpg",768,596,true],"large":["https:\/\/fundaciohospitalariesmartorell.org\/entre-tots\/wp-content\/uploads\/2022\/10\/IMG-20221027-WA0012-1024x795.jpg",1024,795,true],"1536x1536":["https:\/\/fundaciohospitalariesmartorell.org\/entre-tots\/wp-content\/uploads\/2022\/10\/IMG-20221027-WA0012.jpg",1275,990,false],"2048x2048":["https:\/\/fundaciohospitalariesmartorell.org\/entre-tots\/wp-content\/uploads\/2022\/10\/IMG-20221027-WA0012.jpg",1275,990,false],"mailpoet_newsletter_max":["https:\/\/fundaciohospitalariesmartorell.org\/entre-tots\/wp-content\/uploads\/2022\/10\/IMG-20221027-WA0012.jpg",1275,990,false]},"post_excerpt_stackable_v2":"<p>El CSMA i l\u2019SRC de Sant Feliu, de l\u2019Hospital Sagrat Cor, van organitzar, junt amb l\u2019Ajuntament de la localitat, l\u2019Escola Municipal de M\u00fasica i la Fundaci\u00f3 Nou Cam\u00ed, un acte de celebraci\u00f3 del Dia Mundial de la Salut Mental, que va tenir lloc el 26 d\u2019octubre a la Sala dels \u00c0ustries del Palau Falguera. L\u2019acte es va iniciar amb parlaments d\u2019Oriol Bossa, alcalde de Sant Feliu; Loren Rider, regidora de Salut P\u00fablica i Consum, i la doctora Agueda Solivellas, coordinadora del CSMA, SRC i HD Sociosanitari de Sant Feliu de l\u2019Hospital Sagrat Cor. A continuaci\u00f3, alumnes de l&#8217;Escola de M\u00fasica&hellip;<\/p>\n","category_list_v2":"<a href=\"https:\/\/fundaciohospitalariesmartorell.org\/entre-tots\/category\/actualitat\/\" rel=\"category tag\">ACTUALITAT<\/a>","author_info_v2":{"name":"Anna Casanovas","url":"https:\/\/fundaciohospitalariesmartorell.org\/entre-tots\/author\/acasanovasr\/"},"comments_num_v2":"0 comments","_links":{"self":[{"href":"https:\/\/fundaciohospitalariesmartorell.org\/entre-tots\/wp-json\/wp\/v2\/posts\/4802","targetHints":{"allow":["GET"]}}],"collection":[{"href":"https:\/\/fundaciohospitalariesmartorell.org\/entre-tots\/wp-json\/wp\/v2\/posts"}],"about":[{"href":"https:\/\/fundaciohospitalariesmartorell.org\/entre-tots\/wp-json\/wp\/v2\/types\/post"}],"author":[{"embeddable":true,"href":"https:\/\/fundaciohospitalariesmartorell.org\/entre-tots\/wp-json\/wp\/v2\/users\/3"}],"replies":[{"embeddable":true,"href":"https:\/\/fundaciohospitalariesmartorell.org\/entre-tots\/wp-json\/wp\/v2\/comments?post=4802"}],"version-history":[{"count":3,"href":"https:\/\/fundaciohospitalariesmartorell.org\/entre-tots\/wp-json\/wp\/v2\/posts\/4802\/revisions"}],"predecessor-version":[{"id":4913,"href":"https:\/\/fundaciohospitalariesmartorell.org\/entre-tots\/wp-json\/wp\/v2\/posts\/4802\/revisions\/4913"}],"wp:featuredmedia":[{"embeddable":true,"href":"https:\/\/fundaciohospitalariesmartorell.org\/entre-tots\/wp-json\/wp\/v2\/media\/4804"}],"wp:attachment":[{"href":"https:\/\/fundaciohospitalariesmartorell.org\/entre-tots\/wp-json\/wp\/v2\/media?parent=4802"}],"wp:term":[{"taxonomy":"category","embeddable":true,"href":"https:\/\/fundaciohospitalariesmartorell.org\/entre-tots\/wp-json\/wp\/v2\/categories?post=4802"},{"taxonomy":"post_tag","embeddable":true,"href":"https:\/\/fundaciohospitalariesmartorell.org\/entre-tots\/wp-json\/wp\/v2\/tags?post=4802"}],"curies":[{"name":"wp","href":"https:\/\/api.w.org\/{rel}","templated":true}]}}