{"id":4819,"date":"2022-10-31T09:57:27","date_gmt":"2022-10-31T07:57:27","guid":{"rendered":"https:\/\/newweb.hospitalsagratcormartorell.org\/entre-tots\/?p=4819"},"modified":"2022-10-31T14:59:31","modified_gmt":"2022-10-31T12:59:31","slug":"caminada-i-inauguracio-de-lexposicio-de-parelles-artistiques-amb-motiu-del-dia-mundial-de-la-salut-mental-a-berga","status":"publish","type":"post","link":"https:\/\/fundaciohospitalariesmartorell.org\/entre-tots\/2022\/10\/caminada-i-inauguracio-de-lexposicio-de-parelles-artistiques-amb-motiu-del-dia-mundial-de-la-salut-mental-a-berga\/","title":{"rendered":"Caminada i inauguraci\u00f3 de l\u2019exposici\u00f3 de &#8220;Parelles art\u00edstiques&#8221;, amb motiu del Dia Mundial de la Salut Mental a Berga"},"content":{"rendered":"\n<figure class=\"wp-block-image alignright size-full is-resized\"><img loading=\"lazy\" decoding=\"async\" src=\"https:\/\/hospitalsagratcormartorell.org\/entre-tots\/wp-content\/uploads\/2022\/10\/814_cat_ESCALA_INF_280_215.jpeg\" alt=\"\" class=\"wp-image-4822\" width=\"271\" height=\"208\"\/><\/figure>\n\n\n\n<p>El mateix 10 d&#8217;octubre, Dia Mundial de la Salut Mental, des dels serveis de salut mental de Berga de l&#8217;Hospital Sagrat Cor, junt amb la resta de membres de la Comissi\u00f3 de Salut Mental del Bergued\u00e0, es va organitzar una caminada pels voltants de Berga en la qual van participar unes 25 persones. En acabar, es va celebrar un esmorzar solidari i saludable i es va llegir un manifest.&nbsp;<\/p>\n\n\n\n<p>A la tarda, a la Biblioteca Ramon Vinyes i Cluet, es va realitzar la xerrada <em>L&#8217;art com a superaci\u00f3 de les malalties f\u00edsiques i mentals<\/em> i, a continuaci\u00f3, es va inaugurar la sisena edici\u00f3 del projecte \u201cParelles Art\u00edstiques\u201d, que enguany compta amb 12 parelles art\u00edstiques, formades per usuaris de salut mental del CSMA, SRC i Hospital de Dia de Berga. Es van presentar mostres art\u00edstiques variades, com quadres, una cer\u00e0mica, una l\u00e0mpada i una fotografia.<\/p>\n\n\n\n<figure class=\"wp-block-image alignleft size-full is-resized\"><img loading=\"lazy\" decoding=\"async\" src=\"https:\/\/hospitalsagratcormartorell.org\/entre-tots\/wp-content\/uploads\/2022\/10\/813_cat_ESCALA_INF_280_216-1.jpeg\" alt=\"\" class=\"wp-image-4823\" width=\"274\" height=\"212\"\/><\/figure>\n\n\n\n<p>\u201cParelles Art\u00edstiques\u201d \u00e9s una experi\u00e8ncia creativa per a la salut mental que consisteix en la creaci\u00f3 i la posterior exposici\u00f3 de les obres realitzades per parelles art\u00edstiques formades per dos artistes, un dels quals est\u00e0 vinculat a recursos de salut mental. El programa facilita que les persones participants gaudeixin de l&#8217;art com a forma d&#8217;expressi\u00f3 i creixement. L&#8217;exposici\u00f3 itinerant recorrer\u00e0 tot el Bergued\u00e0 i es podr\u00e0 veure a Puig-reig, Berga, Gironella i Bag\u00e0.\u00a0<\/p>\n","protected":false},"excerpt":{"rendered":"<p>El mateix 10 d&#8217;octubre, Dia Mundial de la Salut Mental, des dels serveis de salut mental de Berga de l&#8217;Hospital Sagrat Cor, junt amb la resta de membres de la Comissi\u00f3 de Salut Mental del Bergued\u00e0, es va organitzar una caminada pels voltants de Berga en la qual van participar unes 25 persones. En acabar, [&hellip;]<\/p>\n","protected":false},"author":3,"featured_media":4822,"comment_status":"closed","ping_status":"closed","sticky":false,"template":"","format":"standard","meta":{"footnotes":""},"categories":[27],"tags":[],"class_list":["post-4819","post","type-post","status-publish","format-standard","has-post-thumbnail","hentry","category-actualitat"],"blocksy_meta":{"styles_descriptor":{"styles":{"desktop":"","tablet":"","mobile":""},"google_fonts":[],"version":6}},"featured_image_urls_v2":{"full":["https:\/\/fundaciohospitalariesmartorell.org\/entre-tots\/wp-content\/uploads\/2022\/10\/814_cat_ESCALA_INF_280_215.jpeg",280,215,false],"thumbnail":["https:\/\/fundaciohospitalariesmartorell.org\/entre-tots\/wp-content\/uploads\/2022\/10\/814_cat_ESCALA_INF_280_215-150x150.jpeg",150,150,true],"medium":["https:\/\/fundaciohospitalariesmartorell.org\/entre-tots\/wp-content\/uploads\/2022\/10\/814_cat_ESCALA_INF_280_215.jpeg",280,215,false],"medium_large":["https:\/\/fundaciohospitalariesmartorell.org\/entre-tots\/wp-content\/uploads\/2022\/10\/814_cat_ESCALA_INF_280_215.jpeg",280,215,false],"large":["https:\/\/fundaciohospitalariesmartorell.org\/entre-tots\/wp-content\/uploads\/2022\/10\/814_cat_ESCALA_INF_280_215.jpeg",280,215,false],"1536x1536":["https:\/\/fundaciohospitalariesmartorell.org\/entre-tots\/wp-content\/uploads\/2022\/10\/814_cat_ESCALA_INF_280_215.jpeg",280,215,false],"2048x2048":["https:\/\/fundaciohospitalariesmartorell.org\/entre-tots\/wp-content\/uploads\/2022\/10\/814_cat_ESCALA_INF_280_215.jpeg",280,215,false],"mailpoet_newsletter_max":["https:\/\/fundaciohospitalariesmartorell.org\/entre-tots\/wp-content\/uploads\/2022\/10\/814_cat_ESCALA_INF_280_215.jpeg",280,215,false]},"post_excerpt_stackable_v2":"<p>El mateix 10 d&#8217;octubre, Dia Mundial de la Salut Mental, des dels serveis de salut mental de Berga de l&#8217;Hospital Sagrat Cor, junt amb la resta de membres de la Comissi\u00f3 de Salut Mental del Bergued\u00e0, es va organitzar una caminada pels voltants de Berga en la qual van participar unes 25 persones. En acabar, es va celebrar un esmorzar solidari i saludable i es va llegir un manifest.&nbsp; A la tarda, a la Biblioteca Ramon Vinyes i Cluet, es va realitzar la xerrada L&#8217;art com a superaci\u00f3 de les malalties f\u00edsiques i mentals i, a continuaci\u00f3, es va inaugurar&hellip;<\/p>\n","category_list_v2":"<a href=\"https:\/\/fundaciohospitalariesmartorell.org\/entre-tots\/category\/actualitat\/\" rel=\"category tag\">ACTUALITAT<\/a>","author_info_v2":{"name":"Anna Casanovas","url":"https:\/\/fundaciohospitalariesmartorell.org\/entre-tots\/author\/acasanovasr\/"},"comments_num_v2":"0 comments","_links":{"self":[{"href":"https:\/\/fundaciohospitalariesmartorell.org\/entre-tots\/wp-json\/wp\/v2\/posts\/4819","targetHints":{"allow":["GET"]}}],"collection":[{"href":"https:\/\/fundaciohospitalariesmartorell.org\/entre-tots\/wp-json\/wp\/v2\/posts"}],"about":[{"href":"https:\/\/fundaciohospitalariesmartorell.org\/entre-tots\/wp-json\/wp\/v2\/types\/post"}],"author":[{"embeddable":true,"href":"https:\/\/fundaciohospitalariesmartorell.org\/entre-tots\/wp-json\/wp\/v2\/users\/3"}],"replies":[{"embeddable":true,"href":"https:\/\/fundaciohospitalariesmartorell.org\/entre-tots\/wp-json\/wp\/v2\/comments?post=4819"}],"version-history":[{"count":5,"href":"https:\/\/fundaciohospitalariesmartorell.org\/entre-tots\/wp-json\/wp\/v2\/posts\/4819\/revisions"}],"predecessor-version":[{"id":4918,"href":"https:\/\/fundaciohospitalariesmartorell.org\/entre-tots\/wp-json\/wp\/v2\/posts\/4819\/revisions\/4918"}],"wp:featuredmedia":[{"embeddable":true,"href":"https:\/\/fundaciohospitalariesmartorell.org\/entre-tots\/wp-json\/wp\/v2\/media\/4822"}],"wp:attachment":[{"href":"https:\/\/fundaciohospitalariesmartorell.org\/entre-tots\/wp-json\/wp\/v2\/media?parent=4819"}],"wp:term":[{"taxonomy":"category","embeddable":true,"href":"https:\/\/fundaciohospitalariesmartorell.org\/entre-tots\/wp-json\/wp\/v2\/categories?post=4819"},{"taxonomy":"post_tag","embeddable":true,"href":"https:\/\/fundaciohospitalariesmartorell.org\/entre-tots\/wp-json\/wp\/v2\/tags?post=4819"}],"curies":[{"name":"wp","href":"https:\/\/api.w.org\/{rel}","templated":true}]}}