{"id":4827,"date":"2022-10-31T09:52:20","date_gmt":"2022-10-31T07:52:20","guid":{"rendered":"https:\/\/newweb.hospitalsagratcormartorell.org\/entre-tots\/?p=4827"},"modified":"2022-11-01T00:18:20","modified_gmt":"2022-10-31T22:18:20","slug":"questionari-de-necessitats-formatives-per-al-pla-de-formacio-2023","status":"publish","type":"post","link":"https:\/\/fundaciohospitalariesmartorell.org\/entre-tots\/2022\/10\/questionari-de-necessitats-formatives-per-al-pla-de-formacio-2023\/","title":{"rendered":"Q\u00fcestionari de necessitats formatives per al Pla de Formaci\u00f3 2023"},"content":{"rendered":"\n<p>Aquest mes d\u2019octubre, des de l\u2019\u00c0rea de Persones de l\u2019Hospital Sagrat Cor es va elaborar i difondre un q\u00fcestionari a tota la plantilla, a fi d\u2019ajustar el Programa de Formaci\u00f3 2023 a les necessitats individuals del personal col\u00b7laborador.<\/p>\n\n\n\n<p>Cal tenir present que el programa de formaci\u00f3 anual ens permet continuar avan\u00e7ant en el desenvolupament d\u2019habilitats i compet\u00e8ncies de tots els perfils professionals. Aix\u00ed mateix,&nbsp; la formaci\u00f3 continuada, el manteniment i l\u2019adquisici\u00f3 d\u2019habilitats i de nous coneixements \u00e9s una necessitat professional i \u00e8tica, inherent a les professions sanit\u00e0ries i\/o de les ci\u00e8ncies de la salut, per garantir un nivell adequat d\u2019atenci\u00f3 a les persones que tractem i cuidem.&nbsp;<\/p>\n\n\n\n<p>A continuaci\u00f3 podeu accedir al p\u00f2ster elaborat per a la difusi\u00f3 del q\u00fcestionari.<\/p>\n\n\n\n<figure class=\"wp-block-image size-large\"><img loading=\"lazy\" decoding=\"async\" width=\"731\" height=\"1024\" src=\"https:\/\/hospitalsagratcormartorell.org\/entre-tots\/wp-content\/uploads\/2022\/10\/Captura-de-Pantalla-2022-10-31-a-las-14.23.28-731x1024.png\" alt=\"\" class=\"wp-image-4935\" srcset=\"https:\/\/fundaciohospitalariesmartorell.org\/entre-tots\/wp-content\/uploads\/2022\/10\/Captura-de-Pantalla-2022-10-31-a-las-14.23.28-731x1024.png 731w, https:\/\/fundaciohospitalariesmartorell.org\/entre-tots\/wp-content\/uploads\/2022\/10\/Captura-de-Pantalla-2022-10-31-a-las-14.23.28-214x300.png 214w, https:\/\/fundaciohospitalariesmartorell.org\/entre-tots\/wp-content\/uploads\/2022\/10\/Captura-de-Pantalla-2022-10-31-a-las-14.23.28-768x1076.png 768w, https:\/\/fundaciohospitalariesmartorell.org\/entre-tots\/wp-content\/uploads\/2022\/10\/Captura-de-Pantalla-2022-10-31-a-las-14.23.28.png 988w\" sizes=\"auto, (max-width: 731px) 100vw, 731px\" \/><\/figure>\n","protected":false},"excerpt":{"rendered":"<p>Aquest mes d\u2019octubre, des de l\u2019\u00c0rea de Persones de l\u2019Hospital Sagrat Cor es va elaborar i difondre un q\u00fcestionari a tota la plantilla, a fi d\u2019ajustar el Programa de Formaci\u00f3 2023 a les necessitats individuals del personal col\u00b7laborador. Cal tenir present que el programa de formaci\u00f3 anual ens permet continuar avan\u00e7ant en el desenvolupament d\u2019habilitats [&hellip;]<\/p>\n","protected":false},"author":3,"featured_media":4998,"comment_status":"closed","ping_status":"closed","sticky":false,"template":"","format":"standard","meta":{"footnotes":""},"categories":[27],"tags":[],"class_list":["post-4827","post","type-post","status-publish","format-standard","has-post-thumbnail","hentry","category-actualitat"],"blocksy_meta":{"styles_descriptor":{"styles":{"desktop":"","tablet":"","mobile":""},"google_fonts":[],"version":6}},"featured_image_urls_v2":{"full":["https:\/\/fundaciohospitalariesmartorell.org\/entre-tots\/wp-content\/uploads\/2022\/10\/z.png",716,392,false],"thumbnail":["https:\/\/fundaciohospitalariesmartorell.org\/entre-tots\/wp-content\/uploads\/2022\/10\/z-150x150.png",150,150,true],"medium":["https:\/\/fundaciohospitalariesmartorell.org\/entre-tots\/wp-content\/uploads\/2022\/10\/z-300x164.png",300,164,true],"medium_large":["https:\/\/fundaciohospitalariesmartorell.org\/entre-tots\/wp-content\/uploads\/2022\/10\/z.png",716,392,false],"large":["https:\/\/fundaciohospitalariesmartorell.org\/entre-tots\/wp-content\/uploads\/2022\/10\/z.png",716,392,false],"1536x1536":["https:\/\/fundaciohospitalariesmartorell.org\/entre-tots\/wp-content\/uploads\/2022\/10\/z.png",716,392,false],"2048x2048":["https:\/\/fundaciohospitalariesmartorell.org\/entre-tots\/wp-content\/uploads\/2022\/10\/z.png",716,392,false],"mailpoet_newsletter_max":["https:\/\/fundaciohospitalariesmartorell.org\/entre-tots\/wp-content\/uploads\/2022\/10\/z.png",716,392,false]},"post_excerpt_stackable_v2":"<p>Aquest mes d\u2019octubre, des de l\u2019\u00c0rea de Persones de l\u2019Hospital Sagrat Cor es va elaborar i difondre un q\u00fcestionari a tota la plantilla, a fi d\u2019ajustar el Programa de Formaci\u00f3 2023 a les necessitats individuals del personal col\u00b7laborador. Cal tenir present que el programa de formaci\u00f3 anual ens permet continuar avan\u00e7ant en el desenvolupament d\u2019habilitats i compet\u00e8ncies de tots els perfils professionals. Aix\u00ed mateix,&nbsp; la formaci\u00f3 continuada, el manteniment i l\u2019adquisici\u00f3 d\u2019habilitats i de nous coneixements \u00e9s una necessitat professional i \u00e8tica, inherent a les professions sanit\u00e0ries i\/o de les ci\u00e8ncies de la salut, per garantir un nivell adequat d\u2019atenci\u00f3&hellip;<\/p>\n","category_list_v2":"<a href=\"https:\/\/fundaciohospitalariesmartorell.org\/entre-tots\/category\/actualitat\/\" rel=\"category tag\">ACTUALITAT<\/a>","author_info_v2":{"name":"Anna Casanovas","url":"https:\/\/fundaciohospitalariesmartorell.org\/entre-tots\/author\/acasanovasr\/"},"comments_num_v2":"0 comments","_links":{"self":[{"href":"https:\/\/fundaciohospitalariesmartorell.org\/entre-tots\/wp-json\/wp\/v2\/posts\/4827","targetHints":{"allow":["GET"]}}],"collection":[{"href":"https:\/\/fundaciohospitalariesmartorell.org\/entre-tots\/wp-json\/wp\/v2\/posts"}],"about":[{"href":"https:\/\/fundaciohospitalariesmartorell.org\/entre-tots\/wp-json\/wp\/v2\/types\/post"}],"author":[{"embeddable":true,"href":"https:\/\/fundaciohospitalariesmartorell.org\/entre-tots\/wp-json\/wp\/v2\/users\/3"}],"replies":[{"embeddable":true,"href":"https:\/\/fundaciohospitalariesmartorell.org\/entre-tots\/wp-json\/wp\/v2\/comments?post=4827"}],"version-history":[{"count":10,"href":"https:\/\/fundaciohospitalariesmartorell.org\/entre-tots\/wp-json\/wp\/v2\/posts\/4827\/revisions"}],"predecessor-version":[{"id":5009,"href":"https:\/\/fundaciohospitalariesmartorell.org\/entre-tots\/wp-json\/wp\/v2\/posts\/4827\/revisions\/5009"}],"wp:featuredmedia":[{"embeddable":true,"href":"https:\/\/fundaciohospitalariesmartorell.org\/entre-tots\/wp-json\/wp\/v2\/media\/4998"}],"wp:attachment":[{"href":"https:\/\/fundaciohospitalariesmartorell.org\/entre-tots\/wp-json\/wp\/v2\/media?parent=4827"}],"wp:term":[{"taxonomy":"category","embeddable":true,"href":"https:\/\/fundaciohospitalariesmartorell.org\/entre-tots\/wp-json\/wp\/v2\/categories?post=4827"},{"taxonomy":"post_tag","embeddable":true,"href":"https:\/\/fundaciohospitalariesmartorell.org\/entre-tots\/wp-json\/wp\/v2\/tags?post=4827"}],"curies":[{"name":"wp","href":"https:\/\/api.w.org\/{rel}","templated":true}]}}