{"id":4832,"date":"2022-10-31T11:00:21","date_gmt":"2022-10-31T09:00:21","guid":{"rendered":"https:\/\/newweb.hospitalsagratcormartorell.org\/entre-tots\/?p=4832"},"modified":"2022-11-02T18:05:08","modified_gmt":"2022-11-02T16:05:08","slug":"primer-aniversari-de-la-colonia-de-gats-de-lhospital-sagrat-cor","status":"publish","type":"post","link":"https:\/\/fundaciohospitalariesmartorell.org\/entre-tots\/2022\/10\/primer-aniversari-de-la-colonia-de-gats-de-lhospital-sagrat-cor\/","title":{"rendered":"Primer aniversari de la col\u00f2nia de gats de l\u2019Hospital Sagrat Cor"},"content":{"rendered":"\n<figure class=\"wp-block-embed is-type-video is-provider-youtube wp-block-embed-youtube wp-embed-aspect-16-9 wp-has-aspect-ratio\"><div class=\"wp-block-embed__wrapper\">\n<iframe loading=\"lazy\" title=\"Col\u00f2nia de gats Hospital Sagrat Cor\" width=\"1290\" height=\"726\" src=\"https:\/\/www.youtube.com\/embed\/ehR-Oj2di80?feature=oembed\" frameborder=\"0\" allow=\"accelerometer; autoplay; clipboard-write; encrypted-media; gyroscope; picture-in-picture\" allowfullscreen><\/iframe>\n<\/div><\/figure>\n\n\n\n<p>Aquest mes d\u2019octubre fa just un any que es va comen\u00e7ar a treballar amb l\u2019associaci\u00f3 protectora Martogat amb l\u2019objectiu de millorar la qualitat de vida dels gats que hi havia a l\u2019Hospital Sagrat Cor.<\/p>\n\n\n\n<p>Aix\u00ed, es van establir tres punts on els animals poden trobar-hi menjar i aigua. Tamb\u00e9 disposen d\u2019un contenidor, donat per Martogat, que es va habilitar com a \u201ccaseta\u201d on poden protegir-se de la pluja i el fred. Un artista grafiter el va pintar de manera gratu\u00efta i es va folrar la part interior a fi de millorar-ne l\u2019a\u00efllament i oferir-los una major comoditat.<\/p>\n\n\n\n<p>El projecte de la col\u00f2nia de gats del Centre compta amb quatre volunt\u00e0ries: la Mari Carmen, la Conchi, la Mireia i la Raquel, les quals&nbsp;s\u2019encarreguen de vetllar pel benestar dels animals. En aquest sentit, fan torns per omplir els recipients amb menjar i aigua fresca i neta, i s\u2019asseguren que els gats estiguin en bones condicions de salut.<\/p>\n\n\n\n<figure class=\"wp-block-image aligncenter size-large is-resized\"><img loading=\"lazy\" decoding=\"async\" src=\"https:\/\/hospitalsagratcormartorell.org\/entre-tots\/wp-content\/uploads\/2022\/10\/IMG-20220926-WA0006-923x1024.jpg\" alt=\"\" class=\"wp-image-4835\" width=\"594\" height=\"659\" srcset=\"https:\/\/fundaciohospitalariesmartorell.org\/entre-tots\/wp-content\/uploads\/2022\/10\/IMG-20220926-WA0006-923x1024.jpg 923w, https:\/\/fundaciohospitalariesmartorell.org\/entre-tots\/wp-content\/uploads\/2022\/10\/IMG-20220926-WA0006-270x300.jpg 270w, https:\/\/fundaciohospitalariesmartorell.org\/entre-tots\/wp-content\/uploads\/2022\/10\/IMG-20220926-WA0006-768x852.jpg 768w, https:\/\/fundaciohospitalariesmartorell.org\/entre-tots\/wp-content\/uploads\/2022\/10\/IMG-20220926-WA0006-1385x1536.jpg 1385w, https:\/\/fundaciohospitalariesmartorell.org\/entre-tots\/wp-content\/uploads\/2022\/10\/IMG-20220926-WA0006-1320x1464.jpg 1320w, https:\/\/fundaciohospitalariesmartorell.org\/entre-tots\/wp-content\/uploads\/2022\/10\/IMG-20220926-WA0006.jpg 1503w\" sizes=\"auto, (max-width: 594px) 100vw, 594px\" \/><\/figure>\n\n\n\n<p>Per a aquest fi, les volunt\u00e0ries estan en comunicaci\u00f3 constant amb el Ferran, la Dolors i la Patricia, de\u00a0Martogat, que es desplacen una vegada a la setmana a l\u2019Hospital per donar-los de menjar i beure i controlar sanit\u00e0riament la poblaci\u00f3. Aix\u00ed, entre altres funcions, s\u2019emporten aquells animals que ho necessiten al veterinari per desparasitar-los i esterilitzar-los.<\/p>\n\n\n\n<p>A dia d\u2019avui, la col\u00f2nia est\u00e0 formada per una vintena de gats, el 95 % dels quals estan esterilitzats. Es poden identificar quan ho estan perqu\u00e8 tenen una marca a l\u2019orella: les femelles, a l\u2019orella dreta i els mascles, a l\u2019esquerra.<\/p>\n\n\n\n<figure class=\"wp-block-image size-large\"><img loading=\"lazy\" decoding=\"async\" width=\"1024\" height=\"599\" src=\"https:\/\/hospitalsagratcormartorell.org\/entre-tots\/wp-content\/uploads\/2022\/10\/IMG-20220924-WA0000-1024x599.jpg\" alt=\"\" class=\"wp-image-4834\" srcset=\"https:\/\/fundaciohospitalariesmartorell.org\/entre-tots\/wp-content\/uploads\/2022\/10\/IMG-20220924-WA0000-1024x599.jpg 1024w, https:\/\/fundaciohospitalariesmartorell.org\/entre-tots\/wp-content\/uploads\/2022\/10\/IMG-20220924-WA0000-300x175.jpg 300w, https:\/\/fundaciohospitalariesmartorell.org\/entre-tots\/wp-content\/uploads\/2022\/10\/IMG-20220924-WA0000-768x449.jpg 768w, https:\/\/fundaciohospitalariesmartorell.org\/entre-tots\/wp-content\/uploads\/2022\/10\/IMG-20220924-WA0000.jpg 1160w\" sizes=\"auto, (max-width: 1024px) 100vw, 1024px\" \/><\/figure>\n\n\n\n<p>La M\u00aa Carmen i la Conchi expliquen el gran canvi que han experimentat els animals en tan sols un any i assenyalen que s\u2019ha aconseguit controlar, gaireb\u00e9 per complet, la col\u00f2nia.<\/p>\n\n\n\n<p>La Conchi recorda que ella va ser qui va ajudar a Martogat a agafar, amb una g\u00e0bia trampa, el primer gat de la col\u00f2nia per poder esterilitzar-lo. Amb l\u2019objectiu de causar el menor estr\u00e8s possible als animals, se\u2019ls captura durant la tarda de diumenge per dur-los al veterinari el dilluns al mat\u00ed i retornar-los a l\u2019Hospital el mateix dia a la tarda.<\/p>\n\n\n\n<p>Des d\u2019aqu\u00ed, les volunt\u00e0ries volen aprofitar per demanar que no es posi menjar ni aigua fora de les zones destinades a aquesta funci\u00f3 i per animar el personal col\u00b7laborador del Centre perqu\u00e8 se sumi a la tasca de voluntariat enviant un correu electr\u00f2nic a <a href=\"mailto:martogat@gmail.com\"><u>martogat@gmail.com<\/u><\/a>&nbsp;o un WhatsApp al 654895925.<\/p>\n\n\n\n<p>La col\u00f2nia de gats es troba en tan bon estat que s\u2019ha convertit en la imatge del calendari 2023 de l\u2019Hospital Sagrat Cor. Aix\u00ed, el Centre va fer una donaci\u00f3 de 300 euros per a l\u2019elaboraci\u00f3 dels calendaris, els quals estan a la venta des d\u2019aquest mes d\u2019octubre a un preu de 5 euros, a la recepci\u00f3 i a la cafeteria. L\u2019import que es reculli s\u2019utilitzar\u00e0 \u00edntegrament per ajudar i oferir unes millors condicions de vida als que ja considerem com els \u201cnostres\u201d gats.<\/p>\n\n\n\n<figure class=\"wp-block-image size-large\"><img loading=\"lazy\" decoding=\"async\" width=\"1024\" height=\"724\" src=\"https:\/\/hospitalsagratcormartorell.org\/entre-tots\/wp-content\/uploads\/2022\/10\/IMG-20220926-WA0007-1024x724.jpg\" alt=\"\" class=\"wp-image-4836\" srcset=\"https:\/\/fundaciohospitalariesmartorell.org\/entre-tots\/wp-content\/uploads\/2022\/10\/IMG-20220926-WA0007-1024x724.jpg 1024w, https:\/\/fundaciohospitalariesmartorell.org\/entre-tots\/wp-content\/uploads\/2022\/10\/IMG-20220926-WA0007-300x212.jpg 300w, https:\/\/fundaciohospitalariesmartorell.org\/entre-tots\/wp-content\/uploads\/2022\/10\/IMG-20220926-WA0007-768x543.jpg 768w, https:\/\/fundaciohospitalariesmartorell.org\/entre-tots\/wp-content\/uploads\/2022\/10\/IMG-20220926-WA0007-1536x1086.jpg 1536w, https:\/\/fundaciohospitalariesmartorell.org\/entre-tots\/wp-content\/uploads\/2022\/10\/IMG-20220926-WA0007-1320x933.jpg 1320w, https:\/\/fundaciohospitalariesmartorell.org\/entre-tots\/wp-content\/uploads\/2022\/10\/IMG-20220926-WA0007.jpg 1600w\" sizes=\"auto, (max-width: 1024px) 100vw, 1024px\" \/><\/figure>\n","protected":false},"excerpt":{"rendered":"<p>Aquest mes d\u2019octubre fa just un any que es va comen\u00e7ar a treballar amb l\u2019associaci\u00f3 protectora Martogat amb l\u2019objectiu de millorar la qualitat de vida dels gats que hi havia a l\u2019Hospital Sagrat Cor. Aix\u00ed, es van establir tres punts on els animals poden trobar-hi menjar i aigua. Tamb\u00e9 disposen d\u2019un contenidor, donat per Martogat, [&hellip;]<\/p>\n","protected":false},"author":3,"featured_media":4834,"comment_status":"closed","ping_status":"closed","sticky":false,"template":"","format":"standard","meta":{"footnotes":""},"categories":[28],"tags":[],"class_list":["post-4832","post","type-post","status-publish","format-standard","has-post-thumbnail","hentry","category-tot-aixo-es-nostre"],"blocksy_meta":{"styles_descriptor":{"styles":{"desktop":"","tablet":"","mobile":""},"google_fonts":[],"version":6}},"featured_image_urls_v2":{"full":["https:\/\/fundaciohospitalariesmartorell.org\/entre-tots\/wp-content\/uploads\/2022\/10\/IMG-20220924-WA0000.jpg",1160,678,false],"thumbnail":["https:\/\/fundaciohospitalariesmartorell.org\/entre-tots\/wp-content\/uploads\/2022\/10\/IMG-20220924-WA0000-150x150.jpg",150,150,true],"medium":["https:\/\/fundaciohospitalariesmartorell.org\/entre-tots\/wp-content\/uploads\/2022\/10\/IMG-20220924-WA0000-300x175.jpg",300,175,true],"medium_large":["https:\/\/fundaciohospitalariesmartorell.org\/entre-tots\/wp-content\/uploads\/2022\/10\/IMG-20220924-WA0000-768x449.jpg",768,449,true],"large":["https:\/\/fundaciohospitalariesmartorell.org\/entre-tots\/wp-content\/uploads\/2022\/10\/IMG-20220924-WA0000-1024x599.jpg",1024,599,true],"1536x1536":["https:\/\/fundaciohospitalariesmartorell.org\/entre-tots\/wp-content\/uploads\/2022\/10\/IMG-20220924-WA0000.jpg",1160,678,false],"2048x2048":["https:\/\/fundaciohospitalariesmartorell.org\/entre-tots\/wp-content\/uploads\/2022\/10\/IMG-20220924-WA0000.jpg",1160,678,false],"mailpoet_newsletter_max":["https:\/\/fundaciohospitalariesmartorell.org\/entre-tots\/wp-content\/uploads\/2022\/10\/IMG-20220924-WA0000.jpg",1160,678,false]},"post_excerpt_stackable_v2":"<p>Aquest mes d\u2019octubre fa just un any que es va comen\u00e7ar a treballar amb l\u2019associaci\u00f3 protectora Martogat amb l\u2019objectiu de millorar la qualitat de vida dels gats que hi havia a l\u2019Hospital Sagrat Cor. Aix\u00ed, es van establir tres punts on els animals poden trobar-hi menjar i aigua. Tamb\u00e9 disposen d\u2019un contenidor, donat per Martogat, que es va habilitar com a \u201ccaseta\u201d on poden protegir-se de la pluja i el fred. Un artista grafiter el va pintar de manera gratu\u00efta i es va folrar la part interior a fi de millorar-ne l\u2019a\u00efllament i oferir-los una major comoditat. El projecte de&hellip;<\/p>\n","category_list_v2":"<a href=\"https:\/\/fundaciohospitalariesmartorell.org\/entre-tots\/category\/tot-aixo-es-nostre\/\" rel=\"category tag\">TOT AIX\u00d2 \u00c9S NOSTRE<\/a>","author_info_v2":{"name":"Anna Casanovas","url":"https:\/\/fundaciohospitalariesmartorell.org\/entre-tots\/author\/acasanovasr\/"},"comments_num_v2":"0 comments","_links":{"self":[{"href":"https:\/\/fundaciohospitalariesmartorell.org\/entre-tots\/wp-json\/wp\/v2\/posts\/4832","targetHints":{"allow":["GET"]}}],"collection":[{"href":"https:\/\/fundaciohospitalariesmartorell.org\/entre-tots\/wp-json\/wp\/v2\/posts"}],"about":[{"href":"https:\/\/fundaciohospitalariesmartorell.org\/entre-tots\/wp-json\/wp\/v2\/types\/post"}],"author":[{"embeddable":true,"href":"https:\/\/fundaciohospitalariesmartorell.org\/entre-tots\/wp-json\/wp\/v2\/users\/3"}],"replies":[{"embeddable":true,"href":"https:\/\/fundaciohospitalariesmartorell.org\/entre-tots\/wp-json\/wp\/v2\/comments?post=4832"}],"version-history":[{"count":5,"href":"https:\/\/fundaciohospitalariesmartorell.org\/entre-tots\/wp-json\/wp\/v2\/posts\/4832\/revisions"}],"predecessor-version":[{"id":5018,"href":"https:\/\/fundaciohospitalariesmartorell.org\/entre-tots\/wp-json\/wp\/v2\/posts\/4832\/revisions\/5018"}],"wp:featuredmedia":[{"embeddable":true,"href":"https:\/\/fundaciohospitalariesmartorell.org\/entre-tots\/wp-json\/wp\/v2\/media\/4834"}],"wp:attachment":[{"href":"https:\/\/fundaciohospitalariesmartorell.org\/entre-tots\/wp-json\/wp\/v2\/media?parent=4832"}],"wp:term":[{"taxonomy":"category","embeddable":true,"href":"https:\/\/fundaciohospitalariesmartorell.org\/entre-tots\/wp-json\/wp\/v2\/categories?post=4832"},{"taxonomy":"post_tag","embeddable":true,"href":"https:\/\/fundaciohospitalariesmartorell.org\/entre-tots\/wp-json\/wp\/v2\/tags?post=4832"}],"curies":[{"name":"wp","href":"https:\/\/api.w.org\/{rel}","templated":true}]}}