{"id":4856,"date":"2022-10-31T09:53:03","date_gmt":"2022-10-31T07:53:03","guid":{"rendered":"https:\/\/newweb.hospitalsagratcormartorell.org\/entre-tots\/?p=4856"},"modified":"2022-11-01T00:14:37","modified_gmt":"2022-10-31T22:14:37","slug":"loteria-nadal-loteria-solidaria-projecte-salut-mental-al-carrer-yaonde-camerun-2","status":"publish","type":"post","link":"https:\/\/fundaciohospitalariesmartorell.org\/entre-tots\/2022\/10\/loteria-nadal-loteria-solidaria-projecte-salut-mental-al-carrer-yaonde-camerun-2\/","title":{"rendered":"Loteria de Nadal, loteria solid\u00e0ria amb el projecte de salut mental a Camerun"},"content":{"rendered":"\n<figure class=\"wp-block-image aligncenter size-full is-resized\"><img loading=\"lazy\" decoding=\"async\" src=\"https:\/\/hospitalsagratcormartorell.org\/entre-tots\/wp-content\/uploads\/2022\/10\/Loteria-Nadal-Loteria-Solida\u0300ria-Projecte-salut-mental-al-carrer-Yaonde-Camerun.jpg\" alt=\"Loteria Nadal, Loteria Solid\u00e0ria -Projecte salut mental al carrer Yaonde (Camerun)\" class=\"wp-image-4756\" width=\"500\" height=\"400\"\/><\/figure>\n\n\n\n<p>Des de la Comissi\u00f3 de Solidaritat es van posar a la venda aquest mes d&#8217;octubre,<strong> <\/strong>a la centraleta de l&#8217;Hospital, les participacions de\u00a0Loteria\u00a0de Nadal, la qual se solidaritza amb el projecte de salut mental a Camerun al qual s&#8217;adrecen totes les accions solid\u00e0ries d&#8217;aquest 2022.<\/p>\n\n\n\n<p>Les participacions s\u00f3n de cinc euros, un dels quals anir\u00e0 destinat al projecte amb el nom de &#8220;<a rel=\"noreferrer noopener\" href=\"http:\/\/www.hospitalsagratcormartorell.org\/sala-de-premsa\/noticies\/solidaritat-amb-les-persones-amb-malaltia-mental-sense-sostre-al-camerun.html\" target=\"_blank\">Integraci\u00f3 sociofamiliar i rehabilitaci\u00f3 de persones amb malaltia mental sense sostre a Yaound\u00e9, Camerun<\/a>&#8221; de la Fundaci\u00f3&nbsp;Benito&nbsp;Menni. Aquesta iniciativa t\u00e9 l&#8217;objectiu de reintegrar en el seu ambient familiar i comunitari les persones amb malaltia mental sense llar, sobretot dones i joves.<\/p>\n\n\n\n<p>Us animem que realitzeu la vostra compra. Moltes gr\u00e0cies en endavant per la vostra generositat!<\/p>\n\n\n\n<figure class=\"wp-block-image size-large\"><img loading=\"lazy\" decoding=\"async\" width=\"1024\" height=\"522\" src=\"https:\/\/hospitalsagratcormartorell.org\/entre-tots\/wp-content\/uploads\/2022\/10\/Imagen-de-WhatsApp-2022-10-31-a-las-11.57.38-1024x522.jpg\" alt=\"\" class=\"wp-image-4872\" srcset=\"https:\/\/fundaciohospitalariesmartorell.org\/entre-tots\/wp-content\/uploads\/2022\/10\/Imagen-de-WhatsApp-2022-10-31-a-las-11.57.38-1024x522.jpg 1024w, https:\/\/fundaciohospitalariesmartorell.org\/entre-tots\/wp-content\/uploads\/2022\/10\/Imagen-de-WhatsApp-2022-10-31-a-las-11.57.38-300x153.jpg 300w, https:\/\/fundaciohospitalariesmartorell.org\/entre-tots\/wp-content\/uploads\/2022\/10\/Imagen-de-WhatsApp-2022-10-31-a-las-11.57.38-768x391.jpg 768w, https:\/\/fundaciohospitalariesmartorell.org\/entre-tots\/wp-content\/uploads\/2022\/10\/Imagen-de-WhatsApp-2022-10-31-a-las-11.57.38-1536x782.jpg 1536w, https:\/\/fundaciohospitalariesmartorell.org\/entre-tots\/wp-content\/uploads\/2022\/10\/Imagen-de-WhatsApp-2022-10-31-a-las-11.57.38-1320x672.jpg 1320w, https:\/\/fundaciohospitalariesmartorell.org\/entre-tots\/wp-content\/uploads\/2022\/10\/Imagen-de-WhatsApp-2022-10-31-a-las-11.57.38.jpg 1651w\" sizes=\"auto, (max-width: 1024px) 100vw, 1024px\" \/><\/figure>\n","protected":false},"excerpt":{"rendered":"<p>Des de la Comissi\u00f3 de Solidaritat es van posar a la venda aquest mes d&#8217;octubre, a la centraleta de l&#8217;Hospital, les participacions de\u00a0Loteria\u00a0de Nadal, la qual se solidaritza amb el projecte de salut mental a Camerun al qual s&#8217;adrecen totes les accions solid\u00e0ries d&#8217;aquest 2022. Les participacions s\u00f3n de cinc euros, un dels quals anir\u00e0 [&hellip;]<\/p>\n","protected":false},"author":3,"featured_media":4872,"comment_status":"closed","ping_status":"closed","sticky":false,"template":"","format":"standard","meta":{"footnotes":""},"categories":[27],"tags":[],"class_list":["post-4856","post","type-post","status-publish","format-standard","has-post-thumbnail","hentry","category-actualitat"],"blocksy_meta":{"styles_descriptor":{"styles":{"desktop":"","tablet":"","mobile":""},"google_fonts":[],"version":6}},"featured_image_urls_v2":{"full":["https:\/\/fundaciohospitalariesmartorell.org\/entre-tots\/wp-content\/uploads\/2022\/10\/Imagen-de-WhatsApp-2022-10-31-a-las-11.57.38.jpg",1651,841,false],"thumbnail":["https:\/\/fundaciohospitalariesmartorell.org\/entre-tots\/wp-content\/uploads\/2022\/10\/Imagen-de-WhatsApp-2022-10-31-a-las-11.57.38-150x150.jpg",150,150,true],"medium":["https:\/\/fundaciohospitalariesmartorell.org\/entre-tots\/wp-content\/uploads\/2022\/10\/Imagen-de-WhatsApp-2022-10-31-a-las-11.57.38-300x153.jpg",300,153,true],"medium_large":["https:\/\/fundaciohospitalariesmartorell.org\/entre-tots\/wp-content\/uploads\/2022\/10\/Imagen-de-WhatsApp-2022-10-31-a-las-11.57.38-768x391.jpg",768,391,true],"large":["https:\/\/fundaciohospitalariesmartorell.org\/entre-tots\/wp-content\/uploads\/2022\/10\/Imagen-de-WhatsApp-2022-10-31-a-las-11.57.38-1024x522.jpg",1024,522,true],"1536x1536":["https:\/\/fundaciohospitalariesmartorell.org\/entre-tots\/wp-content\/uploads\/2022\/10\/Imagen-de-WhatsApp-2022-10-31-a-las-11.57.38-1536x782.jpg",1536,782,true],"2048x2048":["https:\/\/fundaciohospitalariesmartorell.org\/entre-tots\/wp-content\/uploads\/2022\/10\/Imagen-de-WhatsApp-2022-10-31-a-las-11.57.38.jpg",1651,841,false],"mailpoet_newsletter_max":["https:\/\/fundaciohospitalariesmartorell.org\/entre-tots\/wp-content\/uploads\/2022\/10\/Imagen-de-WhatsApp-2022-10-31-a-las-11.57.38-1320x672.jpg",1320,672,true]},"post_excerpt_stackable_v2":"<p>Des de la Comissi\u00f3 de Solidaritat es van posar a la venda aquest mes d&#8217;octubre, a la centraleta de l&#8217;Hospital, les participacions de\u00a0Loteria\u00a0de Nadal, la qual se solidaritza amb el projecte de salut mental a Camerun al qual s&#8217;adrecen totes les accions solid\u00e0ries d&#8217;aquest 2022. Les participacions s\u00f3n de cinc euros, un dels quals anir\u00e0 destinat al projecte amb el nom de &#8220;Integraci\u00f3 sociofamiliar i rehabilitaci\u00f3 de persones amb malaltia mental sense sostre a Yaound\u00e9, Camerun&#8221; de la Fundaci\u00f3&nbsp;Benito&nbsp;Menni. Aquesta iniciativa t\u00e9 l&#8217;objectiu de reintegrar en el seu ambient familiar i comunitari les persones amb malaltia mental sense llar, sobretot&hellip;<\/p>\n","category_list_v2":"<a href=\"https:\/\/fundaciohospitalariesmartorell.org\/entre-tots\/category\/actualitat\/\" rel=\"category tag\">ACTUALITAT<\/a>","author_info_v2":{"name":"Anna Casanovas","url":"https:\/\/fundaciohospitalariesmartorell.org\/entre-tots\/author\/acasanovasr\/"},"comments_num_v2":"0 comments","_links":{"self":[{"href":"https:\/\/fundaciohospitalariesmartorell.org\/entre-tots\/wp-json\/wp\/v2\/posts\/4856","targetHints":{"allow":["GET"]}}],"collection":[{"href":"https:\/\/fundaciohospitalariesmartorell.org\/entre-tots\/wp-json\/wp\/v2\/posts"}],"about":[{"href":"https:\/\/fundaciohospitalariesmartorell.org\/entre-tots\/wp-json\/wp\/v2\/types\/post"}],"author":[{"embeddable":true,"href":"https:\/\/fundaciohospitalariesmartorell.org\/entre-tots\/wp-json\/wp\/v2\/users\/3"}],"replies":[{"embeddable":true,"href":"https:\/\/fundaciohospitalariesmartorell.org\/entre-tots\/wp-json\/wp\/v2\/comments?post=4856"}],"version-history":[{"count":13,"href":"https:\/\/fundaciohospitalariesmartorell.org\/entre-tots\/wp-json\/wp\/v2\/posts\/4856\/revisions"}],"predecessor-version":[{"id":5008,"href":"https:\/\/fundaciohospitalariesmartorell.org\/entre-tots\/wp-json\/wp\/v2\/posts\/4856\/revisions\/5008"}],"wp:featuredmedia":[{"embeddable":true,"href":"https:\/\/fundaciohospitalariesmartorell.org\/entre-tots\/wp-json\/wp\/v2\/media\/4872"}],"wp:attachment":[{"href":"https:\/\/fundaciohospitalariesmartorell.org\/entre-tots\/wp-json\/wp\/v2\/media?parent=4856"}],"wp:term":[{"taxonomy":"category","embeddable":true,"href":"https:\/\/fundaciohospitalariesmartorell.org\/entre-tots\/wp-json\/wp\/v2\/categories?post=4856"},{"taxonomy":"post_tag","embeddable":true,"href":"https:\/\/fundaciohospitalariesmartorell.org\/entre-tots\/wp-json\/wp\/v2\/tags?post=4856"}],"curies":[{"name":"wp","href":"https:\/\/api.w.org\/{rel}","templated":true}]}}