{"id":5035,"date":"2022-11-30T10:45:06","date_gmt":"2022-11-30T08:45:06","guid":{"rendered":"https:\/\/newweb.hospitalsagratcormartorell.org\/entre-tots\/?p=5035"},"modified":"2022-12-02T10:31:36","modified_gmt":"2022-12-02T08:31:36","slug":"anunciem-la-nova-unitat-assistencial-de-lhospital-a-la-revista-de-nadal-de-martorell","status":"publish","type":"post","link":"https:\/\/fundaciohospitalariesmartorell.org\/entre-tots\/2022\/11\/anunciem-la-nova-unitat-assistencial-de-lhospital-a-la-revista-de-nadal-de-martorell\/","title":{"rendered":"Anunciem la nova unitat assistencial de l&#8217;Hospital a la\u00a0Revista de Nadal de Martorell"},"content":{"rendered":"\n<p>El nou edifici assistencial de salut mental i sociosanitari de l&#8217;Hospital Sagrat Cor ja \u00e9s una realitat i per aix\u00f2 hem volgut que tingu\u00e9s pres\u00e8ncia a la revista\u00a0oficial de Nadal 2022\/2023\u00a0de Martorell, que l&#8217;Ajuntament va distribuir a finals de novembre a tota la localitat. <\/p>\n\n\n\n<p>Podeu veure l&#8217;anunci a continuaci\u00f3:<\/p>\n\n\n\n<figure class=\"wp-block-image size-large\"><img loading=\"lazy\" decoding=\"async\" width=\"1024\" height=\"1024\" src=\"https:\/\/hospitalsagratcormartorell.org\/entre-tots\/wp-content\/uploads\/2022\/11\/image-1024x1024.png\" alt=\"\" class=\"wp-image-5054\" srcset=\"https:\/\/fundaciohospitalariesmartorell.org\/entre-tots\/wp-content\/uploads\/2022\/11\/image-1024x1024.png 1024w, https:\/\/fundaciohospitalariesmartorell.org\/entre-tots\/wp-content\/uploads\/2022\/11\/image-300x300.png 300w, https:\/\/fundaciohospitalariesmartorell.org\/entre-tots\/wp-content\/uploads\/2022\/11\/image-150x150.png 150w, https:\/\/fundaciohospitalariesmartorell.org\/entre-tots\/wp-content\/uploads\/2022\/11\/image-768x768.png 768w, https:\/\/fundaciohospitalariesmartorell.org\/entre-tots\/wp-content\/uploads\/2022\/11\/image-1536x1536.png 1536w, https:\/\/fundaciohospitalariesmartorell.org\/entre-tots\/wp-content\/uploads\/2022\/11\/image-2048x2048.png 2048w, https:\/\/fundaciohospitalariesmartorell.org\/entre-tots\/wp-content\/uploads\/2022\/11\/image-1320x1320.png 1320w\" sizes=\"auto, (max-width: 1024px) 100vw, 1024px\" \/><\/figure>\n","protected":false},"excerpt":{"rendered":"<p>El nou edifici assistencial de salut mental i sociosanitari de l&#8217;Hospital Sagrat Cor ja \u00e9s una realitat i per aix\u00f2 hem volgut que tingu\u00e9s pres\u00e8ncia a la revista\u00a0oficial de Nadal 2022\/2023\u00a0de Martorell, que l&#8217;Ajuntament va distribuir a finals de novembre a tota la localitat. Podeu veure l&#8217;anunci a continuaci\u00f3:<\/p>\n","protected":false},"author":3,"featured_media":5054,"comment_status":"closed","ping_status":"closed","sticky":false,"template":"","format":"standard","meta":{"footnotes":""},"categories":[27],"tags":[],"class_list":["post-5035","post","type-post","status-publish","format-standard","has-post-thumbnail","hentry","category-actualitat"],"blocksy_meta":{"styles_descriptor":{"styles":{"desktop":"","tablet":"","mobile":""},"google_fonts":[],"version":6}},"featured_image_urls_v2":{"full":["https:\/\/fundaciohospitalariesmartorell.org\/entre-tots\/wp-content\/uploads\/2022\/11\/image.png",2362,2362,false],"thumbnail":["https:\/\/fundaciohospitalariesmartorell.org\/entre-tots\/wp-content\/uploads\/2022\/11\/image-150x150.png",150,150,true],"medium":["https:\/\/fundaciohospitalariesmartorell.org\/entre-tots\/wp-content\/uploads\/2022\/11\/image-300x300.png",300,300,true],"medium_large":["https:\/\/fundaciohospitalariesmartorell.org\/entre-tots\/wp-content\/uploads\/2022\/11\/image-768x768.png",768,768,true],"large":["https:\/\/fundaciohospitalariesmartorell.org\/entre-tots\/wp-content\/uploads\/2022\/11\/image-1024x1024.png",1024,1024,true],"1536x1536":["https:\/\/fundaciohospitalariesmartorell.org\/entre-tots\/wp-content\/uploads\/2022\/11\/image-1536x1536.png",1536,1536,true],"2048x2048":["https:\/\/fundaciohospitalariesmartorell.org\/entre-tots\/wp-content\/uploads\/2022\/11\/image-2048x2048.png",2048,2048,true],"mailpoet_newsletter_max":["https:\/\/fundaciohospitalariesmartorell.org\/entre-tots\/wp-content\/uploads\/2022\/11\/image-1320x1320.png",1320,1320,true]},"post_excerpt_stackable_v2":"<p>El nou edifici assistencial de salut mental i sociosanitari de l&#8217;Hospital Sagrat Cor ja \u00e9s una realitat i per aix\u00f2 hem volgut que tingu\u00e9s pres\u00e8ncia a la revista\u00a0oficial de Nadal 2022\/2023\u00a0de Martorell, que l&#8217;Ajuntament va distribuir a finals de novembre a tota la localitat. Podeu veure l&#8217;anunci a continuaci\u00f3:<\/p>\n","category_list_v2":"<a href=\"https:\/\/fundaciohospitalariesmartorell.org\/entre-tots\/category\/actualitat\/\" rel=\"category tag\">ACTUALITAT<\/a>","author_info_v2":{"name":"Anna Casanovas","url":"https:\/\/fundaciohospitalariesmartorell.org\/entre-tots\/author\/acasanovasr\/"},"comments_num_v2":"0 comments","_links":{"self":[{"href":"https:\/\/fundaciohospitalariesmartorell.org\/entre-tots\/wp-json\/wp\/v2\/posts\/5035","targetHints":{"allow":["GET"]}}],"collection":[{"href":"https:\/\/fundaciohospitalariesmartorell.org\/entre-tots\/wp-json\/wp\/v2\/posts"}],"about":[{"href":"https:\/\/fundaciohospitalariesmartorell.org\/entre-tots\/wp-json\/wp\/v2\/types\/post"}],"author":[{"embeddable":true,"href":"https:\/\/fundaciohospitalariesmartorell.org\/entre-tots\/wp-json\/wp\/v2\/users\/3"}],"replies":[{"embeddable":true,"href":"https:\/\/fundaciohospitalariesmartorell.org\/entre-tots\/wp-json\/wp\/v2\/comments?post=5035"}],"version-history":[{"count":3,"href":"https:\/\/fundaciohospitalariesmartorell.org\/entre-tots\/wp-json\/wp\/v2\/posts\/5035\/revisions"}],"predecessor-version":[{"id":5252,"href":"https:\/\/fundaciohospitalariesmartorell.org\/entre-tots\/wp-json\/wp\/v2\/posts\/5035\/revisions\/5252"}],"wp:featuredmedia":[{"embeddable":true,"href":"https:\/\/fundaciohospitalariesmartorell.org\/entre-tots\/wp-json\/wp\/v2\/media\/5054"}],"wp:attachment":[{"href":"https:\/\/fundaciohospitalariesmartorell.org\/entre-tots\/wp-json\/wp\/v2\/media?parent=5035"}],"wp:term":[{"taxonomy":"category","embeddable":true,"href":"https:\/\/fundaciohospitalariesmartorell.org\/entre-tots\/wp-json\/wp\/v2\/categories?post=5035"},{"taxonomy":"post_tag","embeddable":true,"href":"https:\/\/fundaciohospitalariesmartorell.org\/entre-tots\/wp-json\/wp\/v2\/tags?post=5035"}],"curies":[{"name":"wp","href":"https:\/\/api.w.org\/{rel}","templated":true}]}}