{"id":5036,"date":"2022-11-30T10:49:33","date_gmt":"2022-11-30T08:49:33","guid":{"rendered":"https:\/\/newweb.hospitalsagratcormartorell.org\/entre-tots\/?p=5036"},"modified":"2022-11-30T14:52:35","modified_gmt":"2022-11-30T12:52:35","slug":"nou-horari-del-servei-de-cafeteria","status":"publish","type":"post","link":"https:\/\/fundaciohospitalariesmartorell.org\/entre-tots\/2022\/11\/nou-horari-del-servei-de-cafeteria\/","title":{"rendered":"El CSMIJ de Molins de Rei participa a la jornada &#8216;Violencia de g\u00e9nero en la mujer con trastorno mental grave&#8217;\u00a0"},"content":{"rendered":"\n<figure class=\"wp-block-image size-large\"><img loading=\"lazy\" decoding=\"async\" width=\"1024\" height=\"576\" src=\"https:\/\/hospitalsagratcormartorell.org\/entre-tots\/wp-content\/uploads\/2022\/11\/Diseno-sin-titulo-3-1024x576.png\" alt=\"\" class=\"wp-image-5207\" srcset=\"https:\/\/fundaciohospitalariesmartorell.org\/entre-tots\/wp-content\/uploads\/2022\/11\/Diseno-sin-titulo-3-1024x576.png 1024w, https:\/\/fundaciohospitalariesmartorell.org\/entre-tots\/wp-content\/uploads\/2022\/11\/Diseno-sin-titulo-3-300x169.png 300w, https:\/\/fundaciohospitalariesmartorell.org\/entre-tots\/wp-content\/uploads\/2022\/11\/Diseno-sin-titulo-3-768x432.png 768w, https:\/\/fundaciohospitalariesmartorell.org\/entre-tots\/wp-content\/uploads\/2022\/11\/Diseno-sin-titulo-3-1536x864.png 1536w, https:\/\/fundaciohospitalariesmartorell.org\/entre-tots\/wp-content\/uploads\/2022\/11\/Diseno-sin-titulo-3-1320x743.png 1320w, https:\/\/fundaciohospitalariesmartorell.org\/entre-tots\/wp-content\/uploads\/2022\/11\/Diseno-sin-titulo-3.png 1920w\" sizes=\"auto, (max-width: 1024px) 100vw, 1024px\" \/><\/figure>\n\n\n\n<p>Anna Romera, psic\u00f2loga del CSMIJ de Molis de Rei de l&#8217;Hospital Sagrat Cor va participar a la jornada &#8216;Violencia de g\u00e9nero en la mujer con trastorno mental grave: abordaje y sensibilizaci\u00f3n&#8217;, organitzada per Germanes Hospital\u00e0ries, amb el suport del Ministeri d&#8217;Igualtat, i que es va celebrar el 23 de novembre a la seu central de la Instituci\u00f3 a Madrid. Va ser un acte molt exit\u00f3s, el qual va omplir la sala d&#8217;actes i unes 600 persones el van seguir&nbsp;<em>on-line<\/em>.&nbsp;<\/p>\n\n\n\n<p>Romera va explicar que l&#8217;OMS assenyala que la viol\u00e8ncia a les dones afecta el 24 % de les noies de 15 a 19 anys. Va indicar que \u00e9s un factor de mal pron\u00f2stic per a la salut mental i per establir les bases de relacions saludables, sobretot, quan es dona a edats primerenques. Per aquest motiu, va destacar la necessitat que els agents de salut estiguin atents i siguin sensibles davant la responsabilitat de prevenir, detectar i tractar aquests casos des d&#8217;un abordatge multidisciplinari i en col\u00b7laboraci\u00f3 amb altres professionals.&nbsp;<\/p>\n\n\n\n<p>A continuaci\u00f3, va presentar un cas cl\u00ednic d&#8217;una menor atesa al CSMIJ de Molins i va posar l&#8217;\u00e8mfasi en la import\u00e0ncia de la coordinaci\u00f3 amb els recursos externs, per exemple, de l&#8217;\u00e0mbit educatiu o de serveis socials, a fi de poder donar una resposta adequada a aquesta problem\u00e0tica.&nbsp;<\/p>\n\n\n\n<p>Podeu ampliar la informaci\u00f3 sobre la jornada&nbsp;<a href=\"https:\/\/www.hospitalarias.es\/jornada-sobre-la-violencia-de-genero-sufrida-por-la-mujer-con-trastorno-mental-grave-abordaje-y-sensibilizacion\/\" target=\"_blank\" rel=\"noreferrer noopener\">aqu\u00ed<\/a>.&nbsp;<\/p>\n","protected":false},"excerpt":{"rendered":"<p>Anna Romera, psic\u00f2loga del CSMIJ de Molis de Rei de l&#8217;Hospital Sagrat Cor va participar a la jornada &#8216;Violencia de g\u00e9nero en la mujer con trastorno mental grave: abordaje y sensibilizaci\u00f3n&#8217;, organitzada per Germanes Hospital\u00e0ries, amb el suport del Ministeri d&#8217;Igualtat, i que es va celebrar el 23 de novembre a la seu central de [&hellip;]<\/p>\n","protected":false},"author":3,"featured_media":5207,"comment_status":"closed","ping_status":"closed","sticky":false,"template":"","format":"standard","meta":{"footnotes":""},"categories":[27],"tags":[],"class_list":["post-5036","post","type-post","status-publish","format-standard","has-post-thumbnail","hentry","category-actualitat"],"blocksy_meta":{"styles_descriptor":{"styles":{"desktop":"","tablet":"","mobile":""},"google_fonts":[],"version":6}},"featured_image_urls_v2":{"full":["https:\/\/fundaciohospitalariesmartorell.org\/entre-tots\/wp-content\/uploads\/2022\/11\/Diseno-sin-titulo-3.png",1920,1080,false],"thumbnail":["https:\/\/fundaciohospitalariesmartorell.org\/entre-tots\/wp-content\/uploads\/2022\/11\/Diseno-sin-titulo-3-150x150.png",150,150,true],"medium":["https:\/\/fundaciohospitalariesmartorell.org\/entre-tots\/wp-content\/uploads\/2022\/11\/Diseno-sin-titulo-3-300x169.png",300,169,true],"medium_large":["https:\/\/fundaciohospitalariesmartorell.org\/entre-tots\/wp-content\/uploads\/2022\/11\/Diseno-sin-titulo-3-768x432.png",768,432,true],"large":["https:\/\/fundaciohospitalariesmartorell.org\/entre-tots\/wp-content\/uploads\/2022\/11\/Diseno-sin-titulo-3-1024x576.png",1024,576,true],"1536x1536":["https:\/\/fundaciohospitalariesmartorell.org\/entre-tots\/wp-content\/uploads\/2022\/11\/Diseno-sin-titulo-3-1536x864.png",1536,864,true],"2048x2048":["https:\/\/fundaciohospitalariesmartorell.org\/entre-tots\/wp-content\/uploads\/2022\/11\/Diseno-sin-titulo-3.png",1920,1080,false],"mailpoet_newsletter_max":["https:\/\/fundaciohospitalariesmartorell.org\/entre-tots\/wp-content\/uploads\/2022\/11\/Diseno-sin-titulo-3-1320x743.png",1320,743,true]},"post_excerpt_stackable_v2":"<p>Anna Romera, psic\u00f2loga del CSMIJ de Molis de Rei de l&#8217;Hospital Sagrat Cor va participar a la jornada &#8216;Violencia de g\u00e9nero en la mujer con trastorno mental grave: abordaje y sensibilizaci\u00f3n&#8217;, organitzada per Germanes Hospital\u00e0ries, amb el suport del Ministeri d&#8217;Igualtat, i que es va celebrar el 23 de novembre a la seu central de la Instituci\u00f3 a Madrid. Va ser un acte molt exit\u00f3s, el qual va omplir la sala d&#8217;actes i unes 600 persones el van seguir&nbsp;on-line.&nbsp; Romera va explicar que l&#8217;OMS assenyala que la viol\u00e8ncia a les dones afecta el 24 % de les noies de 15&hellip;<\/p>\n","category_list_v2":"<a href=\"https:\/\/fundaciohospitalariesmartorell.org\/entre-tots\/category\/actualitat\/\" rel=\"category tag\">ACTUALITAT<\/a>","author_info_v2":{"name":"Anna Casanovas","url":"https:\/\/fundaciohospitalariesmartorell.org\/entre-tots\/author\/acasanovasr\/"},"comments_num_v2":"0 comments","_links":{"self":[{"href":"https:\/\/fundaciohospitalariesmartorell.org\/entre-tots\/wp-json\/wp\/v2\/posts\/5036","targetHints":{"allow":["GET"]}}],"collection":[{"href":"https:\/\/fundaciohospitalariesmartorell.org\/entre-tots\/wp-json\/wp\/v2\/posts"}],"about":[{"href":"https:\/\/fundaciohospitalariesmartorell.org\/entre-tots\/wp-json\/wp\/v2\/types\/post"}],"author":[{"embeddable":true,"href":"https:\/\/fundaciohospitalariesmartorell.org\/entre-tots\/wp-json\/wp\/v2\/users\/3"}],"replies":[{"embeddable":true,"href":"https:\/\/fundaciohospitalariesmartorell.org\/entre-tots\/wp-json\/wp\/v2\/comments?post=5036"}],"version-history":[{"count":6,"href":"https:\/\/fundaciohospitalariesmartorell.org\/entre-tots\/wp-json\/wp\/v2\/posts\/5036\/revisions"}],"predecessor-version":[{"id":5209,"href":"https:\/\/fundaciohospitalariesmartorell.org\/entre-tots\/wp-json\/wp\/v2\/posts\/5036\/revisions\/5209"}],"wp:featuredmedia":[{"embeddable":true,"href":"https:\/\/fundaciohospitalariesmartorell.org\/entre-tots\/wp-json\/wp\/v2\/media\/5207"}],"wp:attachment":[{"href":"https:\/\/fundaciohospitalariesmartorell.org\/entre-tots\/wp-json\/wp\/v2\/media?parent=5036"}],"wp:term":[{"taxonomy":"category","embeddable":true,"href":"https:\/\/fundaciohospitalariesmartorell.org\/entre-tots\/wp-json\/wp\/v2\/categories?post=5036"},{"taxonomy":"post_tag","embeddable":true,"href":"https:\/\/fundaciohospitalariesmartorell.org\/entre-tots\/wp-json\/wp\/v2\/tags?post=5036"}],"curies":[{"name":"wp","href":"https:\/\/api.w.org\/{rel}","templated":true}]}}