{"id":5038,"date":"2022-11-30T10:50:59","date_gmt":"2022-11-30T08:50:59","guid":{"rendered":"https:\/\/newweb.hospitalsagratcormartorell.org\/entre-tots\/?p=5038"},"modified":"2022-11-30T18:57:39","modified_gmt":"2022-11-30T16:57:39","slug":"xerrada-colloqui-sobre-prevencio-del-suicidi-a-olesa-de-montserrat","status":"publish","type":"post","link":"https:\/\/fundaciohospitalariesmartorell.org\/entre-tots\/2022\/11\/xerrada-colloqui-sobre-prevencio-del-suicidi-a-olesa-de-montserrat\/","title":{"rendered":"Xerrada-col.loqui sobre prevenci\u00f3 del su\u00efcidi a Olesa de Montserrat"},"content":{"rendered":"\n<figure class=\"wp-block-image aligncenter size-full is-resized\"><img loading=\"lazy\" decoding=\"async\" src=\"https:\/\/hospitalsagratcormartorell.org\/entre-tots\/wp-content\/uploads\/2022\/11\/822_cat_ESCALA_INF_400_305.jpeg\" alt=\"\" class=\"wp-image-5047\" width=\"523\" height=\"399\" srcset=\"https:\/\/fundaciohospitalariesmartorell.org\/entre-tots\/wp-content\/uploads\/2022\/11\/822_cat_ESCALA_INF_400_305.jpeg 400w, https:\/\/fundaciohospitalariesmartorell.org\/entre-tots\/wp-content\/uploads\/2022\/11\/822_cat_ESCALA_INF_400_305-300x229.jpeg 300w\" sizes=\"auto, (max-width: 523px) 100vw, 523px\" \/><\/figure>\n\n\n\n<p>El Sal\u00f3 de Plens de l&#8217;Ajuntament d&#8217;Olesa de Montserrat va acollir, el 7 de novembre, una xerra-col\u00b7loqui sobre prevenci\u00f3 del su\u00efcidi, en el marc del Programa: &#8216;Som Comunitat, fem Salut Mental&#8217;, que organitza el Grup de Salut Comunit\u00e0ria, promogut pel mateix ajuntament d&#8217;Olesa de Montserrat, l&#8217;Associaci\u00f3 per la Salut Mental del Baix Llobregat Nord i en el qual participen els dispositius comunitaris de l&#8217;Hospital Sagrat Cor a Martorell.<\/p>\n\n\n\n<p>La xerrada va comptar amb dos ponents: el doctor Fernando Boatas, coordinador de Serveis Comunitaris a Martorell de l&#8217;Hospital Sagrat Cor, i Carles Alastruey, vicepresident de DSAS (Despr\u00e9s del Su\u00efcidi, Associaci\u00f3 de Supervivents).<\/p>\n\n\n\n<p>El Dr. Boatas va presentar les dades epidemiol\u00f2giques del su\u00efcidi destacant que les xifres s\u00f3n tan impactants que es pot estimar que cada dues hores mor una persona per su\u00efcidi a Espanya. Tamb\u00e9 va repassar els programes institucionals del Departament de Salut per a la prevenci\u00f3 del su\u00efcidi, encara que, la part fonamental de la seva xerrada la va dedicar a transmetre all\u00f2 que cadasc\u00fa de nosaltres podem fer davant persones properes en les quals se sospiti risc o intencionalitat su\u00efcida.&nbsp;<\/p>\n\n\n\n<figure class=\"wp-block-image alignleft size-full\"><img loading=\"lazy\" decoding=\"async\" width=\"260\" height=\"259\" src=\"https:\/\/hospitalsagratcormartorell.org\/entre-tots\/wp-content\/uploads\/2022\/11\/823_cat_ESCALA_INF_260_259.jpeg\" alt=\"\" class=\"wp-image-5048\" srcset=\"https:\/\/fundaciohospitalariesmartorell.org\/entre-tots\/wp-content\/uploads\/2022\/11\/823_cat_ESCALA_INF_260_259.jpeg 260w, https:\/\/fundaciohospitalariesmartorell.org\/entre-tots\/wp-content\/uploads\/2022\/11\/823_cat_ESCALA_INF_260_259-150x150.jpeg 150w\" sizes=\"auto, (max-width: 260px) 100vw, 260px\" \/><\/figure>\n\n\n\n<p>Fernando Boatas va explicar que en la prevenci\u00f3 d&#8217;un acte tan definitiu com el su\u00efcidi, tots i totes podem contribuir i estar alerta davant els senyals de risc, per comentaris directes, expressions indirectes, canvis en la conducta, en la manera d&#8217;expressar-se, per all\u00f2 que s&#8217;escriu a les xarxes socials&#8230; &#8220;Aix\u00f2 pot ser essencial per donar-nos indicacions que hem d&#8217;intervenir, de manera directa, decidida i honesta&#8221;, va afirmar. &#8220;La clau est\u00e0 en preguntar, parlar directament i sense por, aix\u00ed com oferir nostra escolta, preguntar per all\u00f2 que li succeeix, obrir un canal de comunicaci\u00f3, transmetre a la persona la nostra preocupaci\u00f3&#8230;&#8221;, va asseverar. Boatas va emfatitzar: &#8220;Preguntar directament sobre els pensaments su\u00efcides a una persona de la qual tenim sospites de risc, pot salvar-li la vida&#8221;.<\/p>\n\n\n\n<p>Per la seva banda, Carles Alastruey va aportar la visi\u00f3 del greu problema del su\u00efcidi des de la perspectiva dels supervivents, familiars i persones properes. Va explicar que, per cada su\u00efcidi, l&#8217;OMS calcula unes sis persones directament afectades i va destacar que aquestes persones s\u00f3n molt m\u00e9s vulnerables a patir estats emocionals adversos i, en ocasions, patologia mental, arribant a quantificar-se el risc que tamb\u00e9 se su\u00efcidin en sis vegades m\u00e9s que qualsevol altra persona. Tamb\u00e9 va reclamar una atenci\u00f3 espec\u00edfica i m\u00e9s sensibilitzaci\u00f3 cap a aquestes segones v\u00edctimes, sovint, invisibles.<\/p>\n","protected":false},"excerpt":{"rendered":"<p>El Sal\u00f3 de Plens de l&#8217;Ajuntament d&#8217;Olesa de Montserrat va acollir, el 7 de novembre, una xerra-col\u00b7loqui sobre prevenci\u00f3 del su\u00efcidi, en el marc del Programa: &#8216;Som Comunitat, fem Salut Mental&#8217;, que organitza el Grup de Salut Comunit\u00e0ria, promogut pel mateix ajuntament d&#8217;Olesa de Montserrat, l&#8217;Associaci\u00f3 per la Salut Mental del Baix Llobregat Nord i [&hellip;]<\/p>\n","protected":false},"author":3,"featured_media":5047,"comment_status":"closed","ping_status":"closed","sticky":false,"template":"","format":"standard","meta":{"footnotes":""},"categories":[27],"tags":[],"class_list":["post-5038","post","type-post","status-publish","format-standard","has-post-thumbnail","hentry","category-actualitat"],"blocksy_meta":{"styles_descriptor":{"styles":{"desktop":"","tablet":"","mobile":""},"google_fonts":[],"version":6}},"featured_image_urls_v2":{"full":["https:\/\/fundaciohospitalariesmartorell.org\/entre-tots\/wp-content\/uploads\/2022\/11\/822_cat_ESCALA_INF_400_305.jpeg",400,305,false],"thumbnail":["https:\/\/fundaciohospitalariesmartorell.org\/entre-tots\/wp-content\/uploads\/2022\/11\/822_cat_ESCALA_INF_400_305-150x150.jpeg",150,150,true],"medium":["https:\/\/fundaciohospitalariesmartorell.org\/entre-tots\/wp-content\/uploads\/2022\/11\/822_cat_ESCALA_INF_400_305-300x229.jpeg",300,229,true],"medium_large":["https:\/\/fundaciohospitalariesmartorell.org\/entre-tots\/wp-content\/uploads\/2022\/11\/822_cat_ESCALA_INF_400_305.jpeg",400,305,false],"large":["https:\/\/fundaciohospitalariesmartorell.org\/entre-tots\/wp-content\/uploads\/2022\/11\/822_cat_ESCALA_INF_400_305.jpeg",400,305,false],"1536x1536":["https:\/\/fundaciohospitalariesmartorell.org\/entre-tots\/wp-content\/uploads\/2022\/11\/822_cat_ESCALA_INF_400_305.jpeg",400,305,false],"2048x2048":["https:\/\/fundaciohospitalariesmartorell.org\/entre-tots\/wp-content\/uploads\/2022\/11\/822_cat_ESCALA_INF_400_305.jpeg",400,305,false],"mailpoet_newsletter_max":["https:\/\/fundaciohospitalariesmartorell.org\/entre-tots\/wp-content\/uploads\/2022\/11\/822_cat_ESCALA_INF_400_305.jpeg",400,305,false]},"post_excerpt_stackable_v2":"<p>El Sal\u00f3 de Plens de l&#8217;Ajuntament d&#8217;Olesa de Montserrat va acollir, el 7 de novembre, una xerra-col\u00b7loqui sobre prevenci\u00f3 del su\u00efcidi, en el marc del Programa: &#8216;Som Comunitat, fem Salut Mental&#8217;, que organitza el Grup de Salut Comunit\u00e0ria, promogut pel mateix ajuntament d&#8217;Olesa de Montserrat, l&#8217;Associaci\u00f3 per la Salut Mental del Baix Llobregat Nord i en el qual participen els dispositius comunitaris de l&#8217;Hospital Sagrat Cor a Martorell. La xerrada va comptar amb dos ponents: el doctor Fernando Boatas, coordinador de Serveis Comunitaris a Martorell de l&#8217;Hospital Sagrat Cor, i Carles Alastruey, vicepresident de DSAS (Despr\u00e9s del Su\u00efcidi, Associaci\u00f3 de&hellip;<\/p>\n","category_list_v2":"<a href=\"https:\/\/fundaciohospitalariesmartorell.org\/entre-tots\/category\/actualitat\/\" rel=\"category tag\">ACTUALITAT<\/a>","author_info_v2":{"name":"Anna Casanovas","url":"https:\/\/fundaciohospitalariesmartorell.org\/entre-tots\/author\/acasanovasr\/"},"comments_num_v2":"0 comments","_links":{"self":[{"href":"https:\/\/fundaciohospitalariesmartorell.org\/entre-tots\/wp-json\/wp\/v2\/posts\/5038","targetHints":{"allow":["GET"]}}],"collection":[{"href":"https:\/\/fundaciohospitalariesmartorell.org\/entre-tots\/wp-json\/wp\/v2\/posts"}],"about":[{"href":"https:\/\/fundaciohospitalariesmartorell.org\/entre-tots\/wp-json\/wp\/v2\/types\/post"}],"author":[{"embeddable":true,"href":"https:\/\/fundaciohospitalariesmartorell.org\/entre-tots\/wp-json\/wp\/v2\/users\/3"}],"replies":[{"embeddable":true,"href":"https:\/\/fundaciohospitalariesmartorell.org\/entre-tots\/wp-json\/wp\/v2\/comments?post=5038"}],"version-history":[{"count":3,"href":"https:\/\/fundaciohospitalariesmartorell.org\/entre-tots\/wp-json\/wp\/v2\/posts\/5038\/revisions"}],"predecessor-version":[{"id":5232,"href":"https:\/\/fundaciohospitalariesmartorell.org\/entre-tots\/wp-json\/wp\/v2\/posts\/5038\/revisions\/5232"}],"wp:featuredmedia":[{"embeddable":true,"href":"https:\/\/fundaciohospitalariesmartorell.org\/entre-tots\/wp-json\/wp\/v2\/media\/5047"}],"wp:attachment":[{"href":"https:\/\/fundaciohospitalariesmartorell.org\/entre-tots\/wp-json\/wp\/v2\/media?parent=5038"}],"wp:term":[{"taxonomy":"category","embeddable":true,"href":"https:\/\/fundaciohospitalariesmartorell.org\/entre-tots\/wp-json\/wp\/v2\/categories?post=5038"},{"taxonomy":"post_tag","embeddable":true,"href":"https:\/\/fundaciohospitalariesmartorell.org\/entre-tots\/wp-json\/wp\/v2\/tags?post=5038"}],"curies":[{"name":"wp","href":"https:\/\/api.w.org\/{rel}","templated":true}]}}