{"id":5039,"date":"2022-11-30T10:55:51","date_gmt":"2022-11-30T08:55:51","guid":{"rendered":"https:\/\/newweb.hospitalsagratcormartorell.org\/entre-tots\/?p=5039"},"modified":"2022-11-30T14:54:20","modified_gmt":"2022-11-30T12:54:20","slug":"la-jornada-joves-i-salut-mental-que-hi-pot-aportar-la-comunitat-omple-lespai-jove-punt-nord-de-martorell","status":"publish","type":"post","link":"https:\/\/fundaciohospitalariesmartorell.org\/entre-tots\/2022\/11\/la-jornada-joves-i-salut-mental-que-hi-pot-aportar-la-comunitat-omple-lespai-jove-punt-nord-de-martorell\/","title":{"rendered":"La jornada \u2018Joves i Salut Mental. Qu\u00e8 hi pot aportar la comunitat?\u2019 omple l\u2019Espai Jove Punt Nord de Martorell"},"content":{"rendered":"\n<figure class=\"wp-block-image alignleft size-full\"><img loading=\"lazy\" decoding=\"async\" width=\"280\" height=\"288\" src=\"https:\/\/hospitalsagratcormartorell.org\/entre-tots\/wp-content\/uploads\/2022\/11\/820_cat_ESCALA_INF_280_288.jpeg\" alt=\"\" class=\"wp-image-5042\"\/><\/figure>\n\n\n\n<p>L&#8217;Hospital Sagrat Cor, de la m\u00e0 de l&#8217;Ajuntament de Martorell i de l&#8217;Associaci\u00f3 per la Salut Mental del Baix Llobregat Nord, va organitzar, el 3 de novembre, la jornada \u2018Joves i Salut Mental. Qu\u00e8 hi pot aportar la comunitat?&#8217;, la qual va omplir l&#8217;Espai Jove Punt Nord del Centre Cultural de Martorell. L&#8217;acte va comptar amb la participaci\u00f3 de dos professionals de l&#8217;Hospital Sagrat Cor: el doctor Carles Franquelo, director m\u00e8dic, i Roger Ballesc\u00e0, psic\u00f2leg del Centre de Salut Mental Infantil i Juvenil de Martorell.<\/p>\n\n\n\n<p>La benvinguda i presentaci\u00f3 de l&#8217;acte van anar a c\u00e0rrec de Xavier Fonollosa, alcalde de Martorell; Maite Deamo, presidenta de l&#8217;Associaci\u00f3 per la Salut Mental del Baix Llobregat Nord, i&nbsp;Carles Franquelo.<\/p>\n\n\n\n<figure class=\"wp-block-image alignright size-full\"><img loading=\"lazy\" decoding=\"async\" width=\"270\" height=\"291\" src=\"https:\/\/hospitalsagratcormartorell.org\/entre-tots\/wp-content\/uploads\/2022\/11\/818_cat_ESCALA_INF_270_291.jpeg\" alt=\"\" class=\"wp-image-5043\"\/><\/figure>\n\n\n\n<p>Durant la seva intervenci\u00f3, el Dr. Franquelo va destacar la figura de l&#8217;Hospital Sagrat Cor com a referent de salut mental, tant d&#8217;adults com d&#8217;infantojuvenil del territori. A continuaci\u00f3, va fer refer\u00e8ncia a l&#8217;impacte de la pand\u00e8mia en les persones joves, amb efectes negatius com l&#8217;augment dels trastorns d&#8217;ansietat i depressi\u00f3, dels trastorns de conducta aliment\u00e0ria o de situacions de risc su\u00efcida. Tanmateix, va assenyalar que la pand\u00e8mia ha tingut, tamb\u00e9, un efecte positiu, ja que ha suposat una millora de la resili\u00e8ncia i de la capacitat de fer front a situacions adverses.&nbsp;<\/p>\n\n\n\n<p>Finalment, va introduir la xerrada a c\u00e0rrec de Roger Ballesc\u00e0, psic\u00f2leg del Centre de Salut Mental Infantil i Juvenil de Martorell de l&#8217;Hospital Sagrat Cor, posant \u00e8mfasi en la necessitat de gestionar el malestar emocional dins de la comunitat, reservant els centres de salut mental a aquells casos m\u00e9s severs. &nbsp;<\/p>\n\n\n\n<figure class=\"wp-block-image alignleft size-full\"><img loading=\"lazy\" decoding=\"async\" width=\"280\" height=\"275\" src=\"https:\/\/hospitalsagratcormartorell.org\/entre-tots\/wp-content\/uploads\/2022\/11\/819_cat_ESCALA_INF_280_275.jpeg\" alt=\"\" class=\"wp-image-5044\"\/><\/figure>\n\n\n\n<p>Durant la seva exposici\u00f3, amb el nom de \u201cQu\u00e8 fem amb el malestar emocional? Qui, com i quan abordar-lo&#8221;, Ballesc\u00e0 va explicar la difer\u00e8ncia entre el malestar emocional, quelcom inherent a l&#8217;experi\u00e8ncia de viure, i la malaltia o trastorn mental, el qual genera un malestar interferidor que va m\u00e9s enll\u00e0 d&#8217;all\u00f2 que podem esperar de la pr\u00f2pia vida.&nbsp;<\/p>\n\n\n\n<p>Aix\u00ed mateix, va indicar que durant la inf\u00e0ncia i adolesc\u00e8ncia els principals gestors o reguladors del malestar s\u00f3n la fam\u00edlia i la comunitat, i tamb\u00e9 va fer menci\u00f3 al paper rellevant que t\u00e9 l&#8217;escola\/institut. Ballesc\u00e0 va destacar que, en les darreres generacions, la fam\u00edlia est\u00e0 tenint molta m\u00e9s dificultat per contenir i acompanyar els fills\/es, sobre tot, per manca de temps i per diverses pressions socials.&nbsp;<\/p>\n\n\n\n<figure class=\"wp-block-image alignright size-full\"><img loading=\"lazy\" decoding=\"async\" width=\"330\" height=\"290\" src=\"https:\/\/hospitalsagratcormartorell.org\/entre-tots\/wp-content\/uploads\/2022\/11\/821_cat_ESCALA_INF_330_290.jpeg\" alt=\"\" class=\"wp-image-5045\" srcset=\"https:\/\/fundaciohospitalariesmartorell.org\/entre-tots\/wp-content\/uploads\/2022\/11\/821_cat_ESCALA_INF_330_290.jpeg 330w, https:\/\/fundaciohospitalariesmartorell.org\/entre-tots\/wp-content\/uploads\/2022\/11\/821_cat_ESCALA_INF_330_290-300x264.jpeg 300w\" sizes=\"auto, (max-width: 330px) 100vw, 330px\" \/><\/figure>\n\n\n\n<p>\u201cAquest context provoca que la gesti\u00f3 de bona part del malestar de la inf\u00e0ncia i adolesc\u00e8ncia es traslladi per ser gestionat a la comunitat, per exemple, a l&#8217;escola, a qui, cada vegada m\u00e9s, se li demana que assumeixi rols educatius, com l&#8217;educaci\u00f3 emocional, el pes dels quals hauria de recaure, principalment, en les fam\u00edlies\u201d, va asseverar.&nbsp;<\/p>\n\n\n\n<p>El psic\u00f2leg de l&#8217;Hospital Sagrat Cor tamb\u00e9 va assenyalar que bona part del malestar de les persones queda derivat als serveis sanitaris i als centres de salut mental, on tamb\u00e9 arriben demandes que no s\u00f3n pr\u00f2piament de trastorns mentals, per\u00f2 que cal acompanyar, contenir o resoldre de forma efectiva perqu\u00e8 no s&#8217;acabin convertint en trastorns. Per acabar, va oferir algunes orientacions de com realitzar aquest acompanyament des de la comunitat.<\/p>\n\n\n\n<p>La jornada la va tancar el col\u00b7loqui &#8216;Trenquem tab\u00fas, parlem de la salut mental amb joves&#8217;, dinamitzat per Marta Escorig\u00fcela, coordinadora de l&#8217;Associaci\u00f3 per la Salut Mental del Baix Llobregat Nord, i en el qual quatre persones joves van explicar, amb molta naturalitat, la seva problem\u00e0tica de salut mental.<\/p>\n","protected":false},"excerpt":{"rendered":"<p>L&#8217;Hospital Sagrat Cor, de la m\u00e0 de l&#8217;Ajuntament de Martorell i de l&#8217;Associaci\u00f3 per la Salut Mental del Baix Llobregat Nord, va organitzar, el 3 de novembre, la jornada \u2018Joves i Salut Mental. Qu\u00e8 hi pot aportar la comunitat?&#8217;, la qual va omplir l&#8217;Espai Jove Punt Nord del Centre Cultural de Martorell. L&#8217;acte va comptar [&hellip;]<\/p>\n","protected":false},"author":3,"featured_media":5045,"comment_status":"closed","ping_status":"closed","sticky":false,"template":"","format":"standard","meta":{"footnotes":""},"categories":[27],"tags":[],"class_list":["post-5039","post","type-post","status-publish","format-standard","has-post-thumbnail","hentry","category-actualitat"],"blocksy_meta":{"styles_descriptor":{"styles":{"desktop":"","tablet":"","mobile":""},"google_fonts":[],"version":6}},"featured_image_urls_v2":{"full":["https:\/\/fundaciohospitalariesmartorell.org\/entre-tots\/wp-content\/uploads\/2022\/11\/821_cat_ESCALA_INF_330_290.jpeg",330,290,false],"thumbnail":["https:\/\/fundaciohospitalariesmartorell.org\/entre-tots\/wp-content\/uploads\/2022\/11\/821_cat_ESCALA_INF_330_290-150x150.jpeg",150,150,true],"medium":["https:\/\/fundaciohospitalariesmartorell.org\/entre-tots\/wp-content\/uploads\/2022\/11\/821_cat_ESCALA_INF_330_290-300x264.jpeg",300,264,true],"medium_large":["https:\/\/fundaciohospitalariesmartorell.org\/entre-tots\/wp-content\/uploads\/2022\/11\/821_cat_ESCALA_INF_330_290.jpeg",330,290,false],"large":["https:\/\/fundaciohospitalariesmartorell.org\/entre-tots\/wp-content\/uploads\/2022\/11\/821_cat_ESCALA_INF_330_290.jpeg",330,290,false],"1536x1536":["https:\/\/fundaciohospitalariesmartorell.org\/entre-tots\/wp-content\/uploads\/2022\/11\/821_cat_ESCALA_INF_330_290.jpeg",330,290,false],"2048x2048":["https:\/\/fundaciohospitalariesmartorell.org\/entre-tots\/wp-content\/uploads\/2022\/11\/821_cat_ESCALA_INF_330_290.jpeg",330,290,false],"mailpoet_newsletter_max":["https:\/\/fundaciohospitalariesmartorell.org\/entre-tots\/wp-content\/uploads\/2022\/11\/821_cat_ESCALA_INF_330_290.jpeg",330,290,false]},"post_excerpt_stackable_v2":"<p>L&#8217;Hospital Sagrat Cor, de la m\u00e0 de l&#8217;Ajuntament de Martorell i de l&#8217;Associaci\u00f3 per la Salut Mental del Baix Llobregat Nord, va organitzar, el 3 de novembre, la jornada \u2018Joves i Salut Mental. Qu\u00e8 hi pot aportar la comunitat?&#8217;, la qual va omplir l&#8217;Espai Jove Punt Nord del Centre Cultural de Martorell. L&#8217;acte va comptar amb la participaci\u00f3 de dos professionals de l&#8217;Hospital Sagrat Cor: el doctor Carles Franquelo, director m\u00e8dic, i Roger Ballesc\u00e0, psic\u00f2leg del Centre de Salut Mental Infantil i Juvenil de Martorell. La benvinguda i presentaci\u00f3 de l&#8217;acte van anar a c\u00e0rrec de Xavier Fonollosa, alcalde de&hellip;<\/p>\n","category_list_v2":"<a href=\"https:\/\/fundaciohospitalariesmartorell.org\/entre-tots\/category\/actualitat\/\" rel=\"category tag\">ACTUALITAT<\/a>","author_info_v2":{"name":"Anna Casanovas","url":"https:\/\/fundaciohospitalariesmartorell.org\/entre-tots\/author\/acasanovasr\/"},"comments_num_v2":"0 comments","_links":{"self":[{"href":"https:\/\/fundaciohospitalariesmartorell.org\/entre-tots\/wp-json\/wp\/v2\/posts\/5039","targetHints":{"allow":["GET"]}}],"collection":[{"href":"https:\/\/fundaciohospitalariesmartorell.org\/entre-tots\/wp-json\/wp\/v2\/posts"}],"about":[{"href":"https:\/\/fundaciohospitalariesmartorell.org\/entre-tots\/wp-json\/wp\/v2\/types\/post"}],"author":[{"embeddable":true,"href":"https:\/\/fundaciohospitalariesmartorell.org\/entre-tots\/wp-json\/wp\/v2\/users\/3"}],"replies":[{"embeddable":true,"href":"https:\/\/fundaciohospitalariesmartorell.org\/entre-tots\/wp-json\/wp\/v2\/comments?post=5039"}],"version-history":[{"count":2,"href":"https:\/\/fundaciohospitalariesmartorell.org\/entre-tots\/wp-json\/wp\/v2\/posts\/5039\/revisions"}],"predecessor-version":[{"id":5066,"href":"https:\/\/fundaciohospitalariesmartorell.org\/entre-tots\/wp-json\/wp\/v2\/posts\/5039\/revisions\/5066"}],"wp:featuredmedia":[{"embeddable":true,"href":"https:\/\/fundaciohospitalariesmartorell.org\/entre-tots\/wp-json\/wp\/v2\/media\/5045"}],"wp:attachment":[{"href":"https:\/\/fundaciohospitalariesmartorell.org\/entre-tots\/wp-json\/wp\/v2\/media?parent=5039"}],"wp:term":[{"taxonomy":"category","embeddable":true,"href":"https:\/\/fundaciohospitalariesmartorell.org\/entre-tots\/wp-json\/wp\/v2\/categories?post=5039"},{"taxonomy":"post_tag","embeddable":true,"href":"https:\/\/fundaciohospitalariesmartorell.org\/entre-tots\/wp-json\/wp\/v2\/tags?post=5039"}],"curies":[{"name":"wp","href":"https:\/\/api.w.org\/{rel}","templated":true}]}}