{"id":5075,"date":"2022-11-30T10:44:57","date_gmt":"2022-11-30T08:44:57","guid":{"rendered":"https:\/\/newweb.hospitalsagratcormartorell.org\/entre-tots\/?p=5075"},"modified":"2022-12-02T10:45:49","modified_gmt":"2022-12-02T08:45:49","slug":"la-dedicacio-i-compromis-de-les-germanes-de-la-residencia","status":"publish","type":"post","link":"https:\/\/fundaciohospitalariesmartorell.org\/entre-tots\/2022\/11\/la-dedicacio-i-compromis-de-les-germanes-de-la-residencia\/","title":{"rendered":"La dedicaci\u00f3 i comprom\u00eds de les germanes de la Resid\u00e8ncia"},"content":{"rendered":"\n<figure class=\"wp-block-image aligncenter size-large is-resized\"><img loading=\"lazy\" decoding=\"async\" src=\"https:\/\/hospitalsagratcormartorell.org\/entre-tots\/wp-content\/uploads\/2022\/11\/germanes-2-1024x911.jpg\" alt=\"\" class=\"wp-image-5081\" width=\"742\" height=\"662\" srcset=\"https:\/\/fundaciohospitalariesmartorell.org\/entre-tots\/wp-content\/uploads\/2022\/11\/germanes-2-300x267.jpg 300w, https:\/\/fundaciohospitalariesmartorell.org\/entre-tots\/wp-content\/uploads\/2022\/11\/germanes-2-768x684.jpg 768w\" sizes=\"auto, (max-width: 742px) 100vw, 742px\" \/><\/figure>\n\n\n\n<p>Arran de la reorganitzaci\u00f3 de les resid\u00e8ncies de la Congregaci\u00f3 de Germanes Hospital\u00e0ries, a finals de novembre, germanes grans de la comunitat de l&#8217;Hospital Sagrat Cor van passar a formar part de la resid\u00e8ncia de Benito Menni CASM.&nbsp;<\/p>\n\n\n\n<figure class=\"wp-block-image alignright size-large is-resized\"><img loading=\"lazy\" decoding=\"async\" src=\"https:\/\/hospitalsagratcormartorell.org\/entre-tots\/wp-content\/uploads\/2022\/11\/laborterapia-origens-1024x732.png\" alt=\"\" class=\"wp-image-5096\" width=\"377\" height=\"268\" srcset=\"https:\/\/fundaciohospitalariesmartorell.org\/entre-tots\/wp-content\/uploads\/2022\/11\/laborterapia-origens-1024x732.png 1024w, https:\/\/fundaciohospitalariesmartorell.org\/entre-tots\/wp-content\/uploads\/2022\/11\/laborterapia-origens-300x214.png 300w, https:\/\/fundaciohospitalariesmartorell.org\/entre-tots\/wp-content\/uploads\/2022\/11\/laborterapia-origens-768x549.png 768w, https:\/\/fundaciohospitalariesmartorell.org\/entre-tots\/wp-content\/uploads\/2022\/11\/laborterapia-origens-1536x1097.png 1536w, https:\/\/fundaciohospitalariesmartorell.org\/entre-tots\/wp-content\/uploads\/2022\/11\/laborterapia-origens-1320x943.png 1320w, https:\/\/fundaciohospitalariesmartorell.org\/entre-tots\/wp-content\/uploads\/2022\/11\/laborterapia-origens.png 2038w\" sizes=\"auto, (max-width: 377px) 100vw, 377px\" \/><\/figure>\n\n\n\n<p>Conegudes per bona part dels i les professionals del nostre Centre, algunes d\u2019aquestes germanes, com Sor Elena Asarta, Sor Gloria Lasheras o Sor Juana Niun, van viure els inicis del que era el Centre Neuropsiqui\u00e0tric Sagrat Cor i van treballar de la m\u00e0 del primer director m\u00e8dic, el doctor Alfredo Rego.<\/p>\n\n\n\n<p>Aix\u00ed, Sor Elena ha estat 24 anys en aquest hospital. D&#8217;aquests, 14 va ser la directora d&#8217;infermeria. Ens explica que convencia els i les pacients perqu\u00e8 entressin a la Unitat oferint-los alguna cosa de menjar.<\/p>\n\n\n\n<p>Per la seva banda, Sor Gloria va ser l\u2019encarregada del servei de laborter\u00e0pia del Centre a mitjan dels anys 60.<\/p>\n\n\n\n<p>I no ens podem oblidar de Sor Juana, que \u00e9s la germana que ha estat m\u00e9s anys a l&#8217;Hospital, en concret, 52. Ella va ser, durant\u00a0molt temps, l&#8217;alma mater de la bugaderia.  \u201c No hem vist roba m\u00e9s blanca i millor planxada! I sempre alegre i pendent de tothom!\u201d, exclama\u00a0Sor Isabel Bl\u00e1zquez, superiora actual de l&#8217;Hospital Sagrat Cor.<br><\/p>\n\n\n\n<p><strong>Les germanes, responsables del dia a dia del Centre Neuropsiqui\u00e0tric<\/strong><\/p>\n\n\n\n<figure class=\"wp-block-image size-large\"><img loading=\"lazy\" decoding=\"async\" width=\"1024\" height=\"293\" src=\"https:\/\/hospitalsagratcormartorell.org\/entre-tots\/wp-content\/uploads\/2022\/11\/centre-obert-origens-1024x293.png\" alt=\"\" class=\"wp-image-5095\" srcset=\"https:\/\/fundaciohospitalariesmartorell.org\/entre-tots\/wp-content\/uploads\/2022\/11\/centre-obert-origens-1024x293.png 1024w, https:\/\/fundaciohospitalariesmartorell.org\/entre-tots\/wp-content\/uploads\/2022\/11\/centre-obert-origens-300x86.png 300w, https:\/\/fundaciohospitalariesmartorell.org\/entre-tots\/wp-content\/uploads\/2022\/11\/centre-obert-origens-768x220.png 768w, https:\/\/fundaciohospitalariesmartorell.org\/entre-tots\/wp-content\/uploads\/2022\/11\/centre-obert-origens-1536x439.png 1536w, https:\/\/fundaciohospitalariesmartorell.org\/entre-tots\/wp-content\/uploads\/2022\/11\/centre-obert-origens-2048x585.png 2048w, https:\/\/fundaciohospitalariesmartorell.org\/entre-tots\/wp-content\/uploads\/2022\/11\/centre-obert-origens-1320x377.png 1320w\" sizes=\"auto, (max-width: 1024px) 100vw, 1024px\" \/><\/figure>\n\n\n\n<p>Als or\u00edgens del Centre Neuropsiqui\u00e0tric Sagrat Cor,\u00a0les germanes eren les responsables del dia a dia, de les tasques de manteniment, com de l&#8217;hort i la granja, aix\u00ed com d&#8217;oferir atenci\u00f3 a les internes.<\/p>\n\n\n\n<p>Sor Elena Asarta i Sor Gloria recorden el Dr. Rego com un home bo, qui va fer una gran\u00a0labor\u00a0per canviar la manera de veure i tractar la persona amb malaltia mental. I \u00e9s que el primer director m\u00e8dic del nostre Hospital va ser un visionari i va introduir una reforma de l&#8217;atenci\u00f3 psiqui\u00e0trica potenciant el contacte continuat\u00a0del\/de la\u00a0pacient amb l&#8217;exterior, a trav\u00e9s de visites, sortides de cap de setmana&#8230; amb la finalitat de\u00a0promoure la seva readaptaci\u00f3\u00a0a la comunitat. &#8220;Quan els\/les pacients entraven al Centre canviaven la seva manera de ser i fer, eren amables i ajudaven la resta de persones usu\u00e0ries&#8230; ens ho asseguraven els pares quan els\/les venien a veure&#8221;, explica Sor Elena.<\/p>\n\n\n\n<figure class=\"wp-block-image alignleft size-large is-resized\"><img loading=\"lazy\" decoding=\"async\" src=\"https:\/\/hospitalsagratcormartorell.org\/entre-tots\/wp-content\/uploads\/2022\/11\/germanes-1024x762.jpg\" alt=\"\" class=\"wp-image-5080\" width=\"356\" height=\"265\" srcset=\"https:\/\/fundaciohospitalariesmartorell.org\/entre-tots\/wp-content\/uploads\/2022\/11\/germanes-1024x762.jpg 1024w, https:\/\/fundaciohospitalariesmartorell.org\/entre-tots\/wp-content\/uploads\/2022\/11\/germanes-300x223.jpg 300w, https:\/\/fundaciohospitalariesmartorell.org\/entre-tots\/wp-content\/uploads\/2022\/11\/germanes-768x572.jpg 768w, https:\/\/fundaciohospitalariesmartorell.org\/entre-tots\/wp-content\/uploads\/2022\/11\/germanes-1536x1144.jpg 1536w, https:\/\/fundaciohospitalariesmartorell.org\/entre-tots\/wp-content\/uploads\/2022\/11\/germanes-2048x1525.jpg 2048w, https:\/\/fundaciohospitalariesmartorell.org\/entre-tots\/wp-content\/uploads\/2022\/11\/germanes-1320x983.jpg 1320w\" sizes=\"auto, (max-width: 356px) 100vw, 356px\" \/><\/figure>\n\n\n\n<p>Sor Gloria recorda l\u2019ambient familiar i hospitalari que es respirava al Centre: \u201c\u00c9rem com una fam\u00edlia, jo no recordo haver tingut mai la sensaci\u00f3 d\u2019estar en un lloc tancat, on es priv\u00e9s a la persona usu\u00e0ria de llibertat, m\u00e9s aviat el contrari. Vam ser capdavanters en canviar la manera d\u2019atendre les persones, oferint una atenci\u00f3 humanitzada\u201d.<\/p>\n\n\n\n<p><\/p>\n\n\n\n<p><\/p>\n\n\n\n<p><strong>La Comunitat de Germanes i la creaci\u00f3 de la resid\u00e8ncia<\/strong><\/p>\n\n\n\n<p>Sor Isabel Bl\u00e1zquez ens explica que, fins a mitjans dels anys 90, les germanes vivien en el mateix edifici que els i les pacients, fet que no els permetia desconnectar, en cap moment, de les tasques de la seva missi\u00f3.<\/p>\n\n\n\n<figure class=\"wp-block-image alignleft size-large is-resized\"><img loading=\"lazy\" decoding=\"async\" src=\"https:\/\/hospitalsagratcormartorell.org\/entre-tots\/wp-content\/uploads\/2022\/11\/residencia-2-1024x858.jpg\" alt=\"\" class=\"wp-image-5082\" width=\"339\" height=\"283\" srcset=\"https:\/\/fundaciohospitalariesmartorell.org\/entre-tots\/wp-content\/uploads\/2022\/11\/residencia-2-1024x858.jpg 1024w, https:\/\/fundaciohospitalariesmartorell.org\/entre-tots\/wp-content\/uploads\/2022\/11\/residencia-2-300x251.jpg 300w, https:\/\/fundaciohospitalariesmartorell.org\/entre-tots\/wp-content\/uploads\/2022\/11\/residencia-2-768x643.jpg 768w, https:\/\/fundaciohospitalariesmartorell.org\/entre-tots\/wp-content\/uploads\/2022\/11\/residencia-2-1536x1287.jpg 1536w, https:\/\/fundaciohospitalariesmartorell.org\/entre-tots\/wp-content\/uploads\/2022\/11\/residencia-2-2048x1715.jpg 2048w, https:\/\/fundaciohospitalariesmartorell.org\/entre-tots\/wp-content\/uploads\/2022\/11\/residencia-2-1320x1106.jpg 1320w\" sizes=\"auto, (max-width: 339px) 100vw, 339px\" \/><\/figure>\n\n\n\n<figure class=\"wp-block-image size-large is-resized\"><img loading=\"lazy\" decoding=\"async\" src=\"https:\/\/hospitalsagratcormartorell.org\/entre-tots\/wp-content\/uploads\/2022\/11\/residencia2-1024x922.jpg\" alt=\"\" class=\"wp-image-5091\" width=\"326\" height=\"294\" srcset=\"https:\/\/fundaciohospitalariesmartorell.org\/entre-tots\/wp-content\/uploads\/2022\/11\/residencia2-1024x922.jpg 1024w, https:\/\/fundaciohospitalariesmartorell.org\/entre-tots\/wp-content\/uploads\/2022\/11\/residencia2-300x270.jpg 300w, https:\/\/fundaciohospitalariesmartorell.org\/entre-tots\/wp-content\/uploads\/2022\/11\/residencia2-768x691.jpg 768w, https:\/\/fundaciohospitalariesmartorell.org\/entre-tots\/wp-content\/uploads\/2022\/11\/residencia2-1536x1382.jpg 1536w, https:\/\/fundaciohospitalariesmartorell.org\/entre-tots\/wp-content\/uploads\/2022\/11\/residencia2-2048x1843.jpg 2048w, https:\/\/fundaciohospitalariesmartorell.org\/entre-tots\/wp-content\/uploads\/2022\/11\/residencia2-1320x1188.jpg 1320w\" sizes=\"auto, (max-width: 326px) 100vw, 326px\" \/><\/figure>\n\n\n\n<p>Amb la finalitat que tinguessin \u201cun espai on poguessin anar despr\u00e9s de treballar\u201d, tal i com explica Sor Isabel, es va construir l\u2019edifici de la Comunitat de Germanes de l\u2019Hospital Sagrat Cor. Fa quatre anys es va adaptar la terrassa que hi havia a la segona planta perqu\u00e8 aquelles germanes m\u00e9s grans i amb major grau de depend\u00e8ncia poguessin tenir totes les seves necessitats cobertes en un \u00fanic espai.<\/p>\n\n\n\n<figure class=\"wp-block-image alignleft size-large is-resized\"><img loading=\"lazy\" decoding=\"async\" src=\"https:\/\/hospitalsagratcormartorell.org\/entre-tots\/wp-content\/uploads\/2022\/11\/eucaristia1-1-1024x768.jpg\" alt=\"\" class=\"wp-image-5092\" width=\"338\" height=\"252\"\/><\/figure>\n\n\n\n<p>Durant aquests anys, les germanes han pogut gaudir d\u2019activitats molt semblants a la de la resta de germanes de la Comunitat, per\u00f2 adaptades al seu ritme. Una hora de gimn\u00e0s di\u00e0ria, jocs de taula, llegir el diari, sortides al jard\u00ed i, tamb\u00e9, de cap de setmana, a Torredembarra, entre altres.<\/p>\n\n\n\n<p>Tal i com es va recordar a l\u2019eucaristia i homenatge que es va celebrar en el seu nom, el 21 de novembre, Sor Juana, Sor Modesta, Sor Elena, Sor Exuperia, Sor Antonia, Sor M\u00aa Cruz, Sor Gloria i Sor M\u00aa Luisa han ajudat a construir la hist\u00f2ria del nostre Hospital, la hist\u00f2ria de l\u2019hospitalitat. GR\u00c0CIES germanes.<\/p>\n\n\n\n<figure class=\"wp-block-image aligncenter size-large is-resized\"><img loading=\"lazy\" decoding=\"async\" src=\"https:\/\/hospitalsagratcormartorell.org\/entre-tots\/wp-content\/uploads\/2022\/11\/eucaristia-2-1024x843.jpg\" alt=\"\" class=\"wp-image-5094\" width=\"764\" height=\"627\"\/><\/figure>\n\n\n\n<figure class=\"wp-block-embed is-type-video is-provider-youtube wp-block-embed-youtube wp-embed-aspect-16-9 wp-has-aspect-ratio\"><div class=\"wp-block-embed__wrapper\">\n<iframe loading=\"lazy\" title=\"Residencia Comunidad Hermanas Hospital Sagrat Cor\" width=\"1290\" height=\"726\" src=\"https:\/\/www.youtube.com\/embed\/DQzTfTrn-o4?feature=oembed\" frameborder=\"0\" allow=\"accelerometer; autoplay; clipboard-write; encrypted-media; gyroscope; picture-in-picture\" allowfullscreen><\/iframe>\n<\/div><\/figure>\n","protected":false},"excerpt":{"rendered":"<p>Arran de la reorganitzaci\u00f3 de les resid\u00e8ncies de la Congregaci\u00f3 de Germanes Hospital\u00e0ries, a finals de novembre, germanes grans de la comunitat de l&#8217;Hospital Sagrat Cor van passar a formar part de la resid\u00e8ncia de Benito Menni CASM.&nbsp; Conegudes per bona part dels i les professionals del nostre Centre, algunes d\u2019aquestes germanes, com Sor Elena [&hellip;]<\/p>\n","protected":false},"author":3,"featured_media":5081,"comment_status":"closed","ping_status":"closed","sticky":false,"template":"","format":"standard","meta":{"footnotes":""},"categories":[28],"tags":[],"class_list":["post-5075","post","type-post","status-publish","format-standard","has-post-thumbnail","hentry","category-tot-aixo-es-nostre"],"blocksy_meta":{"styles_descriptor":{"styles":{"desktop":"","tablet":"","mobile":""},"google_fonts":[],"version":6}},"featured_image_urls_v2":{"full":["https:\/\/fundaciohospitalariesmartorell.org\/entre-tots\/wp-content\/uploads\/2022\/11\/germanes-2.jpg",2100,1869,false],"thumbnail":["https:\/\/fundaciohospitalariesmartorell.org\/entre-tots\/wp-content\/uploads\/2022\/11\/germanes-2-150x150.jpg",150,150,true],"medium":["https:\/\/fundaciohospitalariesmartorell.org\/entre-tots\/wp-content\/uploads\/2022\/11\/germanes-2-300x267.jpg",300,267,true],"medium_large":["https:\/\/fundaciohospitalariesmartorell.org\/entre-tots\/wp-content\/uploads\/2022\/11\/germanes-2-768x684.jpg",768,684,true],"large":["https:\/\/fundaciohospitalariesmartorell.org\/entre-tots\/wp-content\/uploads\/2022\/11\/germanes-2-1024x911.jpg",1024,911,true],"1536x1536":["https:\/\/fundaciohospitalariesmartorell.org\/entre-tots\/wp-content\/uploads\/2022\/11\/germanes-2-1536x1367.jpg",1536,1367,true],"2048x2048":["https:\/\/fundaciohospitalariesmartorell.org\/entre-tots\/wp-content\/uploads\/2022\/11\/germanes-2-2048x1823.jpg",2048,1823,true],"mailpoet_newsletter_max":["https:\/\/fundaciohospitalariesmartorell.org\/entre-tots\/wp-content\/uploads\/2022\/11\/germanes-2-1320x1175.jpg",1320,1175,true]},"post_excerpt_stackable_v2":"<p>Arran de la reorganitzaci\u00f3 de les resid\u00e8ncies de la Congregaci\u00f3 de Germanes Hospital\u00e0ries, a finals de novembre, germanes grans de la comunitat de l&#8217;Hospital Sagrat Cor van passar a formar part de la resid\u00e8ncia de Benito Menni CASM.&nbsp; Conegudes per bona part dels i les professionals del nostre Centre, algunes d\u2019aquestes germanes, com Sor Elena Asarta, Sor Gloria Lasheras o Sor Juana Niun, van viure els inicis del que era el Centre Neuropsiqui\u00e0tric Sagrat Cor i van treballar de la m\u00e0 del primer director m\u00e8dic, el doctor Alfredo Rego. Aix\u00ed, Sor Elena ha estat 24 anys en aquest hospital. D&#8217;aquests,&hellip;<\/p>\n","category_list_v2":"<a href=\"https:\/\/fundaciohospitalariesmartorell.org\/entre-tots\/category\/tot-aixo-es-nostre\/\" rel=\"category tag\">TOT AIX\u00d2 \u00c9S NOSTRE<\/a>","author_info_v2":{"name":"Anna Casanovas","url":"https:\/\/fundaciohospitalariesmartorell.org\/entre-tots\/author\/acasanovasr\/"},"comments_num_v2":"0 comments","_links":{"self":[{"href":"https:\/\/fundaciohospitalariesmartorell.org\/entre-tots\/wp-json\/wp\/v2\/posts\/5075","targetHints":{"allow":["GET"]}}],"collection":[{"href":"https:\/\/fundaciohospitalariesmartorell.org\/entre-tots\/wp-json\/wp\/v2\/posts"}],"about":[{"href":"https:\/\/fundaciohospitalariesmartorell.org\/entre-tots\/wp-json\/wp\/v2\/types\/post"}],"author":[{"embeddable":true,"href":"https:\/\/fundaciohospitalariesmartorell.org\/entre-tots\/wp-json\/wp\/v2\/users\/3"}],"replies":[{"embeddable":true,"href":"https:\/\/fundaciohospitalariesmartorell.org\/entre-tots\/wp-json\/wp\/v2\/comments?post=5075"}],"version-history":[{"count":16,"href":"https:\/\/fundaciohospitalariesmartorell.org\/entre-tots\/wp-json\/wp\/v2\/posts\/5075\/revisions"}],"predecessor-version":[{"id":5258,"href":"https:\/\/fundaciohospitalariesmartorell.org\/entre-tots\/wp-json\/wp\/v2\/posts\/5075\/revisions\/5258"}],"wp:featuredmedia":[{"embeddable":true,"href":"https:\/\/fundaciohospitalariesmartorell.org\/entre-tots\/wp-json\/wp\/v2\/media\/5081"}],"wp:attachment":[{"href":"https:\/\/fundaciohospitalariesmartorell.org\/entre-tots\/wp-json\/wp\/v2\/media?parent=5075"}],"wp:term":[{"taxonomy":"category","embeddable":true,"href":"https:\/\/fundaciohospitalariesmartorell.org\/entre-tots\/wp-json\/wp\/v2\/categories?post=5075"},{"taxonomy":"post_tag","embeddable":true,"href":"https:\/\/fundaciohospitalariesmartorell.org\/entre-tots\/wp-json\/wp\/v2\/tags?post=5075"}],"curies":[{"name":"wp","href":"https:\/\/api.w.org\/{rel}","templated":true}]}}