{"id":5104,"date":"2022-11-30T10:59:44","date_gmt":"2022-11-30T08:59:44","guid":{"rendered":"https:\/\/newweb.hospitalsagratcormartorell.org\/entre-tots\/?p=5104"},"modified":"2022-11-30T12:43:11","modified_gmt":"2022-11-30T10:43:11","slug":"comenca-a-funcionar-el-nou-edifici-assistencial-de-salut-mental-i-sociosanitari","status":"publish","type":"post","link":"https:\/\/fundaciohospitalariesmartorell.org\/entre-tots\/2022\/11\/comenca-a-funcionar-el-nou-edifici-assistencial-de-salut-mental-i-sociosanitari\/","title":{"rendered":"Comen\u00e7a a funcionar el nou edifici assistencial de salut mental i sociosanitari"},"content":{"rendered":"\n<figure class=\"wp-block-image size-large\"><img loading=\"lazy\" decoding=\"async\" width=\"1024\" height=\"569\" src=\"https:\/\/hospitalsagratcormartorell.org\/entre-tots\/wp-content\/uploads\/2022\/11\/06A7948-1024x569.jpg\" alt=\"\" class=\"wp-image-5105\" srcset=\"https:\/\/fundaciohospitalariesmartorell.org\/entre-tots\/wp-content\/uploads\/2022\/11\/06A7948-1024x569.jpg 1024w, https:\/\/fundaciohospitalariesmartorell.org\/entre-tots\/wp-content\/uploads\/2022\/11\/06A7948-300x167.jpg 300w, https:\/\/fundaciohospitalariesmartorell.org\/entre-tots\/wp-content\/uploads\/2022\/11\/06A7948-768x427.jpg 768w, https:\/\/fundaciohospitalariesmartorell.org\/entre-tots\/wp-content\/uploads\/2022\/11\/06A7948-1536x854.jpg 1536w, https:\/\/fundaciohospitalariesmartorell.org\/entre-tots\/wp-content\/uploads\/2022\/11\/06A7948-2048x1138.jpg 2048w, https:\/\/fundaciohospitalariesmartorell.org\/entre-tots\/wp-content\/uploads\/2022\/11\/06A7948-1320x734.jpg 1320w\" sizes=\"auto, (max-width: 1024px) 100vw, 1024px\" \/><\/figure>\n\n\n\n<p>El 22 de novembre es van traslladar els i les pacients de l&#8217;\u00c0rea psicosocial de Rehabilitaci\u00f3 (edifici 4) al nou edifici assistencial de salut mental i sociosanitari (edifici 9). En concret s&#8217;han ocupat dues unitats de 30 llits cadascuna, a les plantes 1 i 2.<\/p>\n\n\n\n<figure class=\"wp-block-image alignleft size-large is-resized\"><img loading=\"lazy\" decoding=\"async\" src=\"https:\/\/hospitalsagratcormartorell.org\/entre-tots\/wp-content\/uploads\/2022\/11\/IMG-20221123-WA0002-1024x876.jpg\" alt=\"\" class=\"wp-image-5106\" width=\"347\" height=\"296\" srcset=\"https:\/\/fundaciohospitalariesmartorell.org\/entre-tots\/wp-content\/uploads\/2022\/11\/IMG-20221123-WA0002-1024x876.jpg 1024w, https:\/\/fundaciohospitalariesmartorell.org\/entre-tots\/wp-content\/uploads\/2022\/11\/IMG-20221123-WA0002-300x257.jpg 300w, https:\/\/fundaciohospitalariesmartorell.org\/entre-tots\/wp-content\/uploads\/2022\/11\/IMG-20221123-WA0002-768x657.jpg 768w, https:\/\/fundaciohospitalariesmartorell.org\/entre-tots\/wp-content\/uploads\/2022\/11\/IMG-20221123-WA0002.jpg 1178w\" sizes=\"auto, (max-width: 347px) 100vw, 347px\" \/><\/figure>\n\n\n\n<figure class=\"wp-block-image size-large is-resized\"><img loading=\"lazy\" decoding=\"async\" src=\"https:\/\/hospitalsagratcormartorell.org\/entre-tots\/wp-content\/uploads\/2022\/11\/IMG-20221123-WA0012-1024x974.jpg\" alt=\"\" class=\"wp-image-5107\" width=\"357\" height=\"339\" srcset=\"https:\/\/fundaciohospitalariesmartorell.org\/entre-tots\/wp-content\/uploads\/2022\/11\/IMG-20221123-WA0012-1024x974.jpg 1024w, https:\/\/fundaciohospitalariesmartorell.org\/entre-tots\/wp-content\/uploads\/2022\/11\/IMG-20221123-WA0012-300x285.jpg 300w, https:\/\/fundaciohospitalariesmartorell.org\/entre-tots\/wp-content\/uploads\/2022\/11\/IMG-20221123-WA0012-768x731.jpg 768w, https:\/\/fundaciohospitalariesmartorell.org\/entre-tots\/wp-content\/uploads\/2022\/11\/IMG-20221123-WA0012.jpg 1191w\" sizes=\"auto, (max-width: 357px) 100vw, 357px\" \/><\/figure>\n\n\n\n<p>La creaci\u00f3 d&#8217;aquesta nova unitat assistencial respon a dos objectius. D&#8217;una banda, donar millors condicions de confort i assist\u00e8ncia als\/a les pacients que es trobaven a l&#8217;edifici 4, que no es reformable i, per tant, quedar\u00e0 en des\u00fas. El segon objectiu \u00e9s donar resposta a l&#8217;increment d&#8217;activitat sociosanit\u00e0ria al territori. Aix\u00ed, els llits de la planta 0 es destinaran a pacients sociosanitaris. La planta 0 tamb\u00e9 ser\u00e0 ocupada, durant el primer trimestre de 2023, per l&#8217;equip PADES i l&#8217;EAIA de trastorns cognitius.<\/p>\n\n\n\n<p>Al soterrani s&#8217;hi troba el magatzem, les sales de formaci\u00f3 i doc\u00e8ncia i, pr\u00f2ximament, s&#8217;hi ubicar\u00e0 la farm\u00e0cia. Aquesta distribuci\u00f3 ha estat fruit d&#8217;una reorganitzaci\u00f3 de la log\u00edstica de l&#8217;Hospital.<\/p>\n\n\n\n<figure class=\"wp-block-image alignleft size-large is-resized\"><img loading=\"lazy\" decoding=\"async\" src=\"https:\/\/hospitalsagratcormartorell.org\/entre-tots\/wp-content\/uploads\/2022\/11\/06A7967-1024x548.jpg\" alt=\"\" class=\"wp-image-5108\" width=\"403\" height=\"215\" srcset=\"https:\/\/fundaciohospitalariesmartorell.org\/entre-tots\/wp-content\/uploads\/2022\/11\/06A7967-1024x548.jpg 1024w, https:\/\/fundaciohospitalariesmartorell.org\/entre-tots\/wp-content\/uploads\/2022\/11\/06A7967-300x161.jpg 300w, https:\/\/fundaciohospitalariesmartorell.org\/entre-tots\/wp-content\/uploads\/2022\/11\/06A7967-768x411.jpg 768w, https:\/\/fundaciohospitalariesmartorell.org\/entre-tots\/wp-content\/uploads\/2022\/11\/06A7967-1536x822.jpg 1536w, https:\/\/fundaciohospitalariesmartorell.org\/entre-tots\/wp-content\/uploads\/2022\/11\/06A7967-2048x1096.jpg 2048w, https:\/\/fundaciohospitalariesmartorell.org\/entre-tots\/wp-content\/uploads\/2022\/11\/06A7967-1320x706.jpg 1320w\" sizes=\"auto, (max-width: 403px) 100vw, 403px\" \/><\/figure>\n\n\n\n<p>El disseny arquitect\u00f2nic i orientaci\u00f3 d&#8217;aquest nou edifici estan pensats per millorar la qualitat de vida i optimitzar el proc\u00e9s de recuperaci\u00f3 de les persones usu\u00e0ries. En aquest sentit, s&#8217;ha buscat la millor orientaci\u00f3 solar, el contacte amb la naturalesa, i vistes i privacitat per als espais de les habitacions i sales comunes, aix\u00ed com per al pati de la planta baixa. Per tot aix\u00f2 podem afirmar aquesta unitat respon als conceptes de qualitat i hospitalitat caracter\u00edstics de la nostra Instituci\u00f3.<\/p>\n\n\n\n<p>L&#8217;\u00e8xit del trasllat ha estat possible gr\u00e0cies a la planificaci\u00f3 i execuci\u00f3 per part d&#8217;un grup de professionals del qual destaquen la Direcci\u00f3 i Coordinaci\u00f3 d&#8217;Infermeria, i els Serveis Generals.<\/p>\n","protected":false},"excerpt":{"rendered":"<p>El 22 de novembre es van traslladar els i les pacients de l&#8217;\u00c0rea psicosocial de Rehabilitaci\u00f3 (edifici 4) al nou edifici assistencial de salut mental i sociosanitari (edifici 9). En concret s&#8217;han ocupat dues unitats de 30 llits cadascuna, a les plantes 1 i 2. La creaci\u00f3 d&#8217;aquesta nova unitat assistencial respon a dos objectius. [&hellip;]<\/p>\n","protected":false},"author":3,"featured_media":5105,"comment_status":"closed","ping_status":"closed","sticky":false,"template":"","format":"standard","meta":{"footnotes":""},"categories":[27],"tags":[],"class_list":["post-5104","post","type-post","status-publish","format-standard","has-post-thumbnail","hentry","category-actualitat"],"blocksy_meta":{"styles_descriptor":{"styles":{"desktop":"","tablet":"","mobile":""},"google_fonts":[],"version":6}},"featured_image_urls_v2":{"full":["https:\/\/fundaciohospitalariesmartorell.org\/entre-tots\/wp-content\/uploads\/2022\/11\/06A7948-scaled.jpg",2560,1423,false],"thumbnail":["https:\/\/fundaciohospitalariesmartorell.org\/entre-tots\/wp-content\/uploads\/2022\/11\/06A7948-150x150.jpg",150,150,true],"medium":["https:\/\/fundaciohospitalariesmartorell.org\/entre-tots\/wp-content\/uploads\/2022\/11\/06A7948-300x167.jpg",300,167,true],"medium_large":["https:\/\/fundaciohospitalariesmartorell.org\/entre-tots\/wp-content\/uploads\/2022\/11\/06A7948-768x427.jpg",768,427,true],"large":["https:\/\/fundaciohospitalariesmartorell.org\/entre-tots\/wp-content\/uploads\/2022\/11\/06A7948-1024x569.jpg",1024,569,true],"1536x1536":["https:\/\/fundaciohospitalariesmartorell.org\/entre-tots\/wp-content\/uploads\/2022\/11\/06A7948-1536x854.jpg",1536,854,true],"2048x2048":["https:\/\/fundaciohospitalariesmartorell.org\/entre-tots\/wp-content\/uploads\/2022\/11\/06A7948-2048x1138.jpg",2048,1138,true],"mailpoet_newsletter_max":["https:\/\/fundaciohospitalariesmartorell.org\/entre-tots\/wp-content\/uploads\/2022\/11\/06A7948-1320x734.jpg",1320,734,true]},"post_excerpt_stackable_v2":"<p>El 22 de novembre es van traslladar els i les pacients de l&#8217;\u00c0rea psicosocial de Rehabilitaci\u00f3 (edifici 4) al nou edifici assistencial de salut mental i sociosanitari (edifici 9). En concret s&#8217;han ocupat dues unitats de 30 llits cadascuna, a les plantes 1 i 2. La creaci\u00f3 d&#8217;aquesta nova unitat assistencial respon a dos objectius. D&#8217;una banda, donar millors condicions de confort i assist\u00e8ncia als\/a les pacients que es trobaven a l&#8217;edifici 4, que no es reformable i, per tant, quedar\u00e0 en des\u00fas. El segon objectiu \u00e9s donar resposta a l&#8217;increment d&#8217;activitat sociosanit\u00e0ria al territori. Aix\u00ed, els llits de la&hellip;<\/p>\n","category_list_v2":"<a href=\"https:\/\/fundaciohospitalariesmartorell.org\/entre-tots\/category\/actualitat\/\" rel=\"category tag\">ACTUALITAT<\/a>","author_info_v2":{"name":"Anna Casanovas","url":"https:\/\/fundaciohospitalariesmartorell.org\/entre-tots\/author\/acasanovasr\/"},"comments_num_v2":"0 comments","_links":{"self":[{"href":"https:\/\/fundaciohospitalariesmartorell.org\/entre-tots\/wp-json\/wp\/v2\/posts\/5104","targetHints":{"allow":["GET"]}}],"collection":[{"href":"https:\/\/fundaciohospitalariesmartorell.org\/entre-tots\/wp-json\/wp\/v2\/posts"}],"about":[{"href":"https:\/\/fundaciohospitalariesmartorell.org\/entre-tots\/wp-json\/wp\/v2\/types\/post"}],"author":[{"embeddable":true,"href":"https:\/\/fundaciohospitalariesmartorell.org\/entre-tots\/wp-json\/wp\/v2\/users\/3"}],"replies":[{"embeddable":true,"href":"https:\/\/fundaciohospitalariesmartorell.org\/entre-tots\/wp-json\/wp\/v2\/comments?post=5104"}],"version-history":[{"count":1,"href":"https:\/\/fundaciohospitalariesmartorell.org\/entre-tots\/wp-json\/wp\/v2\/posts\/5104\/revisions"}],"predecessor-version":[{"id":5109,"href":"https:\/\/fundaciohospitalariesmartorell.org\/entre-tots\/wp-json\/wp\/v2\/posts\/5104\/revisions\/5109"}],"wp:featuredmedia":[{"embeddable":true,"href":"https:\/\/fundaciohospitalariesmartorell.org\/entre-tots\/wp-json\/wp\/v2\/media\/5105"}],"wp:attachment":[{"href":"https:\/\/fundaciohospitalariesmartorell.org\/entre-tots\/wp-json\/wp\/v2\/media?parent=5104"}],"wp:term":[{"taxonomy":"category","embeddable":true,"href":"https:\/\/fundaciohospitalariesmartorell.org\/entre-tots\/wp-json\/wp\/v2\/categories?post=5104"},{"taxonomy":"post_tag","embeddable":true,"href":"https:\/\/fundaciohospitalariesmartorell.org\/entre-tots\/wp-json\/wp\/v2\/tags?post=5104"}],"curies":[{"name":"wp","href":"https:\/\/api.w.org\/{rel}","templated":true}]}}