{"id":5130,"date":"2022-11-30T10:50:04","date_gmt":"2022-11-30T08:50:04","guid":{"rendered":"https:\/\/newweb.hospitalsagratcormartorell.org\/entre-tots\/?p=5130"},"modified":"2022-12-02T10:29:07","modified_gmt":"2022-12-02T08:29:07","slug":"participem-a-la-viii-sessio-tecnica-de-la-unio-compartim-el-que-fem-en-treball-social-experiencies-innovadores-i-projectes-de-recerca","status":"publish","type":"post","link":"https:\/\/fundaciohospitalariesmartorell.org\/entre-tots\/2022\/11\/participem-a-la-viii-sessio-tecnica-de-la-unio-compartim-el-que-fem-en-treball-social-experiencies-innovadores-i-projectes-de-recerca\/","title":{"rendered":"Participem a la VIII Sessi\u00f3 T\u00e8cnica de La Uni\u00f3 &#8216;Compartim el que fem en Treball social: experi\u00e8ncies innovadores i projectes de recerca&#8217;"},"content":{"rendered":"\n<figure class=\"wp-block-image size-large\"><img loading=\"lazy\" decoding=\"async\" width=\"1024\" height=\"732\" src=\"https:\/\/hospitalsagratcormartorell.org\/entre-tots\/wp-content\/uploads\/2022\/11\/IMG-20221124-WA0011-1024x732.jpg\" alt=\"\" class=\"wp-image-5131\" srcset=\"https:\/\/fundaciohospitalariesmartorell.org\/entre-tots\/wp-content\/uploads\/2022\/11\/IMG-20221124-WA0011-1024x732.jpg 1024w, https:\/\/fundaciohospitalariesmartorell.org\/entre-tots\/wp-content\/uploads\/2022\/11\/IMG-20221124-WA0011-300x215.jpg 300w, https:\/\/fundaciohospitalariesmartorell.org\/entre-tots\/wp-content\/uploads\/2022\/11\/IMG-20221124-WA0011-768x549.jpg 768w, https:\/\/fundaciohospitalariesmartorell.org\/entre-tots\/wp-content\/uploads\/2022\/11\/IMG-20221124-WA0011.jpg 1169w\" sizes=\"auto, (max-width: 1024px) 100vw, 1024px\" \/><\/figure>\n\n\n\n<p>GLORIA L\u00d3PEZ. El\u00a0dilluns 21 de novembre, despr\u00e9s dels 3 anys d&#8217;aturada que va comportar la pand\u00e8mia per Covid-19, des del Consell Assessor en Treball social de La Uni\u00f3, en concret, des del Comit\u00e8 Cient\u00edfic -jo formo part d&#8217;ambd\u00f3s \u00f2rgans de treball- es va organitzar la VIII Sessi\u00f3 T\u00e8cnica &#8216;Compartim el que fem en Treball social: experi\u00e8ncies innovadores i projectes de recerca&#8217;.<\/p>\n\n\n\n<p>Aix\u00ed, un grup de professionals d&#8217;arreu de Catalunya, en concret, m\u00e9s de 100, ens vam congregar al Parc Sanitari Pere Virgili de Barcelona. El Comit\u00e8 Cient\u00edfic ho va tenir complicat per fer la selecci\u00f3 de les comunicacions que es van presentar en el marc de la sessi\u00f3. En aquest sentit, es van rebre 30 comunicacions de gran qualitat i se&#8217;n van escollir 12, les quals es van exposar dividides en dues taules: Atenci\u00f3 individual, grupal i comunit\u00e0ria i Innovaci\u00f3, recerca i cura professional.<\/p>\n\n\n\n<p>Aquest tipus de Jornades, que s&#8217;ofereixen ja des de fa anys, s\u00f3n una oportunitat excel\u00b7lent per mostrar i compartir el comprom\u00eds i la implicaci\u00f3 del Treball social a les institucions sanit\u00e0ries de Catalunya. \u00c9s una professi\u00f3 on el principal pilar \u00e9s el contacte hum\u00e0 i aquest \u00e9s imprescindible per generar confian\u00e7a i un bon vincle terap\u00e8utic; per tant, la nostra feina \u00e9s clau no nom\u00e9s a les organitzacions de caire social, sin\u00f3, tamb\u00e9, en el m\u00f3n sanitari.<\/p>\n\n\n\n<p>En aquesta vuitena jornada es van poder compartir experi\u00e8ncies, no nom\u00e9s derivades del context de la Covid-19, sin\u00f3 que, la majoria van ser casos de transformaci\u00f3 de cara a futur, amb l&#8217;objectiu de donar una adequada atenci\u00f3 a les necessitats de les persones; incl\u00fas hi van tenir cabuda experi\u00e8ncies que ja estan incloent les noves tecnologies, com \u00e9s la rob\u00f2tica.<\/p>\n\n\n\n<p>Va ser un \u00e8xit de participaci\u00f3, no nom\u00e9s pel nombre de persones assistents, sin\u00f3 per la qualitat de les exposicions, i el gran inter\u00e8s i debat del f\u00f2rum de professionals all\u00e0 present.&nbsp;Ara, a seguir treballant.<\/p>\n","protected":false},"excerpt":{"rendered":"<p>GLORIA L\u00d3PEZ. El\u00a0dilluns 21 de novembre, despr\u00e9s dels 3 anys d&#8217;aturada que va comportar la pand\u00e8mia per Covid-19, des del Consell Assessor en Treball social de La Uni\u00f3, en concret, des del Comit\u00e8 Cient\u00edfic -jo formo part d&#8217;ambd\u00f3s \u00f2rgans de treball- es va organitzar la VIII Sessi\u00f3 T\u00e8cnica &#8216;Compartim el que fem en Treball social: [&hellip;]<\/p>\n","protected":false},"author":3,"featured_media":5131,"comment_status":"closed","ping_status":"closed","sticky":false,"template":"","format":"standard","meta":{"footnotes":""},"categories":[27],"tags":[],"class_list":["post-5130","post","type-post","status-publish","format-standard","has-post-thumbnail","hentry","category-actualitat"],"blocksy_meta":{"styles_descriptor":{"styles":{"desktop":"","tablet":"","mobile":""},"google_fonts":[],"version":6}},"featured_image_urls_v2":{"full":["https:\/\/fundaciohospitalariesmartorell.org\/entre-tots\/wp-content\/uploads\/2022\/11\/IMG-20221124-WA0011.jpg",1169,836,false],"thumbnail":["https:\/\/fundaciohospitalariesmartorell.org\/entre-tots\/wp-content\/uploads\/2022\/11\/IMG-20221124-WA0011-150x150.jpg",150,150,true],"medium":["https:\/\/fundaciohospitalariesmartorell.org\/entre-tots\/wp-content\/uploads\/2022\/11\/IMG-20221124-WA0011-300x215.jpg",300,215,true],"medium_large":["https:\/\/fundaciohospitalariesmartorell.org\/entre-tots\/wp-content\/uploads\/2022\/11\/IMG-20221124-WA0011-768x549.jpg",768,549,true],"large":["https:\/\/fundaciohospitalariesmartorell.org\/entre-tots\/wp-content\/uploads\/2022\/11\/IMG-20221124-WA0011-1024x732.jpg",1024,732,true],"1536x1536":["https:\/\/fundaciohospitalariesmartorell.org\/entre-tots\/wp-content\/uploads\/2022\/11\/IMG-20221124-WA0011.jpg",1169,836,false],"2048x2048":["https:\/\/fundaciohospitalariesmartorell.org\/entre-tots\/wp-content\/uploads\/2022\/11\/IMG-20221124-WA0011.jpg",1169,836,false],"mailpoet_newsletter_max":["https:\/\/fundaciohospitalariesmartorell.org\/entre-tots\/wp-content\/uploads\/2022\/11\/IMG-20221124-WA0011.jpg",1169,836,false]},"post_excerpt_stackable_v2":"<p>GLORIA L\u00d3PEZ. El\u00a0dilluns 21 de novembre, despr\u00e9s dels 3 anys d&#8217;aturada que va comportar la pand\u00e8mia per Covid-19, des del Consell Assessor en Treball social de La Uni\u00f3, en concret, des del Comit\u00e8 Cient\u00edfic -jo formo part d&#8217;ambd\u00f3s \u00f2rgans de treball- es va organitzar la VIII Sessi\u00f3 T\u00e8cnica &#8216;Compartim el que fem en Treball social: experi\u00e8ncies innovadores i projectes de recerca&#8217;. Aix\u00ed, un grup de professionals d&#8217;arreu de Catalunya, en concret, m\u00e9s de 100, ens vam congregar al Parc Sanitari Pere Virgili de Barcelona. El Comit\u00e8 Cient\u00edfic ho va tenir complicat per fer la selecci\u00f3 de les comunicacions que es&hellip;<\/p>\n","category_list_v2":"<a href=\"https:\/\/fundaciohospitalariesmartorell.org\/entre-tots\/category\/actualitat\/\" rel=\"category tag\">ACTUALITAT<\/a>","author_info_v2":{"name":"Anna Casanovas","url":"https:\/\/fundaciohospitalariesmartorell.org\/entre-tots\/author\/acasanovasr\/"},"comments_num_v2":"0 comments","_links":{"self":[{"href":"https:\/\/fundaciohospitalariesmartorell.org\/entre-tots\/wp-json\/wp\/v2\/posts\/5130","targetHints":{"allow":["GET"]}}],"collection":[{"href":"https:\/\/fundaciohospitalariesmartorell.org\/entre-tots\/wp-json\/wp\/v2\/posts"}],"about":[{"href":"https:\/\/fundaciohospitalariesmartorell.org\/entre-tots\/wp-json\/wp\/v2\/types\/post"}],"author":[{"embeddable":true,"href":"https:\/\/fundaciohospitalariesmartorell.org\/entre-tots\/wp-json\/wp\/v2\/users\/3"}],"replies":[{"embeddable":true,"href":"https:\/\/fundaciohospitalariesmartorell.org\/entre-tots\/wp-json\/wp\/v2\/comments?post=5130"}],"version-history":[{"count":4,"href":"https:\/\/fundaciohospitalariesmartorell.org\/entre-tots\/wp-json\/wp\/v2\/posts\/5130\/revisions"}],"predecessor-version":[{"id":5250,"href":"https:\/\/fundaciohospitalariesmartorell.org\/entre-tots\/wp-json\/wp\/v2\/posts\/5130\/revisions\/5250"}],"wp:featuredmedia":[{"embeddable":true,"href":"https:\/\/fundaciohospitalariesmartorell.org\/entre-tots\/wp-json\/wp\/v2\/media\/5131"}],"wp:attachment":[{"href":"https:\/\/fundaciohospitalariesmartorell.org\/entre-tots\/wp-json\/wp\/v2\/media?parent=5130"}],"wp:term":[{"taxonomy":"category","embeddable":true,"href":"https:\/\/fundaciohospitalariesmartorell.org\/entre-tots\/wp-json\/wp\/v2\/categories?post=5130"},{"taxonomy":"post_tag","embeddable":true,"href":"https:\/\/fundaciohospitalariesmartorell.org\/entre-tots\/wp-json\/wp\/v2\/tags?post=5130"}],"curies":[{"name":"wp","href":"https:\/\/api.w.org\/{rel}","templated":true}]}}