{"id":5135,"date":"2022-11-30T10:57:30","date_gmt":"2022-11-30T08:57:30","guid":{"rendered":"https:\/\/newweb.hospitalsagratcormartorell.org\/entre-tots\/?p=5135"},"modified":"2022-12-01T14:52:05","modified_gmt":"2022-12-01T12:52:05","slug":"el-subdirector-medic-de-lhospital-nou-president-de-la-sociedad-espanola-de-psicogeriatria","status":"publish","type":"post","link":"https:\/\/fundaciohospitalariesmartorell.org\/entre-tots\/2022\/11\/el-subdirector-medic-de-lhospital-nou-president-de-la-sociedad-espanola-de-psicogeriatria\/","title":{"rendered":"El subdirector m\u00e8dic de l\u2019Hospital, nou president de la Sociedad Espa\u00f1ola de Psicogeriatr\u00eda"},"content":{"rendered":"\n<figure class=\"wp-block-image size-large\"><img loading=\"lazy\" decoding=\"async\" width=\"1024\" height=\"948\" src=\"https:\/\/hospitalsagratcormartorell.org\/entre-tots\/wp-content\/uploads\/2022\/11\/IMG-20221002-WA0034-1024x948.jpg\" alt=\"\" class=\"wp-image-5136\" srcset=\"https:\/\/fundaciohospitalariesmartorell.org\/entre-tots\/wp-content\/uploads\/2022\/11\/IMG-20221002-WA0034-1024x948.jpg 1024w, https:\/\/fundaciohospitalariesmartorell.org\/entre-tots\/wp-content\/uploads\/2022\/11\/IMG-20221002-WA0034-300x278.jpg 300w, https:\/\/fundaciohospitalariesmartorell.org\/entre-tots\/wp-content\/uploads\/2022\/11\/IMG-20221002-WA0034-768x711.jpg 768w, https:\/\/fundaciohospitalariesmartorell.org\/entre-tots\/wp-content\/uploads\/2022\/11\/IMG-20221002-WA0034.jpg 1030w\" sizes=\"auto, (max-width: 1024px) 100vw, 1024px\" \/><\/figure>\n\n\n\n<p>Des d\u2019aquest mes de novembre, el subdirector m\u00e8dic de l\u2019Hospital Sagrat Cor, el doctor Manel S\u00e1nchez, \u00e9s el nou president de la Sociedad Espa\u00f1ola de Psicogeriatr\u00eda (SEPG).<\/p>\n\n\n\n<p>En el marc de l\u2019assemblea general que es va celebrar durant el XIX Congr\u00e9s de la SEPG, que va tenir lloc del 29 de setembre a l\u20191 d\u2019octubre a Valladolid, el Dr. S\u00e1nchez va presentar la seva candidatura, la qual va ser aprovada per l\u2019assemblea de socis.<\/p>\n\n\n\n<p>\u201c\u00c9s un honor per a mi liderar una societat que representa el meu principal camp de treball durant molts anys\u201d, assenyala el subdirector m\u00e8dic de l\u2019Hospital Sagrat Cor.<\/p>\n\n\n\n<p>Manel S\u00e1nchez es va incorporar com a soci de la SEPG a principis dels anys 90 i l\u2019any 2000 va entrar a formar part de la junta directiva.<\/p>\n\n\n\n<p>Dins de l\u2019activitat desenvolupada pel Dr. S\u00e1nchez en l\u2019\u00e0mbit de la psicogeriatria destaca la tasca de promoci\u00f3 de l\u2019especialitat amb la creaci\u00f3 i impuls del m\u00e0ster en psicogeriatria de la Universitat Aut\u00f2noma de Barcelona. Aquest m\u00e0ster, que ja es troba en la seva XXIII edici\u00f3, \u00e9s l\u2019\u00fanica formaci\u00f3 de psiquiatria geri\u00e0trica a Espanya.<\/p>\n","protected":false},"excerpt":{"rendered":"<p>Des d\u2019aquest mes de novembre, el subdirector m\u00e8dic de l\u2019Hospital Sagrat Cor, el doctor Manel S\u00e1nchez, \u00e9s el nou president de la Sociedad Espa\u00f1ola de Psicogeriatr\u00eda (SEPG). En el marc de l\u2019assemblea general que es va celebrar durant el XIX Congr\u00e9s de la SEPG, que va tenir lloc del 29 de setembre a l\u20191 d\u2019octubre [&hellip;]<\/p>\n","protected":false},"author":3,"featured_media":5136,"comment_status":"closed","ping_status":"closed","sticky":false,"template":"","format":"standard","meta":{"footnotes":""},"categories":[27],"tags":[],"class_list":["post-5135","post","type-post","status-publish","format-standard","has-post-thumbnail","hentry","category-actualitat"],"blocksy_meta":{"styles_descriptor":{"styles":{"desktop":"","tablet":"","mobile":""},"google_fonts":[],"version":6}},"featured_image_urls_v2":{"full":["https:\/\/fundaciohospitalariesmartorell.org\/entre-tots\/wp-content\/uploads\/2022\/11\/IMG-20221002-WA0034.jpg",1030,954,false],"thumbnail":["https:\/\/fundaciohospitalariesmartorell.org\/entre-tots\/wp-content\/uploads\/2022\/11\/IMG-20221002-WA0034-150x150.jpg",150,150,true],"medium":["https:\/\/fundaciohospitalariesmartorell.org\/entre-tots\/wp-content\/uploads\/2022\/11\/IMG-20221002-WA0034-300x278.jpg",300,278,true],"medium_large":["https:\/\/fundaciohospitalariesmartorell.org\/entre-tots\/wp-content\/uploads\/2022\/11\/IMG-20221002-WA0034-768x711.jpg",768,711,true],"large":["https:\/\/fundaciohospitalariesmartorell.org\/entre-tots\/wp-content\/uploads\/2022\/11\/IMG-20221002-WA0034-1024x948.jpg",1024,948,true],"1536x1536":["https:\/\/fundaciohospitalariesmartorell.org\/entre-tots\/wp-content\/uploads\/2022\/11\/IMG-20221002-WA0034.jpg",1030,954,false],"2048x2048":["https:\/\/fundaciohospitalariesmartorell.org\/entre-tots\/wp-content\/uploads\/2022\/11\/IMG-20221002-WA0034.jpg",1030,954,false],"mailpoet_newsletter_max":["https:\/\/fundaciohospitalariesmartorell.org\/entre-tots\/wp-content\/uploads\/2022\/11\/IMG-20221002-WA0034.jpg",1030,954,false]},"post_excerpt_stackable_v2":"<p>Des d\u2019aquest mes de novembre, el subdirector m\u00e8dic de l\u2019Hospital Sagrat Cor, el doctor Manel S\u00e1nchez, \u00e9s el nou president de la Sociedad Espa\u00f1ola de Psicogeriatr\u00eda (SEPG). En el marc de l\u2019assemblea general que es va celebrar durant el XIX Congr\u00e9s de la SEPG, que va tenir lloc del 29 de setembre a l\u20191 d\u2019octubre a Valladolid, el Dr. S\u00e1nchez va presentar la seva candidatura, la qual va ser aprovada per l\u2019assemblea de socis. \u201c\u00c9s un honor per a mi liderar una societat que representa el meu principal camp de treball durant molts anys\u201d, assenyala el subdirector m\u00e8dic de l\u2019Hospital&hellip;<\/p>\n","category_list_v2":"<a href=\"https:\/\/fundaciohospitalariesmartorell.org\/entre-tots\/category\/actualitat\/\" rel=\"category tag\">ACTUALITAT<\/a>","author_info_v2":{"name":"Anna Casanovas","url":"https:\/\/fundaciohospitalariesmartorell.org\/entre-tots\/author\/acasanovasr\/"},"comments_num_v2":"0 comments","_links":{"self":[{"href":"https:\/\/fundaciohospitalariesmartorell.org\/entre-tots\/wp-json\/wp\/v2\/posts\/5135","targetHints":{"allow":["GET"]}}],"collection":[{"href":"https:\/\/fundaciohospitalariesmartorell.org\/entre-tots\/wp-json\/wp\/v2\/posts"}],"about":[{"href":"https:\/\/fundaciohospitalariesmartorell.org\/entre-tots\/wp-json\/wp\/v2\/types\/post"}],"author":[{"embeddable":true,"href":"https:\/\/fundaciohospitalariesmartorell.org\/entre-tots\/wp-json\/wp\/v2\/users\/3"}],"replies":[{"embeddable":true,"href":"https:\/\/fundaciohospitalariesmartorell.org\/entre-tots\/wp-json\/wp\/v2\/comments?post=5135"}],"version-history":[{"count":2,"href":"https:\/\/fundaciohospitalariesmartorell.org\/entre-tots\/wp-json\/wp\/v2\/posts\/5135\/revisions"}],"predecessor-version":[{"id":5243,"href":"https:\/\/fundaciohospitalariesmartorell.org\/entre-tots\/wp-json\/wp\/v2\/posts\/5135\/revisions\/5243"}],"wp:featuredmedia":[{"embeddable":true,"href":"https:\/\/fundaciohospitalariesmartorell.org\/entre-tots\/wp-json\/wp\/v2\/media\/5136"}],"wp:attachment":[{"href":"https:\/\/fundaciohospitalariesmartorell.org\/entre-tots\/wp-json\/wp\/v2\/media?parent=5135"}],"wp:term":[{"taxonomy":"category","embeddable":true,"href":"https:\/\/fundaciohospitalariesmartorell.org\/entre-tots\/wp-json\/wp\/v2\/categories?post=5135"},{"taxonomy":"post_tag","embeddable":true,"href":"https:\/\/fundaciohospitalariesmartorell.org\/entre-tots\/wp-json\/wp\/v2\/tags?post=5135"}],"curies":[{"name":"wp","href":"https:\/\/api.w.org\/{rel}","templated":true}]}}