{"id":5138,"date":"2022-11-30T10:51:19","date_gmt":"2022-11-30T08:51:19","guid":{"rendered":"https:\/\/newweb.hospitalsagratcormartorell.org\/entre-tots\/?p=5138"},"modified":"2022-12-02T10:28:16","modified_gmt":"2022-12-02T08:28:16","slug":"el-subdirector-medic-de-lhospital-imparteix-un-webinar-de-la-ceafa","status":"publish","type":"post","link":"https:\/\/fundaciohospitalariesmartorell.org\/entre-tots\/2022\/11\/el-subdirector-medic-de-lhospital-imparteix-un-webinar-de-la-ceafa\/","title":{"rendered":"El doctor Manel S\u00e1nchez imparteix imparteix un webinar de la CEAFA"},"content":{"rendered":"\n<figure class=\"wp-block-image size-full\"><img loading=\"lazy\" decoding=\"async\" width=\"734\" height=\"573\" src=\"https:\/\/hospitalsagratcormartorell.org\/entre-tots\/wp-content\/uploads\/2022\/11\/foto-principal.png\" alt=\"\" class=\"wp-image-5139\" srcset=\"https:\/\/fundaciohospitalariesmartorell.org\/entre-tots\/wp-content\/uploads\/2022\/11\/foto-principal.png 734w, https:\/\/fundaciohospitalariesmartorell.org\/entre-tots\/wp-content\/uploads\/2022\/11\/foto-principal-300x234.png 300w\" sizes=\"auto, (max-width: 734px) 100vw, 734px\" \/><\/figure>\n\n\n\n<p>El 24 de novembre, el subdirector m\u00e8dic de l\u2019Hospital Sagrat Cor, el doctor Manel S\u00e1nchez, va impartir un webinar organitzat per la Confederaci\u00f3n Espa\u00f1ola de Alzheimer (CEAFA) amb el t\u00edtol de \u201cManejo de los s\u00edntomas psiqui\u00e1tricos en las primeras fases: reto para los cuidadores\u201d.<\/p>\n\n\n\n<p>Durant la sessi\u00f3,\u00a0el Dr. S\u00e1nchez va explicar que els s\u00edmptomes psiqui\u00e0trics i conductuals de les dem\u00e8ncies sovint es manifesten abans del diagn\u00f2stic. Tamb\u00e9 va indicar que en les fases inicials poden causar un impacte, a vegades m\u00e9s important que en estadis m\u00e9s avan\u00e7ats. Pel que fa al tractament, va posar \u00e8mfasi en la utilitat del no farmacol\u00f2gic (aromater\u00e0pia, musicoter\u00e0pia, ter\u00e0pia amb animals&#8230;) i va assenyalar que les persones cuidadores poden ser agents actius en l&#8217;aplicaci\u00f3 d&#8217;aquestes estrat\u00e8gies i beneficiar-se d&#8217;elles.<\/p>\n\n\n\n<figure class=\"wp-block-image size-full\"><img loading=\"lazy\" decoding=\"async\" width=\"880\" height=\"676\" src=\"https:\/\/hospitalsagratcormartorell.org\/entre-tots\/wp-content\/uploads\/2022\/11\/foto-1a-xerrada.png\" alt=\"\" class=\"wp-image-5140\" srcset=\"https:\/\/fundaciohospitalariesmartorell.org\/entre-tots\/wp-content\/uploads\/2022\/11\/foto-1a-xerrada.png 880w, https:\/\/fundaciohospitalariesmartorell.org\/entre-tots\/wp-content\/uploads\/2022\/11\/foto-1a-xerrada-300x230.png 300w, https:\/\/fundaciohospitalariesmartorell.org\/entre-tots\/wp-content\/uploads\/2022\/11\/foto-1a-xerrada-768x590.png 768w\" sizes=\"auto, (max-width: 880px) 100vw, 880px\" \/><\/figure>\n\n\n\n<p>Aix\u00ed mateix, el 22 de novembre va participar a la 17aJornada Sociosanit\u00e0ria de la Fundaci\u00f3 Mutuam Conviure, tamb\u00e9 en format webinar, amb el t\u00edtol de &#8220;La salut mental i l&#8217;envelliment&#8221; i la qual es va centrar en els trastorns psicogeri\u00e0trics i els trastorns de conducta, vinculats a l&#8217;envelliment.<\/p>\n\n\n\n<p>En el marc de l\u2019acte, el subdirector m\u00e8dic del nostre Hospital va participar a la taula rodona \u2018L\u2019abordatge dels trastorns mentals en  l\u2019\u00e0mbit de l\u2019Atenci\u00f3 Interm\u00e8dia\u2019 on va fer refer\u00e8ncia a l\u2019atenci\u00f3 urgent en psiquiatria geri\u00e0trica. En aquest sentit, entre les causes m\u00e9s freq\u00fcents d\u2019atenci\u00f3 urgent va destacar les alteracions conductuals, com l\u2019agitaci\u00f3 i l\u2019agressivitat, les quals, cada vegada m\u00e9s, estan associades a problem\u00e0tiques socials com la soledat o l\u2019abandonament. Tamb\u00e9 es va referir a la proced\u00e8ncia dels ingressos d\u2019atenci\u00f3 urgent a la Unitat d\u2019Aguts de Psiquiatria Geri\u00e0trica de l\u2019Hospital Sagrat Cor, als diagn\u00f2stics m\u00e9s freq\u00fcents en aquesta unitat, aix\u00ed com a les dificultats en l\u2019atenci\u00f3 d\u2019aquest col\u00b7lectiu de pacients, com circuits d\u2019acc\u00e9s deficitaris, llistes d\u2019espera, etc.<\/p>\n\n\n\n<figure class=\"wp-block-image size-full\"><img loading=\"lazy\" decoding=\"async\" width=\"803\" height=\"679\" src=\"https:\/\/hospitalsagratcormartorell.org\/entre-tots\/wp-content\/uploads\/2022\/11\/foto-de-la-2a-xerrada.png\" alt=\"\" class=\"wp-image-5141\" srcset=\"https:\/\/fundaciohospitalariesmartorell.org\/entre-tots\/wp-content\/uploads\/2022\/11\/foto-de-la-2a-xerrada.png 803w, https:\/\/fundaciohospitalariesmartorell.org\/entre-tots\/wp-content\/uploads\/2022\/11\/foto-de-la-2a-xerrada-300x254.png 300w, https:\/\/fundaciohospitalariesmartorell.org\/entre-tots\/wp-content\/uploads\/2022\/11\/foto-de-la-2a-xerrada-768x649.png 768w\" sizes=\"auto, (max-width: 803px) 100vw, 803px\" \/><\/figure>\n","protected":false},"excerpt":{"rendered":"<p>El 24 de novembre, el subdirector m\u00e8dic de l\u2019Hospital Sagrat Cor, el doctor Manel S\u00e1nchez, va impartir un webinar organitzat per la Confederaci\u00f3n Espa\u00f1ola de Alzheimer (CEAFA) amb el t\u00edtol de \u201cManejo de los s\u00edntomas psiqui\u00e1tricos en las primeras fases: reto para los cuidadores\u201d. Durant la sessi\u00f3,\u00a0el Dr. S\u00e1nchez va explicar que els s\u00edmptomes psiqui\u00e0trics [&hellip;]<\/p>\n","protected":false},"author":3,"featured_media":5139,"comment_status":"closed","ping_status":"closed","sticky":false,"template":"","format":"standard","meta":{"footnotes":""},"categories":[27],"tags":[],"class_list":["post-5138","post","type-post","status-publish","format-standard","has-post-thumbnail","hentry","category-actualitat"],"blocksy_meta":{"styles_descriptor":{"styles":{"desktop":"","tablet":"","mobile":""},"google_fonts":[],"version":6}},"featured_image_urls_v2":{"full":["https:\/\/fundaciohospitalariesmartorell.org\/entre-tots\/wp-content\/uploads\/2022\/11\/foto-principal.png",734,573,false],"thumbnail":["https:\/\/fundaciohospitalariesmartorell.org\/entre-tots\/wp-content\/uploads\/2022\/11\/foto-principal-150x150.png",150,150,true],"medium":["https:\/\/fundaciohospitalariesmartorell.org\/entre-tots\/wp-content\/uploads\/2022\/11\/foto-principal-300x234.png",300,234,true],"medium_large":["https:\/\/fundaciohospitalariesmartorell.org\/entre-tots\/wp-content\/uploads\/2022\/11\/foto-principal.png",734,573,false],"large":["https:\/\/fundaciohospitalariesmartorell.org\/entre-tots\/wp-content\/uploads\/2022\/11\/foto-principal.png",734,573,false],"1536x1536":["https:\/\/fundaciohospitalariesmartorell.org\/entre-tots\/wp-content\/uploads\/2022\/11\/foto-principal.png",734,573,false],"2048x2048":["https:\/\/fundaciohospitalariesmartorell.org\/entre-tots\/wp-content\/uploads\/2022\/11\/foto-principal.png",734,573,false],"mailpoet_newsletter_max":["https:\/\/fundaciohospitalariesmartorell.org\/entre-tots\/wp-content\/uploads\/2022\/11\/foto-principal.png",734,573,false]},"post_excerpt_stackable_v2":"<p>El 24 de novembre, el subdirector m\u00e8dic de l\u2019Hospital Sagrat Cor, el doctor Manel S\u00e1nchez, va impartir un webinar organitzat per la Confederaci\u00f3n Espa\u00f1ola de Alzheimer (CEAFA) amb el t\u00edtol de \u201cManejo de los s\u00edntomas psiqui\u00e1tricos en las primeras fases: reto para los cuidadores\u201d. Durant la sessi\u00f3,\u00a0el Dr. S\u00e1nchez va explicar que els s\u00edmptomes psiqui\u00e0trics i conductuals de les dem\u00e8ncies sovint es manifesten abans del diagn\u00f2stic. Tamb\u00e9 va indicar que en les fases inicials poden causar un impacte, a vegades m\u00e9s important que en estadis m\u00e9s avan\u00e7ats. Pel que fa al tractament, va posar \u00e8mfasi en la utilitat del no&hellip;<\/p>\n","category_list_v2":"<a href=\"https:\/\/fundaciohospitalariesmartorell.org\/entre-tots\/category\/actualitat\/\" rel=\"category tag\">ACTUALITAT<\/a>","author_info_v2":{"name":"Anna Casanovas","url":"https:\/\/fundaciohospitalariesmartorell.org\/entre-tots\/author\/acasanovasr\/"},"comments_num_v2":"0 comments","_links":{"self":[{"href":"https:\/\/fundaciohospitalariesmartorell.org\/entre-tots\/wp-json\/wp\/v2\/posts\/5138","targetHints":{"allow":["GET"]}}],"collection":[{"href":"https:\/\/fundaciohospitalariesmartorell.org\/entre-tots\/wp-json\/wp\/v2\/posts"}],"about":[{"href":"https:\/\/fundaciohospitalariesmartorell.org\/entre-tots\/wp-json\/wp\/v2\/types\/post"}],"author":[{"embeddable":true,"href":"https:\/\/fundaciohospitalariesmartorell.org\/entre-tots\/wp-json\/wp\/v2\/users\/3"}],"replies":[{"embeddable":true,"href":"https:\/\/fundaciohospitalariesmartorell.org\/entre-tots\/wp-json\/wp\/v2\/comments?post=5138"}],"version-history":[{"count":3,"href":"https:\/\/fundaciohospitalariesmartorell.org\/entre-tots\/wp-json\/wp\/v2\/posts\/5138\/revisions"}],"predecessor-version":[{"id":5249,"href":"https:\/\/fundaciohospitalariesmartorell.org\/entre-tots\/wp-json\/wp\/v2\/posts\/5138\/revisions\/5249"}],"wp:featuredmedia":[{"embeddable":true,"href":"https:\/\/fundaciohospitalariesmartorell.org\/entre-tots\/wp-json\/wp\/v2\/media\/5139"}],"wp:attachment":[{"href":"https:\/\/fundaciohospitalariesmartorell.org\/entre-tots\/wp-json\/wp\/v2\/media?parent=5138"}],"wp:term":[{"taxonomy":"category","embeddable":true,"href":"https:\/\/fundaciohospitalariesmartorell.org\/entre-tots\/wp-json\/wp\/v2\/categories?post=5138"},{"taxonomy":"post_tag","embeddable":true,"href":"https:\/\/fundaciohospitalariesmartorell.org\/entre-tots\/wp-json\/wp\/v2\/tags?post=5138"}],"curies":[{"name":"wp","href":"https:\/\/api.w.org\/{rel}","templated":true}]}}