{"id":5143,"date":"2022-11-30T10:54:35","date_gmt":"2022-11-30T08:54:35","guid":{"rendered":"https:\/\/newweb.hospitalsagratcormartorell.org\/entre-tots\/?p=5143"},"modified":"2022-12-01T15:06:47","modified_gmt":"2022-12-01T13:06:47","slug":"vacunacio-de-la-grip-i-la-quarta-dosi-contra-la-covid-19-els-dies-7-i-24-doctubre","status":"publish","type":"post","link":"https:\/\/fundaciohospitalariesmartorell.org\/entre-tots\/2022\/11\/vacunacio-de-la-grip-i-la-quarta-dosi-contra-la-covid-19-els-dies-7-i-24-doctubre\/","title":{"rendered":"Ens vacunem de la grip i de la 4a dosi contra la Covid-19"},"content":{"rendered":"\n<figure class=\"wp-block-image size-large\"><img loading=\"lazy\" decoding=\"async\" width=\"966\" height=\"1024\" src=\"https:\/\/hospitalsagratcormartorell.org\/entre-tots\/wp-content\/uploads\/2022\/11\/IMG-20221025-WA0031-966x1024.jpg\" alt=\"\" class=\"wp-image-5149\" srcset=\"https:\/\/fundaciohospitalariesmartorell.org\/entre-tots\/wp-content\/uploads\/2022\/11\/IMG-20221025-WA0031-966x1024.jpg 966w, https:\/\/fundaciohospitalariesmartorell.org\/entre-tots\/wp-content\/uploads\/2022\/11\/IMG-20221025-WA0031-283x300.jpg 283w, https:\/\/fundaciohospitalariesmartorell.org\/entre-tots\/wp-content\/uploads\/2022\/11\/IMG-20221025-WA0031-768x814.jpg 768w, https:\/\/fundaciohospitalariesmartorell.org\/entre-tots\/wp-content\/uploads\/2022\/11\/IMG-20221025-WA0031-1450x1536.jpg 1450w, https:\/\/fundaciohospitalariesmartorell.org\/entre-tots\/wp-content\/uploads\/2022\/11\/IMG-20221025-WA0031-1320x1399.jpg 1320w, https:\/\/fundaciohospitalariesmartorell.org\/entre-tots\/wp-content\/uploads\/2022\/11\/IMG-20221025-WA0031.jpg 1510w\" sizes=\"auto, (max-width: 966px) 100vw, 966px\" \/><\/figure>\n\n\n\n<p>PILAR HERRERO. Seguint l\u2019estrat\u00e8gia de vacunaci\u00f3 de la Generalitat de Catalunya, l\u2019equip d\u2019atenci\u00f3 prim\u00e0ria de l\u2019ABS Martorell Urb\u00e0 es va despla\u00e7ar al nostre Centre, els passats 7 i 24 d\u2019octubre, per vacunar contra la grip i posar la quarta dosi contra la Covid-19 als pacients de llarga estada sociosanit\u00e0ria i de salut mental.<\/p>\n\n\n\n<p>Pr\u00e8viament, es va demanar autoritzaci\u00f3 al\/a la\u00a0mateix\/a pacient, a la seva fam\u00edlia o, en el seu defecte, a les entitats tutelars pertinents. Tamb\u00e9 va ser necessari fer una valoraci\u00f3 m\u00e8dica de cada \u00a0persona usu\u00e0ria, ja que el criteri cl\u00ednic va ser imprescindible en l\u2019administraci\u00f3 de les vacunes.<\/p>\n\n\n\n<p>Aix\u00ed mateix, el 24 d&#8217;octubre es van administrar ambdues vacunes al conjunt de professionals assistencials que desenvolupen la seva activitat a les unitats d&#8217;hospitalitzaci\u00f3. Des de l&#8217;Hospital Sagrat Cor\u00a0seguim sensibilitzant\u00a0pacients, familiars i professionals sobre la import\u00e0ncia de la vacunaci\u00f3;\u00a0doncs, tal i com ha demostrat la pand\u00e8mia recent,\u00a0les vacunes s\u00f3n una de les mesures que m\u00e9s benefici ha tingut per a la humanitat.<\/p>\n\n\n\n<p>Des de l\u2019Hospital Sagrat Cor, seguim sensibilitzant a pacients, familiars i professionals sobre la import\u00e0ncia de la vacunaci\u00f3, doncs, tal i com ha demostrat la pand\u00e8mia recent, les vacunes s\u00f3n una de les mesures que m\u00e9s benefici ha tingut per a la humanitat.<\/p>\n","protected":false},"excerpt":{"rendered":"<p>PILAR HERRERO. Seguint l\u2019estrat\u00e8gia de vacunaci\u00f3 de la Generalitat de Catalunya, l\u2019equip d\u2019atenci\u00f3 prim\u00e0ria de l\u2019ABS Martorell Urb\u00e0 es va despla\u00e7ar al nostre Centre, els passats 7 i 24 d\u2019octubre, per vacunar contra la grip i posar la quarta dosi contra la Covid-19 als pacients de llarga estada sociosanit\u00e0ria i de salut mental. Pr\u00e8viament, es [&hellip;]<\/p>\n","protected":false},"author":3,"featured_media":5149,"comment_status":"closed","ping_status":"closed","sticky":false,"template":"","format":"standard","meta":{"footnotes":""},"categories":[27],"tags":[],"class_list":["post-5143","post","type-post","status-publish","format-standard","has-post-thumbnail","hentry","category-actualitat"],"blocksy_meta":{"styles_descriptor":{"styles":{"desktop":"","tablet":"","mobile":""},"google_fonts":[],"version":6}},"featured_image_urls_v2":{"full":["https:\/\/fundaciohospitalariesmartorell.org\/entre-tots\/wp-content\/uploads\/2022\/11\/IMG-20221025-WA0031.jpg",1510,1600,false],"thumbnail":["https:\/\/fundaciohospitalariesmartorell.org\/entre-tots\/wp-content\/uploads\/2022\/11\/IMG-20221025-WA0031-150x150.jpg",150,150,true],"medium":["https:\/\/fundaciohospitalariesmartorell.org\/entre-tots\/wp-content\/uploads\/2022\/11\/IMG-20221025-WA0031-283x300.jpg",283,300,true],"medium_large":["https:\/\/fundaciohospitalariesmartorell.org\/entre-tots\/wp-content\/uploads\/2022\/11\/IMG-20221025-WA0031-768x814.jpg",768,814,true],"large":["https:\/\/fundaciohospitalariesmartorell.org\/entre-tots\/wp-content\/uploads\/2022\/11\/IMG-20221025-WA0031-966x1024.jpg",966,1024,true],"1536x1536":["https:\/\/fundaciohospitalariesmartorell.org\/entre-tots\/wp-content\/uploads\/2022\/11\/IMG-20221025-WA0031-1450x1536.jpg",1450,1536,true],"2048x2048":["https:\/\/fundaciohospitalariesmartorell.org\/entre-tots\/wp-content\/uploads\/2022\/11\/IMG-20221025-WA0031.jpg",1510,1600,false],"mailpoet_newsletter_max":["https:\/\/fundaciohospitalariesmartorell.org\/entre-tots\/wp-content\/uploads\/2022\/11\/IMG-20221025-WA0031-1320x1399.jpg",1320,1399,true]},"post_excerpt_stackable_v2":"<p>PILAR HERRERO. Seguint l\u2019estrat\u00e8gia de vacunaci\u00f3 de la Generalitat de Catalunya, l\u2019equip d\u2019atenci\u00f3 prim\u00e0ria de l\u2019ABS Martorell Urb\u00e0 es va despla\u00e7ar al nostre Centre, els passats 7 i 24 d\u2019octubre, per vacunar contra la grip i posar la quarta dosi contra la Covid-19 als pacients de llarga estada sociosanit\u00e0ria i de salut mental. Pr\u00e8viament, es va demanar autoritzaci\u00f3 al\/a la\u00a0mateix\/a pacient, a la seva fam\u00edlia o, en el seu defecte, a les entitats tutelars pertinents. Tamb\u00e9 va ser necessari fer una valoraci\u00f3 m\u00e8dica de cada \u00a0persona usu\u00e0ria, ja que el criteri cl\u00ednic va ser imprescindible en l\u2019administraci\u00f3 de les vacunes.&hellip;<\/p>\n","category_list_v2":"<a href=\"https:\/\/fundaciohospitalariesmartorell.org\/entre-tots\/category\/actualitat\/\" rel=\"category tag\">ACTUALITAT<\/a>","author_info_v2":{"name":"Anna Casanovas","url":"https:\/\/fundaciohospitalariesmartorell.org\/entre-tots\/author\/acasanovasr\/"},"comments_num_v2":"0 comments","_links":{"self":[{"href":"https:\/\/fundaciohospitalariesmartorell.org\/entre-tots\/wp-json\/wp\/v2\/posts\/5143","targetHints":{"allow":["GET"]}}],"collection":[{"href":"https:\/\/fundaciohospitalariesmartorell.org\/entre-tots\/wp-json\/wp\/v2\/posts"}],"about":[{"href":"https:\/\/fundaciohospitalariesmartorell.org\/entre-tots\/wp-json\/wp\/v2\/types\/post"}],"author":[{"embeddable":true,"href":"https:\/\/fundaciohospitalariesmartorell.org\/entre-tots\/wp-json\/wp\/v2\/users\/3"}],"replies":[{"embeddable":true,"href":"https:\/\/fundaciohospitalariesmartorell.org\/entre-tots\/wp-json\/wp\/v2\/comments?post=5143"}],"version-history":[{"count":6,"href":"https:\/\/fundaciohospitalariesmartorell.org\/entre-tots\/wp-json\/wp\/v2\/posts\/5143\/revisions"}],"predecessor-version":[{"id":5247,"href":"https:\/\/fundaciohospitalariesmartorell.org\/entre-tots\/wp-json\/wp\/v2\/posts\/5143\/revisions\/5247"}],"wp:featuredmedia":[{"embeddable":true,"href":"https:\/\/fundaciohospitalariesmartorell.org\/entre-tots\/wp-json\/wp\/v2\/media\/5149"}],"wp:attachment":[{"href":"https:\/\/fundaciohospitalariesmartorell.org\/entre-tots\/wp-json\/wp\/v2\/media?parent=5143"}],"wp:term":[{"taxonomy":"category","embeddable":true,"href":"https:\/\/fundaciohospitalariesmartorell.org\/entre-tots\/wp-json\/wp\/v2\/categories?post=5143"},{"taxonomy":"post_tag","embeddable":true,"href":"https:\/\/fundaciohospitalariesmartorell.org\/entre-tots\/wp-json\/wp\/v2\/tags?post=5143"}],"curies":[{"name":"wp","href":"https:\/\/api.w.org\/{rel}","templated":true}]}}