{"id":5156,"date":"2022-11-30T10:48:03","date_gmt":"2022-11-30T08:48:03","guid":{"rendered":"https:\/\/newweb.hospitalsagratcormartorell.org\/entre-tots\/?p=5156"},"modified":"2022-12-02T10:37:01","modified_gmt":"2022-12-02T08:37:01","slug":"primers-resultats-del-questionari-de-necessitats-formatives-per-al-pla-de-formacio-2023","status":"publish","type":"post","link":"https:\/\/fundaciohospitalariesmartorell.org\/entre-tots\/2022\/11\/primers-resultats-del-questionari-de-necessitats-formatives-per-al-pla-de-formacio-2023\/","title":{"rendered":"Primers resultats del q\u00fcestionari de necessitats formatives per al Pla de Formaci\u00f3 2023"},"content":{"rendered":"\n<figure class=\"wp-block-image size-large\"><img loading=\"lazy\" decoding=\"async\" width=\"1024\" height=\"471\" src=\"https:\/\/hospitalsagratcormartorell.org\/entre-tots\/wp-content\/uploads\/2022\/11\/Captura-de-Pantalla-2022-11-29-a-las-13.56.34-1024x471.png\" alt=\"\" class=\"wp-image-5157\" srcset=\"https:\/\/fundaciohospitalariesmartorell.org\/entre-tots\/wp-content\/uploads\/2022\/11\/Captura-de-Pantalla-2022-11-29-a-las-13.56.34-1024x471.png 1024w, https:\/\/fundaciohospitalariesmartorell.org\/entre-tots\/wp-content\/uploads\/2022\/11\/Captura-de-Pantalla-2022-11-29-a-las-13.56.34-300x138.png 300w, https:\/\/fundaciohospitalariesmartorell.org\/entre-tots\/wp-content\/uploads\/2022\/11\/Captura-de-Pantalla-2022-11-29-a-las-13.56.34-768x353.png 768w, https:\/\/fundaciohospitalariesmartorell.org\/entre-tots\/wp-content\/uploads\/2022\/11\/Captura-de-Pantalla-2022-11-29-a-las-13.56.34-1536x706.png 1536w, https:\/\/fundaciohospitalariesmartorell.org\/entre-tots\/wp-content\/uploads\/2022\/11\/Captura-de-Pantalla-2022-11-29-a-las-13.56.34-1320x607.png 1320w, https:\/\/fundaciohospitalariesmartorell.org\/entre-tots\/wp-content\/uploads\/2022\/11\/Captura-de-Pantalla-2022-11-29-a-las-13.56.34.png 1810w\" sizes=\"auto, (max-width: 1024px) 100vw, 1024px\" \/><\/figure>\n\n\n\n<p>El passat mes d\u2019octubre, l\u2019\u00c0rea de Persones de l\u2019Hospital Sagrat Cor va difondre un q\u00fcestionari a tota la plantilla amb l\u2019objectiu d\u2019ajustar el Programa de Formaci\u00f3 2023 a les necessitats individuals del personal col\u00b7laborador.<\/p>\n\n\n\n<p>De les respostes de les 144 persones\u00a0que van participar\u00a0podem extreure les primeres conclusions de l&#8217;enquesta formativa:<\/p>\n\n\n\n<p>127 persones -gaireb\u00e9 el 90 % del total- han realitzat alguna formaci\u00f3 durant l\u2019\u00faltim any i 132 esmenten, com a motiu per fer un curs, la necessitat de seguir desenvolupant-se i perfeccionant els seus coneixements.<\/p>\n\n\n\n<p>Respecte a la modalitat formativa que s\u2019hauria d\u2019utilitzar, 78 persones es decideixen per la presencial, seguida de la semipresencial (44) i la <em>on-line <\/em>(22).<\/p>\n\n\n\n<p>A banda de la demanda de m\u00e9s cursos presencials, altres\u00a0propostes\u00a0que recullen bona part de les enquestes s\u00f3n la millora de la qualitat t\u00e8cnica (\u00e0udio i imatge) de les formacions i que se n&#8217;informi amb m\u00e9s antelaci\u00f3. Tamb\u00e9 es demana que aquelles persones que no han pogut assistir a un curs puguin visualitzar-lo de manera telem\u00e0tica durant un temps determinat.<\/p>\n\n\n\n<p>Aix\u00ed mateix, un altre suggeriment majoritari \u00e9s la realitzaci\u00f3 de v\u00eddeos tutorials als quals pugui accedir tot el personal.<\/p>\n\n\n\n<p>Pel que fa a les \u00e0rees en les quals voldrien formar-se per desenvolupar-se personalment, les tres primeres prefer\u00e8ncies van ser persones i treball col\u00b7laboratiu (64), complexitat, fragilitat i cronicitat (56) i innovaci\u00f3 i salut digital (50). <\/p>\n\n\n\n<p>El Programa de Formaci\u00f3 2023 del nostre Hospital s\u2019elaborar\u00e0 a partir de les aportacions del personal col\u00b7laborador a l\u2019enquesta, aix\u00ed com de la detecci\u00f3 de necessitats realitzada a trav\u00e9s de les direccions i dels comandaments intermedis, seguida per un treball posterior de coordinaci\u00f3 entre l\u2019\u00c0rea de Persones i la Comissi\u00f3 de Doc\u00e8ncia i Investigaci\u00f3. Aquest Programa es donar\u00e0 a con\u00e8ixer a principis de l\u2019any vinent.<\/p>\n","protected":false},"excerpt":{"rendered":"<p>El passat mes d\u2019octubre, l\u2019\u00c0rea de Persones de l\u2019Hospital Sagrat Cor va difondre un q\u00fcestionari a tota la plantilla amb l\u2019objectiu d\u2019ajustar el Programa de Formaci\u00f3 2023 a les necessitats individuals del personal col\u00b7laborador. De les respostes de les 144 persones\u00a0que van participar\u00a0podem extreure les primeres conclusions de l&#8217;enquesta formativa: 127 persones -gaireb\u00e9 el 90 [&hellip;]<\/p>\n","protected":false},"author":3,"featured_media":5157,"comment_status":"closed","ping_status":"closed","sticky":false,"template":"","format":"standard","meta":{"footnotes":""},"categories":[27],"tags":[],"class_list":["post-5156","post","type-post","status-publish","format-standard","has-post-thumbnail","hentry","category-actualitat"],"blocksy_meta":{"styles_descriptor":{"styles":{"desktop":"","tablet":"","mobile":""},"google_fonts":[],"version":6}},"featured_image_urls_v2":{"full":["https:\/\/fundaciohospitalariesmartorell.org\/entre-tots\/wp-content\/uploads\/2022\/11\/Captura-de-Pantalla-2022-11-29-a-las-13.56.34.png",1810,832,false],"thumbnail":["https:\/\/fundaciohospitalariesmartorell.org\/entre-tots\/wp-content\/uploads\/2022\/11\/Captura-de-Pantalla-2022-11-29-a-las-13.56.34-150x150.png",150,150,true],"medium":["https:\/\/fundaciohospitalariesmartorell.org\/entre-tots\/wp-content\/uploads\/2022\/11\/Captura-de-Pantalla-2022-11-29-a-las-13.56.34-300x138.png",300,138,true],"medium_large":["https:\/\/fundaciohospitalariesmartorell.org\/entre-tots\/wp-content\/uploads\/2022\/11\/Captura-de-Pantalla-2022-11-29-a-las-13.56.34-768x353.png",768,353,true],"large":["https:\/\/fundaciohospitalariesmartorell.org\/entre-tots\/wp-content\/uploads\/2022\/11\/Captura-de-Pantalla-2022-11-29-a-las-13.56.34-1024x471.png",1024,471,true],"1536x1536":["https:\/\/fundaciohospitalariesmartorell.org\/entre-tots\/wp-content\/uploads\/2022\/11\/Captura-de-Pantalla-2022-11-29-a-las-13.56.34-1536x706.png",1536,706,true],"2048x2048":["https:\/\/fundaciohospitalariesmartorell.org\/entre-tots\/wp-content\/uploads\/2022\/11\/Captura-de-Pantalla-2022-11-29-a-las-13.56.34.png",1810,832,false],"mailpoet_newsletter_max":["https:\/\/fundaciohospitalariesmartorell.org\/entre-tots\/wp-content\/uploads\/2022\/11\/Captura-de-Pantalla-2022-11-29-a-las-13.56.34-1320x607.png",1320,607,true]},"post_excerpt_stackable_v2":"<p>El passat mes d\u2019octubre, l\u2019\u00c0rea de Persones de l\u2019Hospital Sagrat Cor va difondre un q\u00fcestionari a tota la plantilla amb l\u2019objectiu d\u2019ajustar el Programa de Formaci\u00f3 2023 a les necessitats individuals del personal col\u00b7laborador. De les respostes de les 144 persones\u00a0que van participar\u00a0podem extreure les primeres conclusions de l&#8217;enquesta formativa: 127 persones -gaireb\u00e9 el 90 % del total- han realitzat alguna formaci\u00f3 durant l\u2019\u00faltim any i 132 esmenten, com a motiu per fer un curs, la necessitat de seguir desenvolupant-se i perfeccionant els seus coneixements. Respecte a la modalitat formativa que s\u2019hauria d\u2019utilitzar, 78 persones es decideixen per la presencial,&hellip;<\/p>\n","category_list_v2":"<a href=\"https:\/\/fundaciohospitalariesmartorell.org\/entre-tots\/category\/actualitat\/\" rel=\"category tag\">ACTUALITAT<\/a>","author_info_v2":{"name":"Anna Casanovas","url":"https:\/\/fundaciohospitalariesmartorell.org\/entre-tots\/author\/acasanovasr\/"},"comments_num_v2":"0 comments","_links":{"self":[{"href":"https:\/\/fundaciohospitalariesmartorell.org\/entre-tots\/wp-json\/wp\/v2\/posts\/5156","targetHints":{"allow":["GET"]}}],"collection":[{"href":"https:\/\/fundaciohospitalariesmartorell.org\/entre-tots\/wp-json\/wp\/v2\/posts"}],"about":[{"href":"https:\/\/fundaciohospitalariesmartorell.org\/entre-tots\/wp-json\/wp\/v2\/types\/post"}],"author":[{"embeddable":true,"href":"https:\/\/fundaciohospitalariesmartorell.org\/entre-tots\/wp-json\/wp\/v2\/users\/3"}],"replies":[{"embeddable":true,"href":"https:\/\/fundaciohospitalariesmartorell.org\/entre-tots\/wp-json\/wp\/v2\/comments?post=5156"}],"version-history":[{"count":6,"href":"https:\/\/fundaciohospitalariesmartorell.org\/entre-tots\/wp-json\/wp\/v2\/posts\/5156\/revisions"}],"predecessor-version":[{"id":5256,"href":"https:\/\/fundaciohospitalariesmartorell.org\/entre-tots\/wp-json\/wp\/v2\/posts\/5156\/revisions\/5256"}],"wp:featuredmedia":[{"embeddable":true,"href":"https:\/\/fundaciohospitalariesmartorell.org\/entre-tots\/wp-json\/wp\/v2\/media\/5157"}],"wp:attachment":[{"href":"https:\/\/fundaciohospitalariesmartorell.org\/entre-tots\/wp-json\/wp\/v2\/media?parent=5156"}],"wp:term":[{"taxonomy":"category","embeddable":true,"href":"https:\/\/fundaciohospitalariesmartorell.org\/entre-tots\/wp-json\/wp\/v2\/categories?post=5156"},{"taxonomy":"post_tag","embeddable":true,"href":"https:\/\/fundaciohospitalariesmartorell.org\/entre-tots\/wp-json\/wp\/v2\/tags?post=5156"}],"curies":[{"name":"wp","href":"https:\/\/api.w.org\/{rel}","templated":true}]}}