{"id":5172,"date":"2022-11-30T11:00:03","date_gmt":"2022-11-30T09:00:03","guid":{"rendered":"https:\/\/newweb.hospitalsagratcormartorell.org\/entre-tots\/?p=5172"},"modified":"2023-10-02T10:00:21","modified_gmt":"2023-10-02T08:00:21","slug":"papallones-liles-i-exposicio-itinerant-per-al-dia-internacional-de-leliminacio-de-la-violencia-contra-la-dona","status":"publish","type":"post","link":"https:\/\/fundaciohospitalariesmartorell.org\/entre-tots\/2022\/11\/papallones-liles-i-exposicio-itinerant-per-al-dia-internacional-de-leliminacio-de-la-violencia-contra-la-dona\/","title":{"rendered":"Papallones liles i exposici\u00f3 itinerant per al Dia Internacional\u00a0de l\u2019Eliminaci\u00f3 de la Viol\u00e8ncia contra la Dona"},"content":{"rendered":"\n<figure class=\"wp-block-embed is-type-video is-provider-youtube wp-block-embed-youtube wp-embed-aspect-16-9 wp-has-aspect-ratio\"><div class=\"wp-block-embed__wrapper\">\n<iframe loading=\"lazy\" title=\"25 N a l&#039;Hospital Sagrat Cor\" width=\"1290\" height=\"726\" src=\"https:\/\/www.youtube.com\/embed\/-Xsl2tERXBc?feature=oembed\" frameborder=\"0\" allow=\"accelerometer; autoplay; clipboard-write; encrypted-media; gyroscope; picture-in-picture; web-share\" allowfullscreen><\/iframe>\n<\/div><\/figure>\n\n\n\n<p>Amb motiu del&nbsp;Dia Internacional&nbsp;de l\u2019Eliminaci\u00f3 de la Viol\u00e8ncia contra la Dona, el&nbsp;divendres&nbsp;25 de novembre, es va demanar a les persones usu\u00e0ries de diferents unitats de rehabilitaci\u00f3 en salut mental i de l&#8217;Hospital de Dia Psicogeri\u00e0tric de l\u2019Hospital Sagrat Cor i dels serveis comunitaris del Centre que elaboressin papallones de color lila de diferents materials i formes.<\/p>\n\n\n\n<figure class=\"wp-block-image alignleft size-large is-resized\"><img loading=\"lazy\" decoding=\"async\" src=\"https:\/\/hospitalsagratcormartorell.org\/entre-tots\/wp-content\/uploads\/2022\/11\/Screenshot_20221125-150354_WhatsApp-1-1024x822.jpg\" alt=\"\" class=\"wp-image-5175\" style=\"width:358px;height:288px\" width=\"358\" height=\"288\" srcset=\"https:\/\/fundaciohospitalariesmartorell.org\/entre-tots\/wp-content\/uploads\/2022\/11\/Screenshot_20221125-150354_WhatsApp-1-1024x822.jpg 1024w, https:\/\/fundaciohospitalariesmartorell.org\/entre-tots\/wp-content\/uploads\/2022\/11\/Screenshot_20221125-150354_WhatsApp-1-300x241.jpg 300w, https:\/\/fundaciohospitalariesmartorell.org\/entre-tots\/wp-content\/uploads\/2022\/11\/Screenshot_20221125-150354_WhatsApp-1-768x617.jpg 768w, https:\/\/fundaciohospitalariesmartorell.org\/entre-tots\/wp-content\/uploads\/2022\/11\/Screenshot_20221125-150354_WhatsApp-1.jpg 1080w\" sizes=\"auto, (max-width: 358px) 100vw, 358px\" \/><\/figure>\n\n\n\n<p>Aix\u00ed mateix, es va aprofitar aquesta data tan assenyalada per desmuntar mites al voltant de la viol\u00e8ncia masclista en la parella amb una exposici\u00f3 itinerant que es va demanar a l&#8217;Institut Catal\u00e0 de la Dona i que es va poder veure des del 21 de novembre fins a finals de mes a la cafeteria de l&#8217;Hospital.\u00a0Als equipaments comunitaris es van fer arribar l\u2019exposici\u00f3 en format PDF. \u00a0<\/p>\n\n\n\n<p>El 25 de novembre a les 11 h es va congregar el personal col\u00b7laborador de l\u2019Hospital per fer un&nbsp;minut de silenci per totes aquelles dones que han mort per culpa de la viol\u00e8ncia masclista. All\u00e0 es van repartir les&nbsp;papallones elaborades, sobretot, pels usuaris i usu\u00e0ries, i, quan va finalitzar el minut de silenci, les persones reunides les van llan\u00e7ar a l&#8217;aire amb el crit de \u2018Ni una m\u00e9s!\u2019.<\/p>\n\n\n\n<figure class=\"wp-block-gallery has-nested-images columns-default is-cropped wp-block-gallery-1 is-layout-flex wp-block-gallery-is-layout-flex\">\n<figure class=\"wp-block-image size-large is-resized\"><img loading=\"lazy\" decoding=\"async\" data-id=\"5176\" src=\"https:\/\/hospitalsagratcormartorell.org\/entre-tots\/wp-content\/uploads\/2022\/11\/20221129_125839-1024x896.jpg\" alt=\"\" class=\"wp-image-5176\" style=\"width:330px;height:287px\" width=\"330\" height=\"287\"\/><\/figure>\n\n\n\n<figure class=\"wp-block-image size-full is-resized\"><img loading=\"lazy\" decoding=\"async\" data-id=\"5173\" src=\"https:\/\/hospitalsagratcormartorell.org\/entre-tots\/wp-content\/uploads\/2022\/11\/25N-HSC.jpg\" alt=\"\" class=\"wp-image-5173\" style=\"width:318px;height:211px\" width=\"318\" height=\"211\" srcset=\"https:\/\/fundaciohospitalariesmartorell.org\/entre-tots\/wp-content\/uploads\/2022\/11\/25N-HSC.jpg 884w, https:\/\/fundaciohospitalariesmartorell.org\/entre-tots\/wp-content\/uploads\/2022\/11\/25N-HSC-300x199.jpg 300w, https:\/\/fundaciohospitalariesmartorell.org\/entre-tots\/wp-content\/uploads\/2022\/11\/25N-HSC-768x510.jpg 768w\" sizes=\"auto, (max-width: 318px) 100vw, 318px\" \/><\/figure>\n<\/figure>\n\n\n\n<p>Podeu veure el p\u00f2ster elaborat per al Dia Internacional de l&#8217;Eliminaci\u00f3 de la Viol\u00e8ncia&nbsp;contra la Dona:<br><\/p>\n\n\n\n<div data-wp-interactive=\"core\/file\" class=\"wp-block-file\"><object data-wp-bind--hidden=\"!state.hasPdfPreview\" hidden class=\"wp-block-file__embed\" data=\"https:\/\/hospitalsagratcormartorell.org\/entre-tots\/wp-content\/uploads\/2022\/11\/papallones_hsc_avui.pdf\" type=\"application\/pdf\" style=\"width:100%;height:600px\" aria-label=\"Incrustaci\u00f3 del fitxer papallones_hsc_avui.\"><\/object><a id=\"wp-block-file--media-924d4ad4-84d0-48d2-bc96-d688af24fb70\" href=\"https:\/\/hospitalsagratcormartorell.org\/entre-tots\/wp-content\/uploads\/2022\/11\/papallones_hsc_avui.pdf\">papallones_hsc_avui<\/a><a href=\"https:\/\/hospitalsagratcormartorell.org\/entre-tots\/wp-content\/uploads\/2022\/11\/papallones_hsc_avui.pdf\" class=\"wp-block-file__button wp-element-button\" download aria-describedby=\"wp-block-file--media-924d4ad4-84d0-48d2-bc96-d688af24fb70\">Descarrega<\/a><\/div>\n","protected":false},"excerpt":{"rendered":"<p>Amb motiu del&nbsp;Dia Internacional&nbsp;de l\u2019Eliminaci\u00f3 de la Viol\u00e8ncia contra la Dona, el&nbsp;divendres&nbsp;25 de novembre, es va demanar a les persones usu\u00e0ries de diferents unitats de rehabilitaci\u00f3 en salut mental i de l&#8217;Hospital de Dia Psicogeri\u00e0tric de l\u2019Hospital Sagrat Cor i dels serveis comunitaris del Centre que elaboressin papallones de color lila de diferents materials i [&hellip;]<\/p>\n","protected":false},"author":3,"featured_media":5173,"comment_status":"closed","ping_status":"closed","sticky":false,"template":"","format":"standard","meta":{"footnotes":""},"categories":[27],"tags":[],"class_list":["post-5172","post","type-post","status-publish","format-standard","has-post-thumbnail","hentry","category-actualitat"],"blocksy_meta":{"styles_descriptor":{"styles":{"desktop":"","tablet":"","mobile":""},"google_fonts":[],"version":6}},"featured_image_urls_v2":{"full":["https:\/\/fundaciohospitalariesmartorell.org\/entre-tots\/wp-content\/uploads\/2022\/11\/25N-HSC.jpg",884,587,false],"thumbnail":["https:\/\/fundaciohospitalariesmartorell.org\/entre-tots\/wp-content\/uploads\/2022\/11\/25N-HSC-150x150.jpg",150,150,true],"medium":["https:\/\/fundaciohospitalariesmartorell.org\/entre-tots\/wp-content\/uploads\/2022\/11\/25N-HSC-300x199.jpg",300,199,true],"medium_large":["https:\/\/fundaciohospitalariesmartorell.org\/entre-tots\/wp-content\/uploads\/2022\/11\/25N-HSC-768x510.jpg",768,510,true],"large":["https:\/\/fundaciohospitalariesmartorell.org\/entre-tots\/wp-content\/uploads\/2022\/11\/25N-HSC.jpg",884,587,false],"1536x1536":["https:\/\/fundaciohospitalariesmartorell.org\/entre-tots\/wp-content\/uploads\/2022\/11\/25N-HSC.jpg",884,587,false],"2048x2048":["https:\/\/fundaciohospitalariesmartorell.org\/entre-tots\/wp-content\/uploads\/2022\/11\/25N-HSC.jpg",884,587,false],"mailpoet_newsletter_max":["https:\/\/fundaciohospitalariesmartorell.org\/entre-tots\/wp-content\/uploads\/2022\/11\/25N-HSC.jpg",884,587,false]},"post_excerpt_stackable_v2":"<p>Amb motiu del&nbsp;Dia Internacional&nbsp;de l\u2019Eliminaci\u00f3 de la Viol\u00e8ncia contra la Dona, el&nbsp;divendres&nbsp;25 de novembre, es va demanar a les persones usu\u00e0ries de diferents unitats de rehabilitaci\u00f3 en salut mental i de l&#8217;Hospital de Dia Psicogeri\u00e0tric de l\u2019Hospital Sagrat Cor i dels serveis comunitaris del Centre que elaboressin papallones de color lila de diferents materials i formes. Aix\u00ed mateix, es va aprofitar aquesta data tan assenyalada per desmuntar mites al voltant de la viol\u00e8ncia masclista en la parella amb una exposici\u00f3 itinerant que es va demanar a l&#8217;Institut Catal\u00e0 de la Dona i que es va poder veure des del 21&hellip;<\/p>\n","category_list_v2":"<a href=\"https:\/\/fundaciohospitalariesmartorell.org\/entre-tots\/category\/actualitat\/\" rel=\"category tag\">ACTUALITAT<\/a>","author_info_v2":{"name":"Anna Casanovas","url":"https:\/\/fundaciohospitalariesmartorell.org\/entre-tots\/author\/acasanovasr\/"},"comments_num_v2":"0 comments","_links":{"self":[{"href":"https:\/\/fundaciohospitalariesmartorell.org\/entre-tots\/wp-json\/wp\/v2\/posts\/5172","targetHints":{"allow":["GET"]}}],"collection":[{"href":"https:\/\/fundaciohospitalariesmartorell.org\/entre-tots\/wp-json\/wp\/v2\/posts"}],"about":[{"href":"https:\/\/fundaciohospitalariesmartorell.org\/entre-tots\/wp-json\/wp\/v2\/types\/post"}],"author":[{"embeddable":true,"href":"https:\/\/fundaciohospitalariesmartorell.org\/entre-tots\/wp-json\/wp\/v2\/users\/3"}],"replies":[{"embeddable":true,"href":"https:\/\/fundaciohospitalariesmartorell.org\/entre-tots\/wp-json\/wp\/v2\/comments?post=5172"}],"version-history":[{"count":9,"href":"https:\/\/fundaciohospitalariesmartorell.org\/entre-tots\/wp-json\/wp\/v2\/posts\/5172\/revisions"}],"predecessor-version":[{"id":7136,"href":"https:\/\/fundaciohospitalariesmartorell.org\/entre-tots\/wp-json\/wp\/v2\/posts\/5172\/revisions\/7136"}],"wp:featuredmedia":[{"embeddable":true,"href":"https:\/\/fundaciohospitalariesmartorell.org\/entre-tots\/wp-json\/wp\/v2\/media\/5173"}],"wp:attachment":[{"href":"https:\/\/fundaciohospitalariesmartorell.org\/entre-tots\/wp-json\/wp\/v2\/media?parent=5172"}],"wp:term":[{"taxonomy":"category","embeddable":true,"href":"https:\/\/fundaciohospitalariesmartorell.org\/entre-tots\/wp-json\/wp\/v2\/categories?post=5172"},{"taxonomy":"post_tag","embeddable":true,"href":"https:\/\/fundaciohospitalariesmartorell.org\/entre-tots\/wp-json\/wp\/v2\/tags?post=5172"}],"curies":[{"name":"wp","href":"https:\/\/api.w.org\/{rel}","templated":true}]}}