{"id":5261,"date":"2022-12-30T10:51:28","date_gmt":"2022-12-30T08:51:28","guid":{"rendered":"https:\/\/newweb.hospitalsagratcormartorell.org\/entre-tots\/?p=5261"},"modified":"2023-01-03T11:34:56","modified_gmt":"2023-01-03T09:34:56","slug":"la-posada-en-marxa-del-nou-edifici-assistencial-als-mitjans","status":"publish","type":"post","link":"https:\/\/fundaciohospitalariesmartorell.org\/entre-tots\/2022\/12\/la-posada-en-marxa-del-nou-edifici-assistencial-als-mitjans\/","title":{"rendered":"La posada en marxa del nou edifici assistencial, als mitjans"},"content":{"rendered":"\n<figure class=\"wp-block-image size-full\"><img loading=\"lazy\" decoding=\"async\" width=\"914\" height=\"697\" src=\"https:\/\/hospitalsagratcormartorell.org\/entre-tots\/wp-content\/uploads\/2022\/12\/Captura-de-pantalla-2022-12-15-a-las-11.04.51.png\" alt=\"\" class=\"wp-image-5283\" srcset=\"https:\/\/fundaciohospitalariesmartorell.org\/entre-tots\/wp-content\/uploads\/2022\/12\/Captura-de-pantalla-2022-12-15-a-las-11.04.51.png 914w, https:\/\/fundaciohospitalariesmartorell.org\/entre-tots\/wp-content\/uploads\/2022\/12\/Captura-de-pantalla-2022-12-15-a-las-11.04.51-300x229.png 300w, https:\/\/fundaciohospitalariesmartorell.org\/entre-tots\/wp-content\/uploads\/2022\/12\/Captura-de-pantalla-2022-12-15-a-las-11.04.51-768x586.png 768w\" sizes=\"auto, (max-width: 914px) 100vw, 914px\" \/><\/figure>\n\n\n\n<p>L&#8217;entrada en funcionament del nou edifici assistencial en salut mental i sociosanitari de l&#8217;Hospital Sagrat Cor ha estat not\u00edcia a diversos mitjans de comunicaci\u00f3. Podeu consultar les informacions publicades a continuaci\u00f3:<\/p>\n\n\n\n<p>MartorellDigital.cat: <a rel=\"noreferrer noopener\" href=\"https:\/\/martorelldigital.cat\/comenca-a-funcionar-el-nou-edifici-assistencial-de-salut-mental-i-sociosanitari-al-sagrat-cor\/\" target=\"_blank\">En marxa el nou edifici de Salut Mental i Sociosanitari al Sagrat Cor<\/a><\/p>\n\n\n\n<p>Alimarket: &nbsp;<a rel=\"noreferrer noopener\" href=\"https:\/\/www.alimarket.es\/sanidad\/noticia\/362274\/el-hospital-sagrat-cor-de-martorell-pone-en-marcha-un-nuevo-edificio-asistencial-con-90-camas?utm_source=mailing&amp;utm_medium=email&amp;utm_campaign=alerta_empresas\" target=\"_blank\">El Hospital Sagrat Cor de Martorell pone en marcha un nuevo edificio asistencial con 90 camas<\/a><\/p>\n\n\n\n<p>ElPeriodico.cat:&nbsp;<a href=\"https:\/\/www.elperiodico.cat\/ca\/martorell\/20221130\/marxa-nou-edifici-assistencial-salut-79329600\" target=\"_blank\" rel=\"noreferrer noopener\">Actiu el nou edifici assistencial de Salut Mental i Sociosanitari del Sagrat Cor de Martorell<\/a><\/p>\n\n\n\n<p><\/p>\n","protected":false},"excerpt":{"rendered":"<p>L&#8217;entrada en funcionament del nou edifici assistencial en salut mental i sociosanitari de l&#8217;Hospital Sagrat Cor ha estat not\u00edcia a diversos mitjans de comunicaci\u00f3. Podeu consultar les informacions publicades a continuaci\u00f3: MartorellDigital.cat: En marxa el nou edifici de Salut Mental i Sociosanitari al Sagrat Cor Alimarket: &nbsp;El Hospital Sagrat Cor de Martorell pone en marcha [&hellip;]<\/p>\n","protected":false},"author":3,"featured_media":5283,"comment_status":"closed","ping_status":"closed","sticky":false,"template":"","format":"standard","meta":{"footnotes":""},"categories":[27],"tags":[],"class_list":["post-5261","post","type-post","status-publish","format-standard","has-post-thumbnail","hentry","category-actualitat"],"blocksy_meta":{"styles_descriptor":{"styles":{"desktop":"","tablet":"","mobile":""},"google_fonts":[],"version":6}},"featured_image_urls_v2":{"full":["https:\/\/fundaciohospitalariesmartorell.org\/entre-tots\/wp-content\/uploads\/2022\/12\/Captura-de-pantalla-2022-12-15-a-las-11.04.51.png",914,697,false],"thumbnail":["https:\/\/fundaciohospitalariesmartorell.org\/entre-tots\/wp-content\/uploads\/2022\/12\/Captura-de-pantalla-2022-12-15-a-las-11.04.51-150x150.png",150,150,true],"medium":["https:\/\/fundaciohospitalariesmartorell.org\/entre-tots\/wp-content\/uploads\/2022\/12\/Captura-de-pantalla-2022-12-15-a-las-11.04.51-300x229.png",300,229,true],"medium_large":["https:\/\/fundaciohospitalariesmartorell.org\/entre-tots\/wp-content\/uploads\/2022\/12\/Captura-de-pantalla-2022-12-15-a-las-11.04.51-768x586.png",768,586,true],"large":["https:\/\/fundaciohospitalariesmartorell.org\/entre-tots\/wp-content\/uploads\/2022\/12\/Captura-de-pantalla-2022-12-15-a-las-11.04.51.png",914,697,false],"1536x1536":["https:\/\/fundaciohospitalariesmartorell.org\/entre-tots\/wp-content\/uploads\/2022\/12\/Captura-de-pantalla-2022-12-15-a-las-11.04.51.png",914,697,false],"2048x2048":["https:\/\/fundaciohospitalariesmartorell.org\/entre-tots\/wp-content\/uploads\/2022\/12\/Captura-de-pantalla-2022-12-15-a-las-11.04.51.png",914,697,false],"mailpoet_newsletter_max":["https:\/\/fundaciohospitalariesmartorell.org\/entre-tots\/wp-content\/uploads\/2022\/12\/Captura-de-pantalla-2022-12-15-a-las-11.04.51.png",914,697,false]},"post_excerpt_stackable_v2":"<p>L&#8217;entrada en funcionament del nou edifici assistencial en salut mental i sociosanitari de l&#8217;Hospital Sagrat Cor ha estat not\u00edcia a diversos mitjans de comunicaci\u00f3. Podeu consultar les informacions publicades a continuaci\u00f3: MartorellDigital.cat: En marxa el nou edifici de Salut Mental i Sociosanitari al Sagrat Cor Alimarket: &nbsp;El Hospital Sagrat Cor de Martorell pone en marcha un nuevo edificio asistencial con 90 camas ElPeriodico.cat:&nbsp;Actiu el nou edifici assistencial de Salut Mental i Sociosanitari del Sagrat Cor de Martorell<\/p>\n","category_list_v2":"<a href=\"https:\/\/fundaciohospitalariesmartorell.org\/entre-tots\/category\/actualitat\/\" rel=\"category tag\">ACTUALITAT<\/a>","author_info_v2":{"name":"Anna Casanovas","url":"https:\/\/fundaciohospitalariesmartorell.org\/entre-tots\/author\/acasanovasr\/"},"comments_num_v2":"0 comments","_links":{"self":[{"href":"https:\/\/fundaciohospitalariesmartorell.org\/entre-tots\/wp-json\/wp\/v2\/posts\/5261","targetHints":{"allow":["GET"]}}],"collection":[{"href":"https:\/\/fundaciohospitalariesmartorell.org\/entre-tots\/wp-json\/wp\/v2\/posts"}],"about":[{"href":"https:\/\/fundaciohospitalariesmartorell.org\/entre-tots\/wp-json\/wp\/v2\/types\/post"}],"author":[{"embeddable":true,"href":"https:\/\/fundaciohospitalariesmartorell.org\/entre-tots\/wp-json\/wp\/v2\/users\/3"}],"replies":[{"embeddable":true,"href":"https:\/\/fundaciohospitalariesmartorell.org\/entre-tots\/wp-json\/wp\/v2\/comments?post=5261"}],"version-history":[{"count":7,"href":"https:\/\/fundaciohospitalariesmartorell.org\/entre-tots\/wp-json\/wp\/v2\/posts\/5261\/revisions"}],"predecessor-version":[{"id":5458,"href":"https:\/\/fundaciohospitalariesmartorell.org\/entre-tots\/wp-json\/wp\/v2\/posts\/5261\/revisions\/5458"}],"wp:featuredmedia":[{"embeddable":true,"href":"https:\/\/fundaciohospitalariesmartorell.org\/entre-tots\/wp-json\/wp\/v2\/media\/5283"}],"wp:attachment":[{"href":"https:\/\/fundaciohospitalariesmartorell.org\/entre-tots\/wp-json\/wp\/v2\/media?parent=5261"}],"wp:term":[{"taxonomy":"category","embeddable":true,"href":"https:\/\/fundaciohospitalariesmartorell.org\/entre-tots\/wp-json\/wp\/v2\/categories?post=5261"},{"taxonomy":"post_tag","embeddable":true,"href":"https:\/\/fundaciohospitalariesmartorell.org\/entre-tots\/wp-json\/wp\/v2\/tags?post=5261"}],"curies":[{"name":"wp","href":"https:\/\/api.w.org\/{rel}","templated":true}]}}