{"id":5269,"date":"2022-12-30T10:59:17","date_gmt":"2022-12-30T08:59:17","guid":{"rendered":"https:\/\/newweb.hospitalsagratcormartorell.org\/entre-tots\/?p=5269"},"modified":"2022-12-30T13:49:41","modified_gmt":"2022-12-30T11:49:41","slug":"lhospital-sagrat-cor-participa-a-la-jornada-dinfermeres-del-baix-llobregat-2022","status":"publish","type":"post","link":"https:\/\/fundaciohospitalariesmartorell.org\/entre-tots\/2022\/12\/lhospital-sagrat-cor-participa-a-la-jornada-dinfermeres-del-baix-llobregat-2022\/","title":{"rendered":"L&#8217;Hospital Sagrat Cor participa a la Jornada d&#8217;infermeres del Baix Llobregat 2022"},"content":{"rendered":"\n<figure class=\"wp-block-image size-large\"><img loading=\"lazy\" decoding=\"async\" width=\"1024\" height=\"691\" src=\"https:\/\/hospitalsagratcormartorell.org\/entre-tots\/wp-content\/uploads\/2022\/12\/20221202-jornada-infermeres-Baix-Llobregat-1024x691.jpg\" alt=\"\" class=\"wp-image-5270\" srcset=\"https:\/\/fundaciohospitalariesmartorell.org\/entre-tots\/wp-content\/uploads\/2022\/12\/20221202-jornada-infermeres-Baix-Llobregat-1024x691.jpg 1024w, https:\/\/fundaciohospitalariesmartorell.org\/entre-tots\/wp-content\/uploads\/2022\/12\/20221202-jornada-infermeres-Baix-Llobregat-300x203.jpg 300w, https:\/\/fundaciohospitalariesmartorell.org\/entre-tots\/wp-content\/uploads\/2022\/12\/20221202-jornada-infermeres-Baix-Llobregat-768x519.jpg 768w, https:\/\/fundaciohospitalariesmartorell.org\/entre-tots\/wp-content\/uploads\/2022\/12\/20221202-jornada-infermeres-Baix-Llobregat-1536x1037.jpg 1536w, https:\/\/fundaciohospitalariesmartorell.org\/entre-tots\/wp-content\/uploads\/2022\/12\/20221202-jornada-infermeres-Baix-Llobregat-1320x891.jpg 1320w, https:\/\/fundaciohospitalariesmartorell.org\/entre-tots\/wp-content\/uploads\/2022\/12\/20221202-jornada-infermeres-Baix-Llobregat.jpg 2014w\" sizes=\"auto, (max-width: 1024px) 100vw, 1024px\" \/><\/figure>\n\n\n\n<p>Amb el nom de &#8216;Pr\u00e0ctica avan\u00e7ada, plans estrat\u00e8gics de les institucions sanit\u00e0ries, lideratge pol\u00edtic i comprom\u00eds infermer&#8217; el 2 de desembre es va celebrar, al Mol\u00ed Fariner de Martorell,\u00a0la Jornada d&#8217;infermeres del Baix Llobregat 2022, organitzada per la Delegaci\u00f3 territorial del Col\u00b7legi Oficial d&#8217;Infermeres i Infermers de Barcelona (COIB) i amb la col\u00b7laboraci\u00f3 de la Fundaci\u00f3 Hospital Sant Joan de D\u00e9u de Martorell. L&#8217;objectiu de la jornada va ser compartir coneixements, projectes i experi\u00e8ncies dins de l&#8217;\u00e0mbit de la Infermeria.<\/p>\n\n\n\n<p>En el marc de l&#8217;acte, que va comptar amb la participaci\u00f3 de m\u00e9s de 50 professionals de l&#8217;\u00e0rea d&#8217;Infermeria del Baix Llobregat,\u00a0es va celebrar una taula de debat on es van tractar els plans estrat\u00e8gics als serveis sanitaris per als i les professionals d&#8217;infermeria del territori. En aquesta taula va participar Oscar Garc\u00eda, coordinador d&#8217;infermeria de l&#8217;\u00c0rea Sociosanit\u00e0ria de l&#8217;Hospital Sagrat Cor, qui va explicar l&#8217;estrat\u00e8gia establerta al Centre per fidelitzar talent infermer\u00a0en l&#8217;\u00e0mbit de salut mental i sociosanitari.<\/p>\n\n\n\n<p>Alguns mitjans de comunicaci\u00f3 es van fer ress\u00f2 de l&#8217;esdeveniment i van mencionar la participaci\u00f3 del professional de l&#8217;Hospital Sagrat Cor. Podeu veure-ho fent clic als seg\u00fcents enlla\u00e7os:<\/p>\n\n\n\n<p>Regi\u00f37:&nbsp;<a href=\"https:\/\/www.regio7.cat\/catalunya-central\/baix-llobregat\/2022\/12\/02\/els-professionals-infermeria-cal-estiguin-79477866.html\" target=\"_blank\" rel=\"noreferrer noopener\">Els professionals de la infermeria &#8220;cal que estiguin preparats per afrontar els nous reptes que es presenten i presentaran&#8221;<\/a><\/p>\n\n\n\n<p>aMartorell:&nbsp;<a rel=\"noreferrer noopener\" href=\"https:\/\/martorell.atotarreu.cat\/general\/martorell-celebra-la-jornada-destrategia-i-lideratge-en-infermeria-del-baix-llobregat-2022\/\" target=\"_blank\">Martorell celebra la jornada d&#8217;estrat\u00e8gia i lideratge en infermeria del Baix Llobregat 2022<\/a><\/p>\n","protected":false},"excerpt":{"rendered":"<p>Amb el nom de &#8216;Pr\u00e0ctica avan\u00e7ada, plans estrat\u00e8gics de les institucions sanit\u00e0ries, lideratge pol\u00edtic i comprom\u00eds infermer&#8217; el 2 de desembre es va celebrar, al Mol\u00ed Fariner de Martorell,\u00a0la Jornada d&#8217;infermeres del Baix Llobregat 2022, organitzada per la Delegaci\u00f3 territorial del Col\u00b7legi Oficial d&#8217;Infermeres i Infermers de Barcelona (COIB) i amb la col\u00b7laboraci\u00f3 de la [&hellip;]<\/p>\n","protected":false},"author":3,"featured_media":5270,"comment_status":"closed","ping_status":"closed","sticky":false,"template":"","format":"standard","meta":{"footnotes":""},"categories":[27],"tags":[],"class_list":["post-5269","post","type-post","status-publish","format-standard","has-post-thumbnail","hentry","category-actualitat"],"blocksy_meta":{"styles_descriptor":{"styles":{"desktop":"","tablet":"","mobile":""},"google_fonts":[],"version":6}},"featured_image_urls_v2":{"full":["https:\/\/fundaciohospitalariesmartorell.org\/entre-tots\/wp-content\/uploads\/2022\/12\/20221202-jornada-infermeres-Baix-Llobregat.jpg",2014,1360,false],"thumbnail":["https:\/\/fundaciohospitalariesmartorell.org\/entre-tots\/wp-content\/uploads\/2022\/12\/20221202-jornada-infermeres-Baix-Llobregat-150x150.jpg",150,150,true],"medium":["https:\/\/fundaciohospitalariesmartorell.org\/entre-tots\/wp-content\/uploads\/2022\/12\/20221202-jornada-infermeres-Baix-Llobregat-300x203.jpg",300,203,true],"medium_large":["https:\/\/fundaciohospitalariesmartorell.org\/entre-tots\/wp-content\/uploads\/2022\/12\/20221202-jornada-infermeres-Baix-Llobregat-768x519.jpg",768,519,true],"large":["https:\/\/fundaciohospitalariesmartorell.org\/entre-tots\/wp-content\/uploads\/2022\/12\/20221202-jornada-infermeres-Baix-Llobregat-1024x691.jpg",1024,691,true],"1536x1536":["https:\/\/fundaciohospitalariesmartorell.org\/entre-tots\/wp-content\/uploads\/2022\/12\/20221202-jornada-infermeres-Baix-Llobregat-1536x1037.jpg",1536,1037,true],"2048x2048":["https:\/\/fundaciohospitalariesmartorell.org\/entre-tots\/wp-content\/uploads\/2022\/12\/20221202-jornada-infermeres-Baix-Llobregat.jpg",2014,1360,false],"mailpoet_newsletter_max":["https:\/\/fundaciohospitalariesmartorell.org\/entre-tots\/wp-content\/uploads\/2022\/12\/20221202-jornada-infermeres-Baix-Llobregat-1320x891.jpg",1320,891,true]},"post_excerpt_stackable_v2":"<p>Amb el nom de &#8216;Pr\u00e0ctica avan\u00e7ada, plans estrat\u00e8gics de les institucions sanit\u00e0ries, lideratge pol\u00edtic i comprom\u00eds infermer&#8217; el 2 de desembre es va celebrar, al Mol\u00ed Fariner de Martorell,\u00a0la Jornada d&#8217;infermeres del Baix Llobregat 2022, organitzada per la Delegaci\u00f3 territorial del Col\u00b7legi Oficial d&#8217;Infermeres i Infermers de Barcelona (COIB) i amb la col\u00b7laboraci\u00f3 de la Fundaci\u00f3 Hospital Sant Joan de D\u00e9u de Martorell. L&#8217;objectiu de la jornada va ser compartir coneixements, projectes i experi\u00e8ncies dins de l&#8217;\u00e0mbit de la Infermeria. En el marc de l&#8217;acte, que va comptar amb la participaci\u00f3 de m\u00e9s de 50 professionals de l&#8217;\u00e0rea d&#8217;Infermeria del&hellip;<\/p>\n","category_list_v2":"<a href=\"https:\/\/fundaciohospitalariesmartorell.org\/entre-tots\/category\/actualitat\/\" rel=\"category tag\">ACTUALITAT<\/a>","author_info_v2":{"name":"Anna Casanovas","url":"https:\/\/fundaciohospitalariesmartorell.org\/entre-tots\/author\/acasanovasr\/"},"comments_num_v2":"0 comments","_links":{"self":[{"href":"https:\/\/fundaciohospitalariesmartorell.org\/entre-tots\/wp-json\/wp\/v2\/posts\/5269","targetHints":{"allow":["GET"]}}],"collection":[{"href":"https:\/\/fundaciohospitalariesmartorell.org\/entre-tots\/wp-json\/wp\/v2\/posts"}],"about":[{"href":"https:\/\/fundaciohospitalariesmartorell.org\/entre-tots\/wp-json\/wp\/v2\/types\/post"}],"author":[{"embeddable":true,"href":"https:\/\/fundaciohospitalariesmartorell.org\/entre-tots\/wp-json\/wp\/v2\/users\/3"}],"replies":[{"embeddable":true,"href":"https:\/\/fundaciohospitalariesmartorell.org\/entre-tots\/wp-json\/wp\/v2\/comments?post=5269"}],"version-history":[{"count":2,"href":"https:\/\/fundaciohospitalariesmartorell.org\/entre-tots\/wp-json\/wp\/v2\/posts\/5269\/revisions"}],"predecessor-version":[{"id":5408,"href":"https:\/\/fundaciohospitalariesmartorell.org\/entre-tots\/wp-json\/wp\/v2\/posts\/5269\/revisions\/5408"}],"wp:featuredmedia":[{"embeddable":true,"href":"https:\/\/fundaciohospitalariesmartorell.org\/entre-tots\/wp-json\/wp\/v2\/media\/5270"}],"wp:attachment":[{"href":"https:\/\/fundaciohospitalariesmartorell.org\/entre-tots\/wp-json\/wp\/v2\/media?parent=5269"}],"wp:term":[{"taxonomy":"category","embeddable":true,"href":"https:\/\/fundaciohospitalariesmartorell.org\/entre-tots\/wp-json\/wp\/v2\/categories?post=5269"},{"taxonomy":"post_tag","embeddable":true,"href":"https:\/\/fundaciohospitalariesmartorell.org\/entre-tots\/wp-json\/wp\/v2\/tags?post=5269"}],"curies":[{"name":"wp","href":"https:\/\/api.w.org\/{rel}","templated":true}]}}