{"id":5286,"date":"2022-12-30T10:58:08","date_gmt":"2022-12-30T08:58:08","guid":{"rendered":"https:\/\/newweb.hospitalsagratcormartorell.org\/entre-tots\/?p=5286"},"modified":"2022-12-30T13:49:34","modified_gmt":"2022-12-30T11:49:34","slug":"participem-a-la-i-jornada-de-residents-de-salut-mental","status":"publish","type":"post","link":"https:\/\/fundaciohospitalariesmartorell.org\/entre-tots\/2022\/12\/participem-a-la-i-jornada-de-residents-de-salut-mental\/","title":{"rendered":"I Jornada de residents de salut mental Hospital Sagrat Cor &#8211; Benito Menni CASM"},"content":{"rendered":"\n<figure class=\"wp-block-image size-large\"><img loading=\"lazy\" decoding=\"async\" width=\"1024\" height=\"718\" src=\"https:\/\/hospitalsagratcormartorell.org\/entre-tots\/wp-content\/uploads\/2022\/12\/IMG-20221214-WA0041-1024x718.jpg\" alt=\"\" class=\"wp-image-5287\" srcset=\"https:\/\/fundaciohospitalariesmartorell.org\/entre-tots\/wp-content\/uploads\/2022\/12\/IMG-20221214-WA0041-1024x718.jpg 1024w, https:\/\/fundaciohospitalariesmartorell.org\/entre-tots\/wp-content\/uploads\/2022\/12\/IMG-20221214-WA0041-300x210.jpg 300w, https:\/\/fundaciohospitalariesmartorell.org\/entre-tots\/wp-content\/uploads\/2022\/12\/IMG-20221214-WA0041-768x538.jpg 768w, https:\/\/fundaciohospitalariesmartorell.org\/entre-tots\/wp-content\/uploads\/2022\/12\/IMG-20221214-WA0041-1320x925.jpg 1320w, https:\/\/fundaciohospitalariesmartorell.org\/entre-tots\/wp-content\/uploads\/2022\/12\/IMG-20221214-WA0041.jpg 1509w\" sizes=\"auto, (max-width: 1024px) 100vw, 1024px\" \/><\/figure>\n\n\n\n<p>La I Jornada de residents de salut mental Hospital Sagrat Cor-Benito Menni CASM\u00a0va tenir lloc el 14 de desembre a la sala d&#8217;actes de Benito Menni CASM. En el marc de l&#8217;acte residents d&#8217;ambd\u00f3s centres -de Sagrat Cor,\u00a0Jaume Clemente i M\u00f3nica L\u00f3pez-\u00a0van\u00a0\u200bpresentar els projectes en els quals participen.\u00a0<\/p>\n\n\n\n<p>Aix\u00ed mateix, a la jornada es va exposar una experi\u00e8ncia autobiogr\u00e0fica en l&#8217;elaboraci\u00f3 de la tesi doctoral d&#8217;un resident, es va fer refer\u00e8ncia a les metaan\u00e0lisis i revisions sist\u00e8miques, i, tamb\u00e9, es va explicar com validar una escala.<\/p>\n\n\n\n<p>La doctora N\u00faria Jaurrieta, psic\u00f2loga adjunta de la Unitat d&#8217;Aguts de l&#8217;Hospital Sagrat Cor, va ser una de les encarregades de realitzar l&#8217;apartat de conclusions de la sessi\u00f3: &#8220;Va ser una jornada on es va fer expl\u00edcit l&#8217;alt nivell de coneixement de les persones que hi van participar i en la qual es va animar els i les residents a implicar-se en projectes de recerca&#8221;. La idea dels dos centres de Germanes Hospital\u00e0ries \u00e9s donar continu\u00eftat a aquesta jornada de residents amb properes edicions.<\/p>\n","protected":false},"excerpt":{"rendered":"<p>La I Jornada de residents de salut mental Hospital Sagrat Cor-Benito Menni CASM\u00a0va tenir lloc el 14 de desembre a la sala d&#8217;actes de Benito Menni CASM. En el marc de l&#8217;acte residents d&#8217;ambd\u00f3s centres -de Sagrat Cor,\u00a0Jaume Clemente i M\u00f3nica L\u00f3pez-\u00a0van\u00a0\u200bpresentar els projectes en els quals participen.\u00a0 Aix\u00ed mateix, a la jornada es va [&hellip;]<\/p>\n","protected":false},"author":3,"featured_media":5287,"comment_status":"closed","ping_status":"closed","sticky":false,"template":"","format":"standard","meta":{"footnotes":""},"categories":[27],"tags":[],"class_list":["post-5286","post","type-post","status-publish","format-standard","has-post-thumbnail","hentry","category-actualitat"],"blocksy_meta":{"styles_descriptor":{"styles":{"desktop":"","tablet":"","mobile":""},"google_fonts":[],"version":6}},"featured_image_urls_v2":{"full":["https:\/\/fundaciohospitalariesmartorell.org\/entre-tots\/wp-content\/uploads\/2022\/12\/IMG-20221214-WA0041.jpg",1509,1058,false],"thumbnail":["https:\/\/fundaciohospitalariesmartorell.org\/entre-tots\/wp-content\/uploads\/2022\/12\/IMG-20221214-WA0041-150x150.jpg",150,150,true],"medium":["https:\/\/fundaciohospitalariesmartorell.org\/entre-tots\/wp-content\/uploads\/2022\/12\/IMG-20221214-WA0041-300x210.jpg",300,210,true],"medium_large":["https:\/\/fundaciohospitalariesmartorell.org\/entre-tots\/wp-content\/uploads\/2022\/12\/IMG-20221214-WA0041-768x538.jpg",768,538,true],"large":["https:\/\/fundaciohospitalariesmartorell.org\/entre-tots\/wp-content\/uploads\/2022\/12\/IMG-20221214-WA0041-1024x718.jpg",1024,718,true],"1536x1536":["https:\/\/fundaciohospitalariesmartorell.org\/entre-tots\/wp-content\/uploads\/2022\/12\/IMG-20221214-WA0041.jpg",1509,1058,false],"2048x2048":["https:\/\/fundaciohospitalariesmartorell.org\/entre-tots\/wp-content\/uploads\/2022\/12\/IMG-20221214-WA0041.jpg",1509,1058,false],"mailpoet_newsletter_max":["https:\/\/fundaciohospitalariesmartorell.org\/entre-tots\/wp-content\/uploads\/2022\/12\/IMG-20221214-WA0041-1320x925.jpg",1320,925,true]},"post_excerpt_stackable_v2":"<p>La I Jornada de residents de salut mental Hospital Sagrat Cor-Benito Menni CASM\u00a0va tenir lloc el 14 de desembre a la sala d&#8217;actes de Benito Menni CASM. En el marc de l&#8217;acte residents d&#8217;ambd\u00f3s centres -de Sagrat Cor,\u00a0Jaume Clemente i M\u00f3nica L\u00f3pez-\u00a0van\u00a0\u200bpresentar els projectes en els quals participen.\u00a0 Aix\u00ed mateix, a la jornada es va exposar una experi\u00e8ncia autobiogr\u00e0fica en l&#8217;elaboraci\u00f3 de la tesi doctoral d&#8217;un resident, es va fer refer\u00e8ncia a les metaan\u00e0lisis i revisions sist\u00e8miques, i, tamb\u00e9, es va explicar com validar una escala. La doctora N\u00faria Jaurrieta, psic\u00f2loga adjunta de la Unitat d&#8217;Aguts de l&#8217;Hospital Sagrat Cor,&hellip;<\/p>\n","category_list_v2":"<a href=\"https:\/\/fundaciohospitalariesmartorell.org\/entre-tots\/category\/actualitat\/\" rel=\"category tag\">ACTUALITAT<\/a>","author_info_v2":{"name":"Anna Casanovas","url":"https:\/\/fundaciohospitalariesmartorell.org\/entre-tots\/author\/acasanovasr\/"},"comments_num_v2":"0 comments","_links":{"self":[{"href":"https:\/\/fundaciohospitalariesmartorell.org\/entre-tots\/wp-json\/wp\/v2\/posts\/5286","targetHints":{"allow":["GET"]}}],"collection":[{"href":"https:\/\/fundaciohospitalariesmartorell.org\/entre-tots\/wp-json\/wp\/v2\/posts"}],"about":[{"href":"https:\/\/fundaciohospitalariesmartorell.org\/entre-tots\/wp-json\/wp\/v2\/types\/post"}],"author":[{"embeddable":true,"href":"https:\/\/fundaciohospitalariesmartorell.org\/entre-tots\/wp-json\/wp\/v2\/users\/3"}],"replies":[{"embeddable":true,"href":"https:\/\/fundaciohospitalariesmartorell.org\/entre-tots\/wp-json\/wp\/v2\/comments?post=5286"}],"version-history":[{"count":5,"href":"https:\/\/fundaciohospitalariesmartorell.org\/entre-tots\/wp-json\/wp\/v2\/posts\/5286\/revisions"}],"predecessor-version":[{"id":5404,"href":"https:\/\/fundaciohospitalariesmartorell.org\/entre-tots\/wp-json\/wp\/v2\/posts\/5286\/revisions\/5404"}],"wp:featuredmedia":[{"embeddable":true,"href":"https:\/\/fundaciohospitalariesmartorell.org\/entre-tots\/wp-json\/wp\/v2\/media\/5287"}],"wp:attachment":[{"href":"https:\/\/fundaciohospitalariesmartorell.org\/entre-tots\/wp-json\/wp\/v2\/media?parent=5286"}],"wp:term":[{"taxonomy":"category","embeddable":true,"href":"https:\/\/fundaciohospitalariesmartorell.org\/entre-tots\/wp-json\/wp\/v2\/categories?post=5286"},{"taxonomy":"post_tag","embeddable":true,"href":"https:\/\/fundaciohospitalariesmartorell.org\/entre-tots\/wp-json\/wp\/v2\/tags?post=5286"}],"curies":[{"name":"wp","href":"https:\/\/api.w.org\/{rel}","templated":true}]}}