{"id":5306,"date":"2022-12-30T10:57:41","date_gmt":"2022-12-30T08:57:41","guid":{"rendered":"https:\/\/newweb.hospitalsagratcormartorell.org\/entre-tots\/?p=5306"},"modified":"2023-02-28T13:24:14","modified_gmt":"2023-02-28T11:24:14","slug":"participem-en-la-iv-jornada-de-investigacion-sobre-la-eutanasia-en-centros-catolicos","status":"publish","type":"post","link":"https:\/\/fundaciohospitalariesmartorell.org\/entre-tots\/2022\/12\/participem-en-la-iv-jornada-de-investigacion-sobre-la-eutanasia-en-centros-catolicos\/","title":{"rendered":"Participem\u00a0a la\u00a0IV Jornada\u00a0de Investigaci\u00f3n\u00a0sobre\u00a0la Eutanasia\u00a0en\u00a0Centros\u00a0Cat\u00f3licos"},"content":{"rendered":"\n<figure class=\"wp-block-image size-large\"><img loading=\"lazy\" decoding=\"async\" width=\"1024\" height=\"768\" src=\"https:\/\/hospitalsagratcormartorell.org\/entre-tots\/wp-content\/uploads\/2022\/12\/IMG-20221215-WA0004-1024x768.jpg\" alt=\"\" class=\"wp-image-5307\" srcset=\"https:\/\/fundaciohospitalariesmartorell.org\/entre-tots\/wp-content\/uploads\/2022\/12\/IMG-20221215-WA0004-1024x768.jpg 1024w, https:\/\/fundaciohospitalariesmartorell.org\/entre-tots\/wp-content\/uploads\/2022\/12\/IMG-20221215-WA0004-300x225.jpg 300w, https:\/\/fundaciohospitalariesmartorell.org\/entre-tots\/wp-content\/uploads\/2022\/12\/IMG-20221215-WA0004-768x576.jpg 768w, https:\/\/fundaciohospitalariesmartorell.org\/entre-tots\/wp-content\/uploads\/2022\/12\/IMG-20221215-WA0004-1536x1152.jpg 1536w, https:\/\/fundaciohospitalariesmartorell.org\/entre-tots\/wp-content\/uploads\/2022\/12\/IMG-20221215-WA0004-1320x990.jpg 1320w, https:\/\/fundaciohospitalariesmartorell.org\/entre-tots\/wp-content\/uploads\/2022\/12\/IMG-20221215-WA0004.jpg 1600w\" sizes=\"auto, (max-width: 1024px) 100vw, 1024px\" \/><\/figure>\n\n\n\n<p>CARLES FRANQUELO. El nostre Hospital va estar present a la IV Jornada\u00a0de Investigaci\u00f3n\u00a0sobre\u00a0la Eutanasia\u00a0en\u00a0Centros\u00a0Cat\u00f3licos, que es va celebrar a la\u00a0Universidad\u00a0Pontificia\u00a0Comillas, a Madrid. En concret, hi vam participar el doctor Santi Bernades, coordinador de l&#8217;\u00c0rea Sociosanit\u00e0ria, i jo mateix.<\/p>\n\n\n\n<p>En el marc de la jornada es van presentar dues pon\u00e8ncies sobre aven\u00e7os en l&#8217;objecci\u00f3 de consci\u00e8ncia. A la primera es va tractar el tema de l&#8217;eutan\u00e0sia i la discapacitat intel\u00b7lectual i, a la segona, es van abordar l&#8217;eutan\u00e0sia i les malalties neurodegeneratives. Seguidament, va tenir lloc una taula rodona sobre experi\u00e8ncies en relaci\u00f3 amb la mort digna i l&#8217;eutan\u00e0sia als centres sanitaris, en la qual vam participar els representants de l&#8217;Hospital Sagrat Cor. Aix\u00ed, vam explicar la integraci\u00f3 del Centre al&nbsp;Sistema&nbsp;de Salut P\u00fablic de Catalunya i el treball conjunt amb els diferents prove\u00efdors sanitaris dels territoris en els quals estem presents sota el lideratge dels referents del Servei Catal\u00e0 de la Salut. En aquest context, vam posar en relleu la import\u00e0ncia de recollir curosament les necessitats que expressa el\/la pacient i la seva fam\u00edlia per valorar conjuntament les alternatives en el proc\u00e9s de final de vida que garanteixin una mort digna. Tamb\u00e9 vam assenyalar la necessitat de col\u00b7laboraci\u00f3 i coordinaci\u00f3 amb els diferents prove\u00efdors sanitaris i socials del territori implicats en un cas, especialment, amb l&#8217;Atenci\u00f3 Prim\u00e0ria, per tal de garantir el desig del\/de la pacient i preservar el nostre posicionament institucional.<\/p>\n","protected":false},"excerpt":{"rendered":"<p>CARLES FRANQUELO. El nostre Hospital va estar present a la IV Jornada\u00a0de Investigaci\u00f3n\u00a0sobre\u00a0la Eutanasia\u00a0en\u00a0Centros\u00a0Cat\u00f3licos, que es va celebrar a la\u00a0Universidad\u00a0Pontificia\u00a0Comillas, a Madrid. En concret, hi vam participar el doctor Santi Bernades, coordinador de l&#8217;\u00c0rea Sociosanit\u00e0ria, i jo mateix. En el marc de la jornada es van presentar dues pon\u00e8ncies sobre aven\u00e7os en l&#8217;objecci\u00f3 de consci\u00e8ncia. [&hellip;]<\/p>\n","protected":false},"author":3,"featured_media":5307,"comment_status":"closed","ping_status":"closed","sticky":false,"template":"","format":"standard","meta":{"footnotes":""},"categories":[27],"tags":[],"class_list":["post-5306","post","type-post","status-publish","format-standard","has-post-thumbnail","hentry","category-actualitat"],"blocksy_meta":{"styles_descriptor":{"styles":{"desktop":"","tablet":"","mobile":""},"google_fonts":[],"version":6}},"featured_image_urls_v2":{"full":["https:\/\/fundaciohospitalariesmartorell.org\/entre-tots\/wp-content\/uploads\/2022\/12\/IMG-20221215-WA0004.jpg",1600,1200,false],"thumbnail":["https:\/\/fundaciohospitalariesmartorell.org\/entre-tots\/wp-content\/uploads\/2022\/12\/IMG-20221215-WA0004-150x150.jpg",150,150,true],"medium":["https:\/\/fundaciohospitalariesmartorell.org\/entre-tots\/wp-content\/uploads\/2022\/12\/IMG-20221215-WA0004-300x225.jpg",300,225,true],"medium_large":["https:\/\/fundaciohospitalariesmartorell.org\/entre-tots\/wp-content\/uploads\/2022\/12\/IMG-20221215-WA0004-768x576.jpg",768,576,true],"large":["https:\/\/fundaciohospitalariesmartorell.org\/entre-tots\/wp-content\/uploads\/2022\/12\/IMG-20221215-WA0004-1024x768.jpg",1024,768,true],"1536x1536":["https:\/\/fundaciohospitalariesmartorell.org\/entre-tots\/wp-content\/uploads\/2022\/12\/IMG-20221215-WA0004-1536x1152.jpg",1536,1152,true],"2048x2048":["https:\/\/fundaciohospitalariesmartorell.org\/entre-tots\/wp-content\/uploads\/2022\/12\/IMG-20221215-WA0004.jpg",1600,1200,false],"mailpoet_newsletter_max":["https:\/\/fundaciohospitalariesmartorell.org\/entre-tots\/wp-content\/uploads\/2022\/12\/IMG-20221215-WA0004-1320x990.jpg",1320,990,true]},"post_excerpt_stackable_v2":"<p>CARLES FRANQUELO. El nostre Hospital va estar present a la IV Jornada\u00a0de Investigaci\u00f3n\u00a0sobre\u00a0la Eutanasia\u00a0en\u00a0Centros\u00a0Cat\u00f3licos, que es va celebrar a la\u00a0Universidad\u00a0Pontificia\u00a0Comillas, a Madrid. En concret, hi vam participar el doctor Santi Bernades, coordinador de l&#8217;\u00c0rea Sociosanit\u00e0ria, i jo mateix. En el marc de la jornada es van presentar dues pon\u00e8ncies sobre aven\u00e7os en l&#8217;objecci\u00f3 de consci\u00e8ncia. A la primera es va tractar el tema de l&#8217;eutan\u00e0sia i la discapacitat intel\u00b7lectual i, a la segona, es van abordar l&#8217;eutan\u00e0sia i les malalties neurodegeneratives. Seguidament, va tenir lloc una taula rodona sobre experi\u00e8ncies en relaci\u00f3 amb la mort digna i l&#8217;eutan\u00e0sia als centres&hellip;<\/p>\n","category_list_v2":"<a href=\"https:\/\/fundaciohospitalariesmartorell.org\/entre-tots\/category\/actualitat\/\" rel=\"category tag\">ACTUALITAT<\/a>","author_info_v2":{"name":"Anna Casanovas","url":"https:\/\/fundaciohospitalariesmartorell.org\/entre-tots\/author\/acasanovasr\/"},"comments_num_v2":"0 comments","_links":{"self":[{"href":"https:\/\/fundaciohospitalariesmartorell.org\/entre-tots\/wp-json\/wp\/v2\/posts\/5306","targetHints":{"allow":["GET"]}}],"collection":[{"href":"https:\/\/fundaciohospitalariesmartorell.org\/entre-tots\/wp-json\/wp\/v2\/posts"}],"about":[{"href":"https:\/\/fundaciohospitalariesmartorell.org\/entre-tots\/wp-json\/wp\/v2\/types\/post"}],"author":[{"embeddable":true,"href":"https:\/\/fundaciohospitalariesmartorell.org\/entre-tots\/wp-json\/wp\/v2\/users\/3"}],"replies":[{"embeddable":true,"href":"https:\/\/fundaciohospitalariesmartorell.org\/entre-tots\/wp-json\/wp\/v2\/comments?post=5306"}],"version-history":[{"count":3,"href":"https:\/\/fundaciohospitalariesmartorell.org\/entre-tots\/wp-json\/wp\/v2\/posts\/5306\/revisions"}],"predecessor-version":[{"id":5455,"href":"https:\/\/fundaciohospitalariesmartorell.org\/entre-tots\/wp-json\/wp\/v2\/posts\/5306\/revisions\/5455"}],"wp:featuredmedia":[{"embeddable":true,"href":"https:\/\/fundaciohospitalariesmartorell.org\/entre-tots\/wp-json\/wp\/v2\/media\/5307"}],"wp:attachment":[{"href":"https:\/\/fundaciohospitalariesmartorell.org\/entre-tots\/wp-json\/wp\/v2\/media?parent=5306"}],"wp:term":[{"taxonomy":"category","embeddable":true,"href":"https:\/\/fundaciohospitalariesmartorell.org\/entre-tots\/wp-json\/wp\/v2\/categories?post=5306"},{"taxonomy":"post_tag","embeddable":true,"href":"https:\/\/fundaciohospitalariesmartorell.org\/entre-tots\/wp-json\/wp\/v2\/tags?post=5306"}],"curies":[{"name":"wp","href":"https:\/\/api.w.org\/{rel}","templated":true}]}}