{"id":5311,"date":"2022-12-30T11:01:14","date_gmt":"2022-12-30T09:01:14","guid":{"rendered":"https:\/\/newweb.hospitalsagratcormartorell.org\/entre-tots\/?p=5311"},"modified":"2022-12-30T14:17:45","modified_gmt":"2022-12-30T12:17:45","slug":"el-concurs-de-pessebres-i-decoracio-nadalenca-de-lhospital-sagrat-cor","status":"publish","type":"post","link":"https:\/\/fundaciohospitalariesmartorell.org\/entre-tots\/2022\/12\/el-concurs-de-pessebres-i-decoracio-nadalenca-de-lhospital-sagrat-cor\/","title":{"rendered":"El Concurs de Pessebres i Decoraci\u00f3 Nadalenca de l\u2019Hospital Sagrat Cor"},"content":{"rendered":"\n<figure class=\"wp-block-image size-large\"><img loading=\"lazy\" decoding=\"async\" width=\"1024\" height=\"683\" src=\"https:\/\/hospitalsagratcormartorell.org\/entre-tots\/wp-content\/uploads\/2022\/12\/pessebre-1024x683.jpg\" alt=\"\" class=\"wp-image-5312\" srcset=\"https:\/\/fundaciohospitalariesmartorell.org\/entre-tots\/wp-content\/uploads\/2022\/12\/pessebre-1024x683.jpg 1024w, https:\/\/fundaciohospitalariesmartorell.org\/entre-tots\/wp-content\/uploads\/2022\/12\/pessebre-300x200.jpg 300w, https:\/\/fundaciohospitalariesmartorell.org\/entre-tots\/wp-content\/uploads\/2022\/12\/pessebre-768x512.jpg 768w, https:\/\/fundaciohospitalariesmartorell.org\/entre-tots\/wp-content\/uploads\/2022\/12\/pessebre-1536x1024.jpg 1536w, https:\/\/fundaciohospitalariesmartorell.org\/entre-tots\/wp-content\/uploads\/2022\/12\/pessebre-2048x1365.jpg 2048w, https:\/\/fundaciohospitalariesmartorell.org\/entre-tots\/wp-content\/uploads\/2022\/12\/pessebre-1320x880.jpg 1320w\" sizes=\"auto, (max-width: 1024px) 100vw, 1024px\" \/><\/figure>\n\n\n\n<p>Des del servei de PAER de l&#8217;Hospital Sagrat Cor s&#8217;organitza, des de l&#8217;any 2014, un concurs de pessebres i decoraci\u00f3 nadalenca. L&#8217;objectiu d&#8217;aquesta iniciativa, segons el responsable de PAER del Centre, Roberto Narvaiz, \u00e9s dotar les diferents unitats de l&#8217;Hospital Sagrat Cor de l&#8217;ambientaci\u00f3 caracter\u00edstica de les dates nadalenques, sempre des del respecte a la diversitat de creences, per\u00f2 posant en valor el significat de la tradici\u00f3 del pessebre i de la decoraci\u00f3 lligada al Naixement del Nen Jes\u00fas.<\/p>\n\n\n\n<figure class=\"wp-block-image aligncenter size-large is-resized\"><img loading=\"lazy\" decoding=\"async\" src=\"https:\/\/hospitalsagratcormartorell.org\/entre-tots\/wp-content\/uploads\/2022\/12\/naixement-1024x683.jpg\" alt=\"\" class=\"wp-image-5317\" width=\"608\" height=\"406\" srcset=\"https:\/\/fundaciohospitalariesmartorell.org\/entre-tots\/wp-content\/uploads\/2022\/12\/naixement-1024x683.jpg 1024w, https:\/\/fundaciohospitalariesmartorell.org\/entre-tots\/wp-content\/uploads\/2022\/12\/naixement-300x200.jpg 300w, https:\/\/fundaciohospitalariesmartorell.org\/entre-tots\/wp-content\/uploads\/2022\/12\/naixement-768x512.jpg 768w, https:\/\/fundaciohospitalariesmartorell.org\/entre-tots\/wp-content\/uploads\/2022\/12\/naixement-1536x1024.jpg 1536w, https:\/\/fundaciohospitalariesmartorell.org\/entre-tots\/wp-content\/uploads\/2022\/12\/naixement-2048x1365.jpg 2048w, https:\/\/fundaciohospitalariesmartorell.org\/entre-tots\/wp-content\/uploads\/2022\/12\/naixement-1320x880.jpg 1320w\" sizes=\"auto, (max-width: 608px) 100vw, 608px\" \/><\/figure>\n\n\n\n<p>Aix\u00ed mateix, aquesta activitat pret\u00e9n fomentar la participaci\u00f3 de les persones usu\u00e0ries, implicant-les en tot moment, des d&#8217;escollir la tem\u00e0tica com en la selecci\u00f3 dels materials i l&#8217;elaboraci\u00f3 del pessebre i dels elements decoratius.<\/p>\n\n\n\n<figure class=\"wp-block-image alignright size-large is-resized\"><img loading=\"lazy\" decoding=\"async\" src=\"https:\/\/hospitalsagratcormartorell.org\/entre-tots\/wp-content\/uploads\/2022\/12\/creacions-1024x683.jpg\" alt=\"\" class=\"wp-image-5315\" width=\"389\" height=\"259\" srcset=\"https:\/\/fundaciohospitalariesmartorell.org\/entre-tots\/wp-content\/uploads\/2022\/12\/creacions-1024x683.jpg 1024w, https:\/\/fundaciohospitalariesmartorell.org\/entre-tots\/wp-content\/uploads\/2022\/12\/creacions-300x200.jpg 300w, https:\/\/fundaciohospitalariesmartorell.org\/entre-tots\/wp-content\/uploads\/2022\/12\/creacions-768x512.jpg 768w, https:\/\/fundaciohospitalariesmartorell.org\/entre-tots\/wp-content\/uploads\/2022\/12\/creacions-1536x1024.jpg 1536w, https:\/\/fundaciohospitalariesmartorell.org\/entre-tots\/wp-content\/uploads\/2022\/12\/creacions-2048x1365.jpg 2048w, https:\/\/fundaciohospitalariesmartorell.org\/entre-tots\/wp-content\/uploads\/2022\/12\/creacions-1320x880.jpg 1320w\" sizes=\"auto, (max-width: 389px) 100vw, 389px\" \/><\/figure>\n\n\n\n<p>En aquest proc\u00e9s \u00e9s clau el paper dels i les professionals de l&#8217;Hospital Sagrat Cor, qui acompanyen i ajuden els i les pacients a portar a terme les seves idees nadalenques. &#8220;\u00c9s una experi\u00e8ncia molt enriquidora, no nom\u00e9s per tot el proc\u00e9s de realitzaci\u00f3 de les obres, el qual pot arribar a durar fins a dos mesos, sin\u00f3 per la qualitat dels resultats finals&#8221;, afirma Narvaiz. \u201cEl concurs de pessebres i decoraci\u00f3 nadalenca es converteix, tamb\u00e9, en un treball terap\u00e8utic per als i les pacients, ja que la mateixa creaci\u00f3 de la pe\u00e7a a partir d\u2019una idea consensuada per tota la unitat i el poder veure-la plasmada els i les empodera\u201d, afegeix.<\/p>\n\n\n\n<figure class=\"wp-block-image alignleft size-large is-resized\"><img loading=\"lazy\" decoding=\"async\" src=\"https:\/\/hospitalsagratcormartorell.org\/entre-tots\/wp-content\/uploads\/2022\/12\/creativitat-1024x691.jpg\" alt=\"\" class=\"wp-image-5326\" width=\"430\" height=\"290\" srcset=\"https:\/\/fundaciohospitalariesmartorell.org\/entre-tots\/wp-content\/uploads\/2022\/12\/creativitat-1024x691.jpg 1024w, https:\/\/fundaciohospitalariesmartorell.org\/entre-tots\/wp-content\/uploads\/2022\/12\/creativitat-300x203.jpg 300w, https:\/\/fundaciohospitalariesmartorell.org\/entre-tots\/wp-content\/uploads\/2022\/12\/creativitat-768x519.jpg 768w, https:\/\/fundaciohospitalariesmartorell.org\/entre-tots\/wp-content\/uploads\/2022\/12\/creativitat.jpg 1053w\" sizes=\"auto, (max-width: 430px) 100vw, 430px\" \/><\/figure>\n\n\n\n<p>Segons el professional responsable del servei de PAER, \u00e9s &#8220;admirable&#8221; la implicaci\u00f3 del personal col\u00b7laborador i de les persones usu\u00e0ries, tant de l&#8217;Hospital, a Martorell, com dels equipaments comunitaris. Aquesta gran dedicaci\u00f3 de tothom s\u2019evidencia en el nivell d\u2019excel\u00b7l\u00e8ncia que assoleixen els treballs presentats. &#8220;Jo que he tingut la sort de formar part,&nbsp; des de sempre, del jurat, puc dir que et quedes meravellat de les iniciatives que sorgeixen, de la creativitat&#8230;&#8221;, assevera .<\/p>\n\n\n\n<figure class=\"wp-block-image alignleft size-large is-resized\"><img loading=\"lazy\" decoding=\"async\" src=\"https:\/\/hospitalsagratcormartorell.org\/entre-tots\/wp-content\/uploads\/2022\/12\/abre-nadal-original-683x1024.jpg\" alt=\"\" class=\"wp-image-5323\" width=\"225\" height=\"339\" srcset=\"https:\/\/fundaciohospitalariesmartorell.org\/entre-tots\/wp-content\/uploads\/2022\/12\/abre-nadal-original-200x300.jpg 200w, https:\/\/fundaciohospitalariesmartorell.org\/entre-tots\/wp-content\/uploads\/2022\/12\/abre-nadal-original-768x1152.jpg 768w, https:\/\/fundaciohospitalariesmartorell.org\/entre-tots\/wp-content\/uploads\/2022\/12\/abre-nadal-original-1024x1536.jpg 1024w, https:\/\/fundaciohospitalariesmartorell.org\/entre-tots\/wp-content\/uploads\/2022\/12\/abre-nadal-original-1365x2048.jpg 1365w, https:\/\/fundaciohospitalariesmartorell.org\/entre-tots\/wp-content\/uploads\/2022\/12\/abre-nadal-original-1320x1980.jpg 1320w\" sizes=\"auto, (max-width: 225px) 100vw, 225px\" \/><\/figure>\n\n\n\n<figure class=\"wp-block-image alignleft size-large is-resized\"><img loading=\"lazy\" decoding=\"async\" src=\"https:\/\/hospitalsagratcormartorell.org\/entre-tots\/wp-content\/uploads\/2022\/12\/arbres-1024x768.jpg\" alt=\"\" class=\"wp-image-5313\" width=\"451\" height=\"338\" srcset=\"https:\/\/fundaciohospitalariesmartorell.org\/entre-tots\/wp-content\/uploads\/2022\/12\/arbres-1024x768.jpg 1024w, https:\/\/fundaciohospitalariesmartorell.org\/entre-tots\/wp-content\/uploads\/2022\/12\/arbres-300x225.jpg 300w, https:\/\/fundaciohospitalariesmartorell.org\/entre-tots\/wp-content\/uploads\/2022\/12\/arbres-768x576.jpg 768w, https:\/\/fundaciohospitalariesmartorell.org\/entre-tots\/wp-content\/uploads\/2022\/12\/arbres-1536x1152.jpg 1536w, https:\/\/fundaciohospitalariesmartorell.org\/entre-tots\/wp-content\/uploads\/2022\/12\/arbres-2048x1536.jpg 2048w, https:\/\/fundaciohospitalariesmartorell.org\/entre-tots\/wp-content\/uploads\/2022\/12\/arbres-1320x990.jpg 1320w\" sizes=\"auto, (max-width: 451px) 100vw, 451px\" \/><\/figure>\n\n\n\n<p>Des que es va posar en marxa el concurs gaireb\u00e9 sempre ha estat de pessebres i decoraci\u00f3 nadalenca, menys en una ocasi\u00f3, que es va centrar en arbres de Nadal i tamb\u00e9 se\u2019n van elaborar de molt originals. Narvaiz explica que cada any el jurat ho t\u00e9 molt dif\u00edcil per escollir les creacions guanyadores del concurs. S\u2019estableixen uns \u00edtems per valorar les obres, com la creativitat, l\u2019esperit nadalenc, la participaci\u00f3 de persones o la utilitzaci\u00f3 de materials reciclats. El jurat acostuma a passar per les diferents unitats per fer les valoracions i aquest, segons el responsable de PAER, \u00e9s un altre dels aspectes positius d&#8217;aquest concurs, ja que \u00e9s una manera de retrobar-nos totes i tots, i compartir bons moments en el marc de la celebraci\u00f3 de les Festes.<\/p>\n\n\n\n<figure class=\"wp-block-image aligncenter size-large is-resized\"><img loading=\"lazy\" decoding=\"async\" src=\"https:\/\/hospitalsagratcormartorell.org\/entre-tots\/wp-content\/uploads\/2022\/12\/Concurso-belenes-2016-016-1024x683.jpg\" alt=\"\" class=\"wp-image-5453\" width=\"656\" height=\"437\" srcset=\"https:\/\/fundaciohospitalariesmartorell.org\/entre-tots\/wp-content\/uploads\/2022\/12\/Concurso-belenes-2016-016-1024x683.jpg 1024w, https:\/\/fundaciohospitalariesmartorell.org\/entre-tots\/wp-content\/uploads\/2022\/12\/Concurso-belenes-2016-016-300x200.jpg 300w, https:\/\/fundaciohospitalariesmartorell.org\/entre-tots\/wp-content\/uploads\/2022\/12\/Concurso-belenes-2016-016-768x512.jpg 768w, https:\/\/fundaciohospitalariesmartorell.org\/entre-tots\/wp-content\/uploads\/2022\/12\/Concurso-belenes-2016-016-1536x1024.jpg 1536w, https:\/\/fundaciohospitalariesmartorell.org\/entre-tots\/wp-content\/uploads\/2022\/12\/Concurso-belenes-2016-016-2048x1365.jpg 2048w, https:\/\/fundaciohospitalariesmartorell.org\/entre-tots\/wp-content\/uploads\/2022\/12\/Concurso-belenes-2016-016-1320x880.jpg 1320w\" sizes=\"auto, (max-width: 656px) 100vw, 656px\" \/><\/figure>\n\n\n\n<p>Al seg\u00fcent v\u00eddeo Roberto Narvaiz recorda els inicis del concurs de pessebres i decoraci\u00f3 nadalenca de l\u2019Hospital Sagrat Cor, i professionals i persones usu\u00e0ries expliquen algunes de les obres exposades aquest 2022:<\/p>\n\n\n\n<figure class=\"wp-block-embed is-type-video is-provider-youtube wp-block-embed-youtube wp-embed-aspect-16-9 wp-has-aspect-ratio\"><div class=\"wp-block-embed__wrapper\">\n<iframe loading=\"lazy\" title=\"Reportatge concurs pessebres i decoraci\u00f3 nadalenca Hospital Sagrat Cor\" width=\"1290\" height=\"726\" src=\"https:\/\/www.youtube.com\/embed\/glB3FWqfrYs?feature=oembed\" frameborder=\"0\" allow=\"accelerometer; autoplay; clipboard-write; encrypted-media; gyroscope; picture-in-picture\" allowfullscreen><\/iframe>\n<\/div><\/figure>\n","protected":false},"excerpt":{"rendered":"<p>Des del servei de PAER de l&#8217;Hospital Sagrat Cor s&#8217;organitza, des de l&#8217;any 2014, un concurs de pessebres i decoraci\u00f3 nadalenca. L&#8217;objectiu d&#8217;aquesta iniciativa, segons el responsable de PAER del Centre, Roberto Narvaiz, \u00e9s dotar les diferents unitats de l&#8217;Hospital Sagrat Cor de l&#8217;ambientaci\u00f3 caracter\u00edstica de les dates nadalenques, sempre des del respecte a la [&hellip;]<\/p>\n","protected":false},"author":3,"featured_media":5312,"comment_status":"closed","ping_status":"closed","sticky":false,"template":"","format":"standard","meta":{"footnotes":""},"categories":[28],"tags":[],"class_list":["post-5311","post","type-post","status-publish","format-standard","has-post-thumbnail","hentry","category-tot-aixo-es-nostre"],"blocksy_meta":{"styles_descriptor":{"styles":{"desktop":"","tablet":"","mobile":""},"google_fonts":[],"version":6}},"featured_image_urls_v2":{"full":["https:\/\/fundaciohospitalariesmartorell.org\/entre-tots\/wp-content\/uploads\/2022\/12\/pessebre-scaled.jpg",2560,1707,false],"thumbnail":["https:\/\/fundaciohospitalariesmartorell.org\/entre-tots\/wp-content\/uploads\/2022\/12\/pessebre-150x150.jpg",150,150,true],"medium":["https:\/\/fundaciohospitalariesmartorell.org\/entre-tots\/wp-content\/uploads\/2022\/12\/pessebre-300x200.jpg",300,200,true],"medium_large":["https:\/\/fundaciohospitalariesmartorell.org\/entre-tots\/wp-content\/uploads\/2022\/12\/pessebre-768x512.jpg",768,512,true],"large":["https:\/\/fundaciohospitalariesmartorell.org\/entre-tots\/wp-content\/uploads\/2022\/12\/pessebre-1024x683.jpg",1024,683,true],"1536x1536":["https:\/\/fundaciohospitalariesmartorell.org\/entre-tots\/wp-content\/uploads\/2022\/12\/pessebre-1536x1024.jpg",1536,1024,true],"2048x2048":["https:\/\/fundaciohospitalariesmartorell.org\/entre-tots\/wp-content\/uploads\/2022\/12\/pessebre-2048x1365.jpg",2048,1365,true],"mailpoet_newsletter_max":["https:\/\/fundaciohospitalariesmartorell.org\/entre-tots\/wp-content\/uploads\/2022\/12\/pessebre-1320x880.jpg",1320,880,true]},"post_excerpt_stackable_v2":"<p>Des del servei de PAER de l&#8217;Hospital Sagrat Cor s&#8217;organitza, des de l&#8217;any 2014, un concurs de pessebres i decoraci\u00f3 nadalenca. L&#8217;objectiu d&#8217;aquesta iniciativa, segons el responsable de PAER del Centre, Roberto Narvaiz, \u00e9s dotar les diferents unitats de l&#8217;Hospital Sagrat Cor de l&#8217;ambientaci\u00f3 caracter\u00edstica de les dates nadalenques, sempre des del respecte a la diversitat de creences, per\u00f2 posant en valor el significat de la tradici\u00f3 del pessebre i de la decoraci\u00f3 lligada al Naixement del Nen Jes\u00fas. Aix\u00ed mateix, aquesta activitat pret\u00e9n fomentar la participaci\u00f3 de les persones usu\u00e0ries, implicant-les en tot moment, des d&#8217;escollir la tem\u00e0tica com&hellip;<\/p>\n","category_list_v2":"<a href=\"https:\/\/fundaciohospitalariesmartorell.org\/entre-tots\/category\/tot-aixo-es-nostre\/\" rel=\"category tag\">TOT AIX\u00d2 \u00c9S NOSTRE<\/a>","author_info_v2":{"name":"Anna Casanovas","url":"https:\/\/fundaciohospitalariesmartorell.org\/entre-tots\/author\/acasanovasr\/"},"comments_num_v2":"0 comments","_links":{"self":[{"href":"https:\/\/fundaciohospitalariesmartorell.org\/entre-tots\/wp-json\/wp\/v2\/posts\/5311","targetHints":{"allow":["GET"]}}],"collection":[{"href":"https:\/\/fundaciohospitalariesmartorell.org\/entre-tots\/wp-json\/wp\/v2\/posts"}],"about":[{"href":"https:\/\/fundaciohospitalariesmartorell.org\/entre-tots\/wp-json\/wp\/v2\/types\/post"}],"author":[{"embeddable":true,"href":"https:\/\/fundaciohospitalariesmartorell.org\/entre-tots\/wp-json\/wp\/v2\/users\/3"}],"replies":[{"embeddable":true,"href":"https:\/\/fundaciohospitalariesmartorell.org\/entre-tots\/wp-json\/wp\/v2\/comments?post=5311"}],"version-history":[{"count":22,"href":"https:\/\/fundaciohospitalariesmartorell.org\/entre-tots\/wp-json\/wp\/v2\/posts\/5311\/revisions"}],"predecessor-version":[{"id":5454,"href":"https:\/\/fundaciohospitalariesmartorell.org\/entre-tots\/wp-json\/wp\/v2\/posts\/5311\/revisions\/5454"}],"wp:featuredmedia":[{"embeddable":true,"href":"https:\/\/fundaciohospitalariesmartorell.org\/entre-tots\/wp-json\/wp\/v2\/media\/5312"}],"wp:attachment":[{"href":"https:\/\/fundaciohospitalariesmartorell.org\/entre-tots\/wp-json\/wp\/v2\/media?parent=5311"}],"wp:term":[{"taxonomy":"category","embeddable":true,"href":"https:\/\/fundaciohospitalariesmartorell.org\/entre-tots\/wp-json\/wp\/v2\/categories?post=5311"},{"taxonomy":"post_tag","embeddable":true,"href":"https:\/\/fundaciohospitalariesmartorell.org\/entre-tots\/wp-json\/wp\/v2\/tags?post=5311"}],"curies":[{"name":"wp","href":"https:\/\/api.w.org\/{rel}","templated":true}]}}