{"id":5337,"date":"2022-12-30T10:50:44","date_gmt":"2022-12-30T08:50:44","guid":{"rendered":"https:\/\/newweb.hospitalsagratcormartorell.org\/entre-tots\/?p=5337"},"modified":"2022-12-30T13:48:38","modified_gmt":"2022-12-30T11:48:38","slug":"lhospital-sagrat-cor-a-la-revista-informaciones-psiquiatricas","status":"publish","type":"post","link":"https:\/\/fundaciohospitalariesmartorell.org\/entre-tots\/2022\/12\/lhospital-sagrat-cor-a-la-revista-informaciones-psiquiatricas\/","title":{"rendered":"L&#8217;Hospital Sagrat Cor, a la revista Informaciones Psiqui\u00e1tricas"},"content":{"rendered":"\n<figure class=\"wp-block-image size-large\"><img loading=\"lazy\" decoding=\"async\" width=\"811\" height=\"1024\" src=\"https:\/\/hospitalsagratcormartorell.org\/entre-tots\/wp-content\/uploads\/2022\/12\/Captura-de-Pantalla-2022-12-28-a-las-10.29.21-811x1024.png\" alt=\"\" class=\"wp-image-5338\" srcset=\"https:\/\/fundaciohospitalariesmartorell.org\/entre-tots\/wp-content\/uploads\/2022\/12\/Captura-de-Pantalla-2022-12-28-a-las-10.29.21-811x1024.png 811w, https:\/\/fundaciohospitalariesmartorell.org\/entre-tots\/wp-content\/uploads\/2022\/12\/Captura-de-Pantalla-2022-12-28-a-las-10.29.21-238x300.png 238w, https:\/\/fundaciohospitalariesmartorell.org\/entre-tots\/wp-content\/uploads\/2022\/12\/Captura-de-Pantalla-2022-12-28-a-las-10.29.21-768x970.png 768w, https:\/\/fundaciohospitalariesmartorell.org\/entre-tots\/wp-content\/uploads\/2022\/12\/Captura-de-Pantalla-2022-12-28-a-las-10.29.21.png 1072w\" sizes=\"auto, (max-width: 811px) 100vw, 811px\" \/><\/figure>\n\n\n\n<p>El darrer n\u00famero de l&#8217;any de la revista\u00a0Informacions Psiqui\u00e1tricas\u00a0de Germanes Hospital\u00e0ries compta amb articles de professionals de l&#8217;Hospital Sagrat Cor.\u00a0\u00a0<\/p>\n\n\n\n<p>Aix\u00ed, amb el t\u00edtol de &#8216;Rehabilitaci\u00f3n del da\u00f1o cerebral y unidades de convalecencia&#8217; el fisioterapeuta responsable del Servei de Rehabilitaci\u00f3 F\u00edsica del Centre, Juan Antonio Guzm\u00e1n, explica que hi ha una manca de recursos per a l&#8217;atenci\u00f3 de pacients amb dany cerebral, especialment, d&#8217;unitats espec\u00edfiques de neurorehabilitaci\u00f3 o unitats de rehabilitaci\u00f3 intensiva. Aquest fet comporta que un nombre important de pacients siguin atesos\/es a unitats de convalesc\u00e8ncia, les quals no sempre compten amb un equip multidisciplinari ni amb la tecnologia i rob\u00f2tica necess\u00e0ries.&nbsp;<\/p>\n\n\n\n<p>Un altre dels articles presents a la revista \u00e9s el firmat pel subdirector m\u00e8dic i coordinador de l&#8217;\u00c0rea d&#8217;Hospitalizaci\u00f3 en Salut Mental, el doctor Manel S\u00e1nchez, el qual fa refer\u00e8ncia als estats de lucidesa paradoxal. S\u00e1nchez explica que, encara que es tracta d&#8217;un fenomen poc estudiat i un repte per a la neuroci\u00e8ncia, investigacions recents comencen a posar el focus en aquestes observacions que podrien q\u00fcestionar la irreversibilitat de les s\u00edndromes neurodegeneratives.&nbsp;<\/p>\n\n\n\n<p>Podeu accedir a la revista fent clic <a href=\"https:\/\/informacionespsiquiatricas.com\/informe248\/\" data-type=\"URL\" data-id=\"https:\/\/informacionespsiquiatricas.com\/informe248\/\">aqu\u00ed<\/a><\/p>\n","protected":false},"excerpt":{"rendered":"<p>El darrer n\u00famero de l&#8217;any de la revista\u00a0Informacions Psiqui\u00e1tricas\u00a0de Germanes Hospital\u00e0ries compta amb articles de professionals de l&#8217;Hospital Sagrat Cor.\u00a0\u00a0 Aix\u00ed, amb el t\u00edtol de &#8216;Rehabilitaci\u00f3n del da\u00f1o cerebral y unidades de convalecencia&#8217; el fisioterapeuta responsable del Servei de Rehabilitaci\u00f3 F\u00edsica del Centre, Juan Antonio Guzm\u00e1n, explica que hi ha una manca de recursos per [&hellip;]<\/p>\n","protected":false},"author":3,"featured_media":5338,"comment_status":"closed","ping_status":"closed","sticky":false,"template":"","format":"standard","meta":{"footnotes":""},"categories":[27],"tags":[],"class_list":["post-5337","post","type-post","status-publish","format-standard","has-post-thumbnail","hentry","category-actualitat"],"blocksy_meta":{"styles_descriptor":{"styles":{"desktop":"","tablet":"","mobile":""},"google_fonts":[],"version":6}},"featured_image_urls_v2":{"full":["https:\/\/fundaciohospitalariesmartorell.org\/entre-tots\/wp-content\/uploads\/2022\/12\/Captura-de-Pantalla-2022-12-28-a-las-10.29.21.png",1072,1354,false],"thumbnail":["https:\/\/fundaciohospitalariesmartorell.org\/entre-tots\/wp-content\/uploads\/2022\/12\/Captura-de-Pantalla-2022-12-28-a-las-10.29.21-150x150.png",150,150,true],"medium":["https:\/\/fundaciohospitalariesmartorell.org\/entre-tots\/wp-content\/uploads\/2022\/12\/Captura-de-Pantalla-2022-12-28-a-las-10.29.21-238x300.png",238,300,true],"medium_large":["https:\/\/fundaciohospitalariesmartorell.org\/entre-tots\/wp-content\/uploads\/2022\/12\/Captura-de-Pantalla-2022-12-28-a-las-10.29.21-768x970.png",768,970,true],"large":["https:\/\/fundaciohospitalariesmartorell.org\/entre-tots\/wp-content\/uploads\/2022\/12\/Captura-de-Pantalla-2022-12-28-a-las-10.29.21-811x1024.png",811,1024,true],"1536x1536":["https:\/\/fundaciohospitalariesmartorell.org\/entre-tots\/wp-content\/uploads\/2022\/12\/Captura-de-Pantalla-2022-12-28-a-las-10.29.21.png",1072,1354,false],"2048x2048":["https:\/\/fundaciohospitalariesmartorell.org\/entre-tots\/wp-content\/uploads\/2022\/12\/Captura-de-Pantalla-2022-12-28-a-las-10.29.21.png",1072,1354,false],"mailpoet_newsletter_max":["https:\/\/fundaciohospitalariesmartorell.org\/entre-tots\/wp-content\/uploads\/2022\/12\/Captura-de-Pantalla-2022-12-28-a-las-10.29.21.png",1072,1354,false]},"post_excerpt_stackable_v2":"<p>El darrer n\u00famero de l&#8217;any de la revista\u00a0Informacions Psiqui\u00e1tricas\u00a0de Germanes Hospital\u00e0ries compta amb articles de professionals de l&#8217;Hospital Sagrat Cor.\u00a0\u00a0 Aix\u00ed, amb el t\u00edtol de &#8216;Rehabilitaci\u00f3n del da\u00f1o cerebral y unidades de convalecencia&#8217; el fisioterapeuta responsable del Servei de Rehabilitaci\u00f3 F\u00edsica del Centre, Juan Antonio Guzm\u00e1n, explica que hi ha una manca de recursos per a l&#8217;atenci\u00f3 de pacients amb dany cerebral, especialment, d&#8217;unitats espec\u00edfiques de neurorehabilitaci\u00f3 o unitats de rehabilitaci\u00f3 intensiva. Aquest fet comporta que un nombre important de pacients siguin atesos\/es a unitats de convalesc\u00e8ncia, les quals no sempre compten amb un equip multidisciplinari ni amb la tecnologia&hellip;<\/p>\n","category_list_v2":"<a href=\"https:\/\/fundaciohospitalariesmartorell.org\/entre-tots\/category\/actualitat\/\" rel=\"category tag\">ACTUALITAT<\/a>","author_info_v2":{"name":"Anna Casanovas","url":"https:\/\/fundaciohospitalariesmartorell.org\/entre-tots\/author\/acasanovasr\/"},"comments_num_v2":"0 comments","_links":{"self":[{"href":"https:\/\/fundaciohospitalariesmartorell.org\/entre-tots\/wp-json\/wp\/v2\/posts\/5337","targetHints":{"allow":["GET"]}}],"collection":[{"href":"https:\/\/fundaciohospitalariesmartorell.org\/entre-tots\/wp-json\/wp\/v2\/posts"}],"about":[{"href":"https:\/\/fundaciohospitalariesmartorell.org\/entre-tots\/wp-json\/wp\/v2\/types\/post"}],"author":[{"embeddable":true,"href":"https:\/\/fundaciohospitalariesmartorell.org\/entre-tots\/wp-json\/wp\/v2\/users\/3"}],"replies":[{"embeddable":true,"href":"https:\/\/fundaciohospitalariesmartorell.org\/entre-tots\/wp-json\/wp\/v2\/comments?post=5337"}],"version-history":[{"count":4,"href":"https:\/\/fundaciohospitalariesmartorell.org\/entre-tots\/wp-json\/wp\/v2\/posts\/5337\/revisions"}],"predecessor-version":[{"id":5396,"href":"https:\/\/fundaciohospitalariesmartorell.org\/entre-tots\/wp-json\/wp\/v2\/posts\/5337\/revisions\/5396"}],"wp:featuredmedia":[{"embeddable":true,"href":"https:\/\/fundaciohospitalariesmartorell.org\/entre-tots\/wp-json\/wp\/v2\/media\/5338"}],"wp:attachment":[{"href":"https:\/\/fundaciohospitalariesmartorell.org\/entre-tots\/wp-json\/wp\/v2\/media?parent=5337"}],"wp:term":[{"taxonomy":"category","embeddable":true,"href":"https:\/\/fundaciohospitalariesmartorell.org\/entre-tots\/wp-json\/wp\/v2\/categories?post=5337"},{"taxonomy":"post_tag","embeddable":true,"href":"https:\/\/fundaciohospitalariesmartorell.org\/entre-tots\/wp-json\/wp\/v2\/tags?post=5337"}],"curies":[{"name":"wp","href":"https:\/\/api.w.org\/{rel}","templated":true}]}}