{"id":5341,"date":"2022-12-30T10:55:33","date_gmt":"2022-12-30T08:55:33","guid":{"rendered":"https:\/\/newweb.hospitalsagratcormartorell.org\/entre-tots\/?p=5341"},"modified":"2022-12-30T13:49:12","modified_gmt":"2022-12-30T11:49:12","slug":"acte-de-sensibilitzacio-i-lluita-contra-lestigma-en-salut-mental-amb-alumnes-del-collegi-bon-salvador-de-sant-feliu","status":"publish","type":"post","link":"https:\/\/fundaciohospitalariesmartorell.org\/entre-tots\/2022\/12\/acte-de-sensibilitzacio-i-lluita-contra-lestigma-en-salut-mental-amb-alumnes-del-collegi-bon-salvador-de-sant-feliu\/","title":{"rendered":"Acte de sensibilitzaci\u00f3 i lluita contra l&#8217;estigma en salut mental amb alumnes del\u00a0Col\u00b7legi Bon Salvador de Sant Feliu"},"content":{"rendered":"\n<figure class=\"wp-block-image size-large\"><img loading=\"lazy\" decoding=\"async\" width=\"1024\" height=\"768\" src=\"https:\/\/hospitalsagratcormartorell.org\/entre-tots\/wp-content\/uploads\/2022\/12\/IMG-20221213-WA0017-1024x768.jpg\" alt=\"\" class=\"wp-image-5342\" srcset=\"https:\/\/fundaciohospitalariesmartorell.org\/entre-tots\/wp-content\/uploads\/2022\/12\/IMG-20221213-WA0017-1024x768.jpg 1024w, https:\/\/fundaciohospitalariesmartorell.org\/entre-tots\/wp-content\/uploads\/2022\/12\/IMG-20221213-WA0017-300x225.jpg 300w, https:\/\/fundaciohospitalariesmartorell.org\/entre-tots\/wp-content\/uploads\/2022\/12\/IMG-20221213-WA0017-768x576.jpg 768w, https:\/\/fundaciohospitalariesmartorell.org\/entre-tots\/wp-content\/uploads\/2022\/12\/IMG-20221213-WA0017-1536x1152.jpg 1536w, https:\/\/fundaciohospitalariesmartorell.org\/entre-tots\/wp-content\/uploads\/2022\/12\/IMG-20221213-WA0017-1320x990.jpg 1320w, https:\/\/fundaciohospitalariesmartorell.org\/entre-tots\/wp-content\/uploads\/2022\/12\/IMG-20221213-WA0017.jpg 2048w\" sizes=\"auto, (max-width: 1024px) 100vw, 1024px\" \/><\/figure>\n\n\n\n<p>Des de l&#8217;SRC de Sant Feliu de Llobregat de l&#8217;Hospital Sagrat Cor es va organitzar, el 7 de desembre, en el marc del programa d&#8217;intervenci\u00f3 comunit\u00e0ria, un acte de sensibilitzaci\u00f3 i lluita contra l&#8217;estigma en salut mental amb alumnes de 3r d&#8217;ESO del Col\u00b7legi Bon Salvador.<\/p>\n\n\n\n<p>Aix\u00ed, quatre persones usu\u00e0ries de l&#8217;SRC de Sant Feliu es van despla\u00e7ar fins a la capella de l&#8217;escola i van explicar la seva experi\u00e8ncia en primera persona a la setantena d&#8217;alumnes assistents. Durant la sessi\u00f3, d&#8217;una hora i mitja de durada, l&#8217;alumnat tamb\u00e9 va participar realitzant preguntes als i les ponents.<\/p>\n\n\n\n<p>Xavier Reig, psic\u00f2leg cl\u00ednic de l&#8217;SRC de Sant Feliu de Llobregat, explica que va ser un acte molt interessant on, a banda de presentar experi\u00e8ncies en primera persona, es van abordar altres temes, com els t\u00f2xics o el bulling. &#8220;El professorat ens va dir que la sessi\u00f3 havia captat al 100 % l&#8217;atenci\u00f3 dels i les alumnes&#8221;, assenyala Reig. &#8220;Les persones usu\u00e0ries participants tamb\u00e9 estan molt satisfetes amb aquesta experi\u00e8ncia, que ja s&#8217;ha dut a terme a diverses escoles de Sant Feliu, perqu\u00e8 la veuen com una oportunitat per poder expressar-se i relacionar-se amb l&#8217;entorn&#8221;, afegeix.<\/p>\n","protected":false},"excerpt":{"rendered":"<p>Des de l&#8217;SRC de Sant Feliu de Llobregat de l&#8217;Hospital Sagrat Cor es va organitzar, el 7 de desembre, en el marc del programa d&#8217;intervenci\u00f3 comunit\u00e0ria, un acte de sensibilitzaci\u00f3 i lluita contra l&#8217;estigma en salut mental amb alumnes de 3r d&#8217;ESO del Col\u00b7legi Bon Salvador. Aix\u00ed, quatre persones usu\u00e0ries de l&#8217;SRC de Sant Feliu [&hellip;]<\/p>\n","protected":false},"author":3,"featured_media":5342,"comment_status":"closed","ping_status":"closed","sticky":false,"template":"","format":"standard","meta":{"footnotes":""},"categories":[27],"tags":[],"class_list":["post-5341","post","type-post","status-publish","format-standard","has-post-thumbnail","hentry","category-actualitat"],"blocksy_meta":{"styles_descriptor":{"styles":{"desktop":"","tablet":"","mobile":""},"google_fonts":[],"version":6}},"featured_image_urls_v2":{"full":["https:\/\/fundaciohospitalariesmartorell.org\/entre-tots\/wp-content\/uploads\/2022\/12\/IMG-20221213-WA0017.jpg",2048,1536,false],"thumbnail":["https:\/\/fundaciohospitalariesmartorell.org\/entre-tots\/wp-content\/uploads\/2022\/12\/IMG-20221213-WA0017-150x150.jpg",150,150,true],"medium":["https:\/\/fundaciohospitalariesmartorell.org\/entre-tots\/wp-content\/uploads\/2022\/12\/IMG-20221213-WA0017-300x225.jpg",300,225,true],"medium_large":["https:\/\/fundaciohospitalariesmartorell.org\/entre-tots\/wp-content\/uploads\/2022\/12\/IMG-20221213-WA0017-768x576.jpg",768,576,true],"large":["https:\/\/fundaciohospitalariesmartorell.org\/entre-tots\/wp-content\/uploads\/2022\/12\/IMG-20221213-WA0017-1024x768.jpg",1024,768,true],"1536x1536":["https:\/\/fundaciohospitalariesmartorell.org\/entre-tots\/wp-content\/uploads\/2022\/12\/IMG-20221213-WA0017-1536x1152.jpg",1536,1152,true],"2048x2048":["https:\/\/fundaciohospitalariesmartorell.org\/entre-tots\/wp-content\/uploads\/2022\/12\/IMG-20221213-WA0017.jpg",2048,1536,false],"mailpoet_newsletter_max":["https:\/\/fundaciohospitalariesmartorell.org\/entre-tots\/wp-content\/uploads\/2022\/12\/IMG-20221213-WA0017-1320x990.jpg",1320,990,true]},"post_excerpt_stackable_v2":"<p>Des de l&#8217;SRC de Sant Feliu de Llobregat de l&#8217;Hospital Sagrat Cor es va organitzar, el 7 de desembre, en el marc del programa d&#8217;intervenci\u00f3 comunit\u00e0ria, un acte de sensibilitzaci\u00f3 i lluita contra l&#8217;estigma en salut mental amb alumnes de 3r d&#8217;ESO del Col\u00b7legi Bon Salvador. Aix\u00ed, quatre persones usu\u00e0ries de l&#8217;SRC de Sant Feliu es van despla\u00e7ar fins a la capella de l&#8217;escola i van explicar la seva experi\u00e8ncia en primera persona a la setantena d&#8217;alumnes assistents. Durant la sessi\u00f3, d&#8217;una hora i mitja de durada, l&#8217;alumnat tamb\u00e9 va participar realitzant preguntes als i les ponents. Xavier Reig, psic\u00f2leg&hellip;<\/p>\n","category_list_v2":"<a href=\"https:\/\/fundaciohospitalariesmartorell.org\/entre-tots\/category\/actualitat\/\" rel=\"category tag\">ACTUALITAT<\/a>","author_info_v2":{"name":"Anna Casanovas","url":"https:\/\/fundaciohospitalariesmartorell.org\/entre-tots\/author\/acasanovasr\/"},"comments_num_v2":"0 comments","_links":{"self":[{"href":"https:\/\/fundaciohospitalariesmartorell.org\/entre-tots\/wp-json\/wp\/v2\/posts\/5341","targetHints":{"allow":["GET"]}}],"collection":[{"href":"https:\/\/fundaciohospitalariesmartorell.org\/entre-tots\/wp-json\/wp\/v2\/posts"}],"about":[{"href":"https:\/\/fundaciohospitalariesmartorell.org\/entre-tots\/wp-json\/wp\/v2\/types\/post"}],"author":[{"embeddable":true,"href":"https:\/\/fundaciohospitalariesmartorell.org\/entre-tots\/wp-json\/wp\/v2\/users\/3"}],"replies":[{"embeddable":true,"href":"https:\/\/fundaciohospitalariesmartorell.org\/entre-tots\/wp-json\/wp\/v2\/comments?post=5341"}],"version-history":[{"count":3,"href":"https:\/\/fundaciohospitalariesmartorell.org\/entre-tots\/wp-json\/wp\/v2\/posts\/5341\/revisions"}],"predecessor-version":[{"id":5394,"href":"https:\/\/fundaciohospitalariesmartorell.org\/entre-tots\/wp-json\/wp\/v2\/posts\/5341\/revisions\/5394"}],"wp:featuredmedia":[{"embeddable":true,"href":"https:\/\/fundaciohospitalariesmartorell.org\/entre-tots\/wp-json\/wp\/v2\/media\/5342"}],"wp:attachment":[{"href":"https:\/\/fundaciohospitalariesmartorell.org\/entre-tots\/wp-json\/wp\/v2\/media?parent=5341"}],"wp:term":[{"taxonomy":"category","embeddable":true,"href":"https:\/\/fundaciohospitalariesmartorell.org\/entre-tots\/wp-json\/wp\/v2\/categories?post=5341"},{"taxonomy":"post_tag","embeddable":true,"href":"https:\/\/fundaciohospitalariesmartorell.org\/entre-tots\/wp-json\/wp\/v2\/tags?post=5341"}],"curies":[{"name":"wp","href":"https:\/\/api.w.org\/{rel}","templated":true}]}}