{"id":5348,"date":"2022-12-30T10:54:26","date_gmt":"2022-12-30T08:54:26","guid":{"rendered":"https:\/\/newweb.hospitalsagratcormartorell.org\/entre-tots\/?p=5348"},"modified":"2022-12-30T13:49:05","modified_gmt":"2022-12-30T11:49:05","slug":"clou-la-16a-edicio-del-projecte-parelles-artistiques-del-bergueda","status":"publish","type":"post","link":"https:\/\/fundaciohospitalariesmartorell.org\/entre-tots\/2022\/12\/clou-la-16a-edicio-del-projecte-parelles-artistiques-del-bergueda\/","title":{"rendered":"Clou la 16a edici\u00f3 del projecte &#8216;Parelles Art\u00edstiques&#8217; del Bergued\u00e0"},"content":{"rendered":"\n<figure class=\"wp-block-image size-large\"><img loading=\"lazy\" decoding=\"async\" width=\"1024\" height=\"768\" src=\"https:\/\/hospitalsagratcormartorell.org\/entre-tots\/wp-content\/uploads\/2022\/12\/Foto-5-1024x768.jpg\" alt=\"\" class=\"wp-image-5350\" srcset=\"https:\/\/fundaciohospitalariesmartorell.org\/entre-tots\/wp-content\/uploads\/2022\/12\/Foto-5-1024x768.jpg 1024w, https:\/\/fundaciohospitalariesmartorell.org\/entre-tots\/wp-content\/uploads\/2022\/12\/Foto-5-300x225.jpg 300w, https:\/\/fundaciohospitalariesmartorell.org\/entre-tots\/wp-content\/uploads\/2022\/12\/Foto-5-768x576.jpg 768w, https:\/\/fundaciohospitalariesmartorell.org\/entre-tots\/wp-content\/uploads\/2022\/12\/Foto-5-1536x1152.jpg 1536w, https:\/\/fundaciohospitalariesmartorell.org\/entre-tots\/wp-content\/uploads\/2022\/12\/Foto-5-1320x990.jpg 1320w, https:\/\/fundaciohospitalariesmartorell.org\/entre-tots\/wp-content\/uploads\/2022\/12\/Foto-5.jpg 1600w\" sizes=\"auto, (max-width: 1024px) 100vw, 1024px\" \/><\/figure>\n\n\n\n<p>VICT\u00d2RIA BIARN\u00c9S I MONTSERRAT ESCOBET.&nbsp;Ja fa 16 anys que va n\u00e9ixer a Osona, de la m\u00e0 de la Fundaci\u00f3 Centre M\u00e8dic Psicopedag\u00f2gic, el projecte &#8220;Parelles Art\u00edstiques: Experi\u00e8ncies creatives per la salut mental&#8221;. Enguany han estat sis les comarques participants, essent la cinquena edici\u00f3 de les Parelles Art\u00edstiques al Bergued\u00e0.&nbsp;<\/p>\n\n\n\n<figure class=\"wp-block-image alignleft size-full is-resized\"><img loading=\"lazy\" decoding=\"async\" src=\"https:\/\/hospitalsagratcormartorell.org\/entre-tots\/wp-content\/uploads\/2022\/12\/Foto-1.jpg\" alt=\"\" class=\"wp-image-5351\" width=\"346\" height=\"260\" srcset=\"https:\/\/fundaciohospitalariesmartorell.org\/entre-tots\/wp-content\/uploads\/2022\/12\/Foto-1.jpg 640w, https:\/\/fundaciohospitalariesmartorell.org\/entre-tots\/wp-content\/uploads\/2022\/12\/Foto-1-300x225.jpg 300w\" sizes=\"auto, (max-width: 346px) 100vw, 346px\" \/><\/figure>\n\n\n\n<p>El projecte s&#8217;organitza des de la comissi\u00f3 de Salut Mental del &#8220;Bergued\u00e0 en Xarxa&#8221;, formada pels serveis assistencials de l&#8217;Hospital Sagrat Cor de Germanes Hospital\u00e0ries (CSMA, HD i SRC ), la Fundaci\u00f3 Grup Horitz\u00f3 del Bergued\u00e0, ASFAM, OTL de l&#8217;Ag\u00e8ncia de Desenvolupament del Bergued\u00e0, CSMIJ, Oficina d&#8217;Inclusi\u00f3 Social del Consell Comarcal del Bergued\u00e0 i Trebolmente Bergued\u00e0.\u00a0<\/p>\n\n\n\n<p>L&#8217;ess\u00e8ncia de &#8220;Parelles Art\u00edstiques&#8221; \u00e9s la creaci\u00f3 d&#8217;una obra d&#8217;art entre dues persones, una persona usu\u00e0ria dels serveis de salut mental de les diferents entitats participants (artista amateur) i un\/a artista professional.&nbsp;<\/p>\n\n\n\n<p>El projecte permet normalitzar i disminuir l&#8217;estigma que pateixen les persones amb malaltia mental i afavorir la plena integraci\u00f3 a la comunitat. La finalitat m\u00e9s important \u00e9s que aquests i aquestes participants puguin gaudir de l&#8217;art com a forma d&#8217;expressi\u00f3 i creixement, la qual impacti positivament en el seu benestar.&nbsp;&nbsp;<\/p>\n\n\n\n<figure class=\"wp-block-image alignright size-full is-resized\"><img loading=\"lazy\" decoding=\"async\" src=\"https:\/\/hospitalsagratcormartorell.org\/entre-tots\/wp-content\/uploads\/2022\/12\/Foto-2.jpg\" alt=\"\" class=\"wp-image-5352\" width=\"366\" height=\"275\" srcset=\"https:\/\/fundaciohospitalariesmartorell.org\/entre-tots\/wp-content\/uploads\/2022\/12\/Foto-2.jpg 640w, https:\/\/fundaciohospitalariesmartorell.org\/entre-tots\/wp-content\/uploads\/2022\/12\/Foto-2-300x225.jpg 300w\" sizes=\"auto, (max-width: 366px) 100vw, 366px\" \/><\/figure>\n\n\n\n<p>El proc\u00e9s s&#8217;inicia facilitant el contacte entre l&#8217;artista amateur i un artista professional, sigui del camp de la fotografia, m\u00fasica, pintura, cer\u00e0mica o escultura, entre d&#8217;altres. La parella -enguany han estat dotze parelles participants- fa diferents trobades durant les quals creen conjuntament l&#8217;obra.&nbsp;<\/p>\n\n\n\n<p>La inauguraci\u00f3 de l&#8217;exposici\u00f3 al Bergued\u00e0 va tenir lloc a Berga el passat 10 d&#8217;octubre, coincidint amb el Dia Mundial de la Salut Mental. Pr\u00e8viament, s&#8217;havia presentat el projecte en roda de premsa, iniciant-se, aix\u00ed, l&#8217;exposici\u00f3 itinerant de les obres a les biblioteques de diferents municipis de la comarca.&nbsp;<\/p>\n\n\n\n<p>Finalment, el dia 1 de desembre, com\u00a0a cloenda del projecte, va tenir lloc un sopar, el qual va comptar amb la pres\u00e8ncia de membres de la comissi\u00f3\u00a0organitzadora de la iniciativa, aix\u00ed com de representants del m\u00f3n pol\u00edtic, empresarial\u00a0i social\u00a0de la comarca. En el marc de l&#8217;acte es van subhastar les obres. Els serveis assistencials de l&#8217;Hospital Sagrat Cor al Bergued\u00e0 ens en vam quedar tres. Els beneficis obtinguts seran utilitzats per organitzar la seg\u00fcent edici\u00f3 del projecte.\u00a0<\/p>\n\n\n\n<figure class=\"wp-block-image alignleft size-full is-resized\"><img loading=\"lazy\" decoding=\"async\" src=\"https:\/\/hospitalsagratcormartorell.org\/entre-tots\/wp-content\/uploads\/2022\/12\/Foto-1-1.jpg\" alt=\"\" class=\"wp-image-5353\" width=\"370\" height=\"278\" srcset=\"https:\/\/fundaciohospitalariesmartorell.org\/entre-tots\/wp-content\/uploads\/2022\/12\/Foto-1-1.jpg 640w, https:\/\/fundaciohospitalariesmartorell.org\/entre-tots\/wp-content\/uploads\/2022\/12\/Foto-1-1-300x225.jpg 300w\" sizes=\"auto, (max-width: 370px) 100vw, 370px\" \/><\/figure>\n\n\n\n<p>Afegir, tamb\u00e9, que cada any s&#8217;organitza una exposici\u00f3 col\u00b7lectiva de les obres participants a\u00a0diferents llocs del territori. Aquest 2022 han estat 68 les experi\u00e8ncies creatives presentades.\u00a0\u00a0<\/p>\n\n\n\n<p>Ens congratulem d&#8217;haver pogut participar, una edici\u00f3 m\u00e9s, en aquest projecte tan engrescador que ens fa veure la qualitat i potencialitat de les nostres persones usu\u00e0ries. Felicitats a tots els creadors i creadores d&#8217;aquestes GRANS obres!<\/p>\n","protected":false},"excerpt":{"rendered":"<p>VICT\u00d2RIA BIARN\u00c9S I MONTSERRAT ESCOBET.&nbsp;Ja fa 16 anys que va n\u00e9ixer a Osona, de la m\u00e0 de la Fundaci\u00f3 Centre M\u00e8dic Psicopedag\u00f2gic, el projecte &#8220;Parelles Art\u00edstiques: Experi\u00e8ncies creatives per la salut mental&#8221;. Enguany han estat sis les comarques participants, essent la cinquena edici\u00f3 de les Parelles Art\u00edstiques al Bergued\u00e0.&nbsp; El projecte s&#8217;organitza des de la [&hellip;]<\/p>\n","protected":false},"author":3,"featured_media":5350,"comment_status":"closed","ping_status":"closed","sticky":false,"template":"","format":"standard","meta":{"footnotes":""},"categories":[27],"tags":[],"class_list":["post-5348","post","type-post","status-publish","format-standard","has-post-thumbnail","hentry","category-actualitat"],"blocksy_meta":{"styles_descriptor":{"styles":{"desktop":"","tablet":"","mobile":""},"google_fonts":[],"version":6}},"featured_image_urls_v2":{"full":["https:\/\/fundaciohospitalariesmartorell.org\/entre-tots\/wp-content\/uploads\/2022\/12\/Foto-5.jpg",1600,1200,false],"thumbnail":["https:\/\/fundaciohospitalariesmartorell.org\/entre-tots\/wp-content\/uploads\/2022\/12\/Foto-5-150x150.jpg",150,150,true],"medium":["https:\/\/fundaciohospitalariesmartorell.org\/entre-tots\/wp-content\/uploads\/2022\/12\/Foto-5-300x225.jpg",300,225,true],"medium_large":["https:\/\/fundaciohospitalariesmartorell.org\/entre-tots\/wp-content\/uploads\/2022\/12\/Foto-5-768x576.jpg",768,576,true],"large":["https:\/\/fundaciohospitalariesmartorell.org\/entre-tots\/wp-content\/uploads\/2022\/12\/Foto-5-1024x768.jpg",1024,768,true],"1536x1536":["https:\/\/fundaciohospitalariesmartorell.org\/entre-tots\/wp-content\/uploads\/2022\/12\/Foto-5-1536x1152.jpg",1536,1152,true],"2048x2048":["https:\/\/fundaciohospitalariesmartorell.org\/entre-tots\/wp-content\/uploads\/2022\/12\/Foto-5.jpg",1600,1200,false],"mailpoet_newsletter_max":["https:\/\/fundaciohospitalariesmartorell.org\/entre-tots\/wp-content\/uploads\/2022\/12\/Foto-5-1320x990.jpg",1320,990,true]},"post_excerpt_stackable_v2":"<p>VICT\u00d2RIA BIARN\u00c9S I MONTSERRAT ESCOBET.&nbsp;Ja fa 16 anys que va n\u00e9ixer a Osona, de la m\u00e0 de la Fundaci\u00f3 Centre M\u00e8dic Psicopedag\u00f2gic, el projecte &#8220;Parelles Art\u00edstiques: Experi\u00e8ncies creatives per la salut mental&#8221;. Enguany han estat sis les comarques participants, essent la cinquena edici\u00f3 de les Parelles Art\u00edstiques al Bergued\u00e0.&nbsp; El projecte s&#8217;organitza des de la comissi\u00f3 de Salut Mental del &#8220;Bergued\u00e0 en Xarxa&#8221;, formada pels serveis assistencials de l&#8217;Hospital Sagrat Cor de Germanes Hospital\u00e0ries (CSMA, HD i SRC ), la Fundaci\u00f3 Grup Horitz\u00f3 del Bergued\u00e0, ASFAM, OTL de l&#8217;Ag\u00e8ncia de Desenvolupament del Bergued\u00e0, CSMIJ, Oficina d&#8217;Inclusi\u00f3 Social del Consell Comarcal&hellip;<\/p>\n","category_list_v2":"<a href=\"https:\/\/fundaciohospitalariesmartorell.org\/entre-tots\/category\/actualitat\/\" rel=\"category tag\">ACTUALITAT<\/a>","author_info_v2":{"name":"Anna Casanovas","url":"https:\/\/fundaciohospitalariesmartorell.org\/entre-tots\/author\/acasanovasr\/"},"comments_num_v2":"0 comments","_links":{"self":[{"href":"https:\/\/fundaciohospitalariesmartorell.org\/entre-tots\/wp-json\/wp\/v2\/posts\/5348","targetHints":{"allow":["GET"]}}],"collection":[{"href":"https:\/\/fundaciohospitalariesmartorell.org\/entre-tots\/wp-json\/wp\/v2\/posts"}],"about":[{"href":"https:\/\/fundaciohospitalariesmartorell.org\/entre-tots\/wp-json\/wp\/v2\/types\/post"}],"author":[{"embeddable":true,"href":"https:\/\/fundaciohospitalariesmartorell.org\/entre-tots\/wp-json\/wp\/v2\/users\/3"}],"replies":[{"embeddable":true,"href":"https:\/\/fundaciohospitalariesmartorell.org\/entre-tots\/wp-json\/wp\/v2\/comments?post=5348"}],"version-history":[{"count":4,"href":"https:\/\/fundaciohospitalariesmartorell.org\/entre-tots\/wp-json\/wp\/v2\/posts\/5348\/revisions"}],"predecessor-version":[{"id":5392,"href":"https:\/\/fundaciohospitalariesmartorell.org\/entre-tots\/wp-json\/wp\/v2\/posts\/5348\/revisions\/5392"}],"wp:featuredmedia":[{"embeddable":true,"href":"https:\/\/fundaciohospitalariesmartorell.org\/entre-tots\/wp-json\/wp\/v2\/media\/5350"}],"wp:attachment":[{"href":"https:\/\/fundaciohospitalariesmartorell.org\/entre-tots\/wp-json\/wp\/v2\/media?parent=5348"}],"wp:term":[{"taxonomy":"category","embeddable":true,"href":"https:\/\/fundaciohospitalariesmartorell.org\/entre-tots\/wp-json\/wp\/v2\/categories?post=5348"},{"taxonomy":"post_tag","embeddable":true,"href":"https:\/\/fundaciohospitalariesmartorell.org\/entre-tots\/wp-json\/wp\/v2\/tags?post=5348"}],"curies":[{"name":"wp","href":"https:\/\/api.w.org\/{rel}","templated":true}]}}