{"id":5361,"date":"2022-12-30T11:00:19","date_gmt":"2022-12-30T09:00:19","guid":{"rendered":"https:\/\/newweb.hospitalsagratcormartorell.org\/entre-tots\/?p=5361"},"modified":"2022-12-30T12:24:02","modified_gmt":"2022-12-30T10:24:02","slug":"celebrem-el-nadal-a-lhospital-sagrat-cor","status":"publish","type":"post","link":"https:\/\/fundaciohospitalariesmartorell.org\/entre-tots\/2022\/12\/celebrem-el-nadal-a-lhospital-sagrat-cor\/","title":{"rendered":"Celebrem el Nadal a l\u2019Hospital Sagrat Cor"},"content":{"rendered":"\n<figure class=\"wp-block-image size-large\"><img loading=\"lazy\" decoding=\"async\" width=\"1024\" height=\"829\" src=\"https:\/\/hospitalsagratcormartorell.org\/entre-tots\/wp-content\/uploads\/2022\/12\/imatge-final-concurs-1024x829.jpg\" alt=\"\" class=\"wp-image-5368\" srcset=\"https:\/\/fundaciohospitalariesmartorell.org\/entre-tots\/wp-content\/uploads\/2022\/12\/imatge-final-concurs-1024x829.jpg 1024w, https:\/\/fundaciohospitalariesmartorell.org\/entre-tots\/wp-content\/uploads\/2022\/12\/imatge-final-concurs-300x243.jpg 300w, https:\/\/fundaciohospitalariesmartorell.org\/entre-tots\/wp-content\/uploads\/2022\/12\/imatge-final-concurs-768x622.jpg 768w, https:\/\/fundaciohospitalariesmartorell.org\/entre-tots\/wp-content\/uploads\/2022\/12\/imatge-final-concurs-1536x1243.jpg 1536w, https:\/\/fundaciohospitalariesmartorell.org\/entre-tots\/wp-content\/uploads\/2022\/12\/imatge-final-concurs-2048x1658.jpg 2048w, https:\/\/fundaciohospitalariesmartorell.org\/entre-tots\/wp-content\/uploads\/2022\/12\/imatge-final-concurs-1320x1068.jpg 1320w\" sizes=\"auto, (max-width: 1024px) 100vw, 1024px\" \/><\/figure>\n\n\n\n<p>El nostre Hospital va celebrar, el 16 de desembre, l\u2019acte institucional de Nadal, congregant el personal col\u00b7laborador i les persones usu\u00e0ries per celebrar, novament i com marca la tradici\u00f3, aquestes dates tan assenyalades.<\/p>\n\n\n\n<figure class=\"wp-block-image alignleft size-large is-resized\"><img loading=\"lazy\" decoding=\"async\" src=\"https:\/\/hospitalsagratcormartorell.org\/entre-tots\/wp-content\/uploads\/2022\/12\/20221216_110920-1024x1024.jpg\" alt=\"\" class=\"wp-image-5369\" width=\"266\" height=\"266\" srcset=\"https:\/\/fundaciohospitalariesmartorell.org\/entre-tots\/wp-content\/uploads\/2022\/12\/20221216_110920-1024x1024.jpg 1024w, https:\/\/fundaciohospitalariesmartorell.org\/entre-tots\/wp-content\/uploads\/2022\/12\/20221216_110920-300x300.jpg 300w, https:\/\/fundaciohospitalariesmartorell.org\/entre-tots\/wp-content\/uploads\/2022\/12\/20221216_110920-150x150.jpg 150w, https:\/\/fundaciohospitalariesmartorell.org\/entre-tots\/wp-content\/uploads\/2022\/12\/20221216_110920-768x768.jpg 768w, https:\/\/fundaciohospitalariesmartorell.org\/entre-tots\/wp-content\/uploads\/2022\/12\/20221216_110920-1536x1536.jpg 1536w, https:\/\/fundaciohospitalariesmartorell.org\/entre-tots\/wp-content\/uploads\/2022\/12\/20221216_110920-2048x2048.jpg 2048w, https:\/\/fundaciohospitalariesmartorell.org\/entre-tots\/wp-content\/uploads\/2022\/12\/20221216_110920-1320x1320.jpg 1320w\" sizes=\"auto, (max-width: 266px) 100vw, 266px\" \/><\/figure>\n\n\n\n<p>La jornada es va iniciar amb una eucaristia a la sala d\u2019actes, oficiada pel Mn. Esteve, durant la qual el coordinador de PAER de l\u2019Hospital, Roberto Narvaiz, va animar les persones assistents a participar en els cants \u2018Preparant el Nadal\u2019. Mn. Esteve va remarcar en el seu serm\u00f3 que la mirada que haur\u00edem de tenir per Nadal, tenint en compte l\u2019escenari de guerra que hi ha al m\u00f3n, \u00e9s la de l\u2019amor com a llum que il\u00b7lumini la pau.<\/p>\n\n\n\n<figure class=\"wp-block-image alignright size-large is-resized\"><img loading=\"lazy\" decoding=\"async\" src=\"https:\/\/hospitalsagratcormartorell.org\/entre-tots\/wp-content\/uploads\/2022\/12\/ofrenes-1024x865.jpg\" alt=\"\" class=\"wp-image-5422\" width=\"277\" height=\"233\" srcset=\"https:\/\/fundaciohospitalariesmartorell.org\/entre-tots\/wp-content\/uploads\/2022\/12\/ofrenes-1024x865.jpg 1024w, https:\/\/fundaciohospitalariesmartorell.org\/entre-tots\/wp-content\/uploads\/2022\/12\/ofrenes-300x253.jpg 300w, https:\/\/fundaciohospitalariesmartorell.org\/entre-tots\/wp-content\/uploads\/2022\/12\/ofrenes-768x649.jpg 768w, https:\/\/fundaciohospitalariesmartorell.org\/entre-tots\/wp-content\/uploads\/2022\/12\/ofrenes-1536x1297.jpg 1536w, https:\/\/fundaciohospitalariesmartorell.org\/entre-tots\/wp-content\/uploads\/2022\/12\/ofrenes-2048x1729.jpg 2048w, https:\/\/fundaciohospitalariesmartorell.org\/entre-tots\/wp-content\/uploads\/2022\/12\/ofrenes-1320x1115.jpg 1320w\" sizes=\"auto, (max-width: 277px) 100vw, 277px\" \/><\/figure>\n\n\n\n<p>A continuaci\u00f3 es van presentar les ofrenes, entre les quals hi havien les felicitacions nadalenques per a les persones usu\u00e0ries del Centre, elaborades per alumnes del Col\u00b7legi Airina; un xec simb\u00f2lic de 750 euros, que \u00e9s la recaptaci\u00f3 obtinguda amb la venda de la loteria solid\u00e0ria de Nadal, la qual es destinar\u00e0 al projecte <a rel=\"noreferrer noopener\" href=\"http:\/\/www.hospitalsagratcormartorell.org\/sala-de-premsa\/noticies\/solidaritat-amb-les-persones-amb-malaltia-mental-sense-sostre-al-camerun.html\" target=\"_blank\">Integraci\u00f3 sociofamiliar i rehabilitaci\u00f3 de persones amb malaltia mental sense sostre a Yaound\u00e9, Camerun<\/a> de la Fundaci\u00f3&nbsp;Benito&nbsp;Menni, i un minut de silenci per la pau al m\u00f3n i per la fi dels conflictes b\u00e8l\u00b7lics existents, especialment, el d\u2019Ucra\u00efna.<\/p>\n\n\n\n<figure class=\"wp-block-image aligncenter size-large is-resized\"><img loading=\"lazy\" decoding=\"async\" src=\"https:\/\/hospitalsagratcormartorell.org\/entre-tots\/wp-content\/uploads\/2022\/12\/Captura-de-pantalla-2022-12-28-a-las-12.25.46-1024x667.png\" alt=\"\" class=\"wp-image-5416\" width=\"602\" height=\"392\" srcset=\"https:\/\/fundaciohospitalariesmartorell.org\/entre-tots\/wp-content\/uploads\/2022\/12\/Captura-de-pantalla-2022-12-28-a-las-12.25.46-1024x667.png 1024w, https:\/\/fundaciohospitalariesmartorell.org\/entre-tots\/wp-content\/uploads\/2022\/12\/Captura-de-pantalla-2022-12-28-a-las-12.25.46-300x196.png 300w, https:\/\/fundaciohospitalariesmartorell.org\/entre-tots\/wp-content\/uploads\/2022\/12\/Captura-de-pantalla-2022-12-28-a-las-12.25.46-768x501.png 768w, https:\/\/fundaciohospitalariesmartorell.org\/entre-tots\/wp-content\/uploads\/2022\/12\/Captura-de-pantalla-2022-12-28-a-las-12.25.46.png 1057w\" sizes=\"auto, (max-width: 602px) 100vw, 602px\" \/><\/figure>\n\n\n\n<p>En el marc de l\u2019acte es van entregar els premis al Concurs de Pessebres i Decoraci\u00f3 Nadalenca 2022 i al I Concurs de Receptes Saludables de Nadal, organitzat per la Comissi\u00f3 de Cuida\u2019t X Cuidar, el projecte d\u2019empresa saludable del Centre, dins de la dimensi\u00f3 \u2018Som el que mengem\u2019.<\/p>\n\n\n\n<p>Pel que fa al <strong>Concurs de Pessebres i Decoraci\u00f3 Nadalenca<\/strong> d\u2019enguany, abans de l\u2019entrega de premis, es va visualitzar un v\u00eddeo-resum de les obres presentades. Podeu veure\u2019l <a href=\"https:\/\/www.youtube.com\/watch?v=ct06J3KpCAc\">AQU\u00cd<\/a>. Sandra P\u00e9rez, terapeuta ocupacional de l\u2019\u00c0rea de Salut Mental de l\u2019Hospital i membre del jurat que va avaluar els treballs d\u2019enguany, va ser l\u2019encarregada de presentar les unitats premiades per categories, les quals van rebre una remuneraci\u00f3 econ\u00f2mica:<\/p>\n\n\n\n<figure class=\"wp-block-image aligncenter size-large is-resized\"><img loading=\"lazy\" decoding=\"async\" src=\"https:\/\/hospitalsagratcormartorell.org\/entre-tots\/wp-content\/uploads\/2022\/12\/Concurs-pessebres-edited.png\" alt=\"\" class=\"wp-image-5420\" width=\"596\" height=\"596\" srcset=\"https:\/\/fundaciohospitalariesmartorell.org\/entre-tots\/wp-content\/uploads\/2022\/12\/Concurs-pessebres-edited.png 1600w, https:\/\/fundaciohospitalariesmartorell.org\/entre-tots\/wp-content\/uploads\/2022\/12\/Concurs-pessebres-edited-300x300.png 300w, https:\/\/fundaciohospitalariesmartorell.org\/entre-tots\/wp-content\/uploads\/2022\/12\/Concurs-pessebres-edited-1024x1024.png 1024w, https:\/\/fundaciohospitalariesmartorell.org\/entre-tots\/wp-content\/uploads\/2022\/12\/Concurs-pessebres-edited-150x150.png 150w, https:\/\/fundaciohospitalariesmartorell.org\/entre-tots\/wp-content\/uploads\/2022\/12\/Concurs-pessebres-edited-768x768.png 768w, https:\/\/fundaciohospitalariesmartorell.org\/entre-tots\/wp-content\/uploads\/2022\/12\/Concurs-pessebres-edited-1536x1536.png 1536w, https:\/\/fundaciohospitalariesmartorell.org\/entre-tots\/wp-content\/uploads\/2022\/12\/Concurs-pessebres-edited-1320x1320.png 1320w\" sizes=\"auto, (max-width: 596px) 100vw, 596px\" \/><\/figure>\n\n\n\n<ul class=\"wp-block-list\">\n<li><strong>Psiquiatria<\/strong><\/li>\n<\/ul>\n\n\n\n<p><strong><span style=\"color: var(--theme-palette-color-1, #8c124e);\" class=\"stk-highlight\">1r premi: RH 1<\/span><\/strong><\/p>\n\n\n\n<p><strong><span style=\"color: var(--theme-palette-color-2, #b36989);\" class=\"stk-highlight\">2n premi: RH 4<\/span><\/strong><\/p>\n\n\n\n<ul class=\"wp-block-list\">\n<li><strong>Centres externs<\/strong><\/li>\n<\/ul>\n\n\n\n<p><strong><span style=\"color: var(--theme-palette-color-1, #8c124e);\" class=\"stk-highlight\">1r premi: SRC de Sant Feliu<\/span><\/strong><\/p>\n\n\n\n<p><strong><span style=\"color: var(--theme-palette-color-2, #b36989);\" class=\"stk-highlight\">2n premi: HD de Berga<\/span><\/strong><\/p>\n\n\n\n<ul class=\"wp-block-list\">\n<li><strong>Psicogeriatria<\/strong><\/li>\n<\/ul>\n\n\n\n<p><strong><span style=\"color: var(--theme-palette-color-1, #8c124e);\" class=\"stk-highlight\">1r premi: compartit entre Conva 0 i 1, i l\u2019HD Sociosanitari de Sant Feliu<\/span><\/strong><\/p>\n\n\n\n<p><strong><span style=\"color: var(--theme-palette-color-2, #b36989);\" class=\"stk-highlight\">2n premi: HD Sociosanitari de l\u2019Hospital Sagrat Cor (Martorell)<\/span><\/strong><\/p>\n\n\n\n<figure class=\"wp-block-image alignleft size-large is-resized\"><img loading=\"lazy\" decoding=\"async\" src=\"https:\/\/hospitalsagratcormartorell.org\/entre-tots\/wp-content\/uploads\/2022\/12\/20221216_124040-1024x928.jpg\" alt=\"\" class=\"wp-image-5373\" width=\"313\" height=\"283\" srcset=\"https:\/\/fundaciohospitalariesmartorell.org\/entre-tots\/wp-content\/uploads\/2022\/12\/20221216_124040-1024x928.jpg 1024w, https:\/\/fundaciohospitalariesmartorell.org\/entre-tots\/wp-content\/uploads\/2022\/12\/20221216_124040-300x272.jpg 300w, https:\/\/fundaciohospitalariesmartorell.org\/entre-tots\/wp-content\/uploads\/2022\/12\/20221216_124040-768x696.jpg 768w, https:\/\/fundaciohospitalariesmartorell.org\/entre-tots\/wp-content\/uploads\/2022\/12\/20221216_124040-1536x1392.jpg 1536w, https:\/\/fundaciohospitalariesmartorell.org\/entre-tots\/wp-content\/uploads\/2022\/12\/20221216_124040-2048x1856.jpg 2048w, https:\/\/fundaciohospitalariesmartorell.org\/entre-tots\/wp-content\/uploads\/2022\/12\/20221216_124040-1320x1196.jpg 1320w\" sizes=\"auto, (max-width: 313px) 100vw, 313px\" \/><\/figure>\n\n\n\n<p>Tot seguit, la directora de l\u2019\u00c0rea de Persones de l\u2019Hospital Sagrat Cor, Hortensia P\u00e9rez, va presentar les persones integrants de la Comissi\u00f3 de Cuida\u2019t X Cuidar, la majoria de les quals van poder estar presents a l\u2019acte, i va felicitar tots els i les participants al <strong>I Concurs de Receptes Saludables de Nadal<\/strong>, al qual es van presentar quince receptes. Els i les art\u00edfexs dels plats premiats per modalitat, els quals van ser valorats per tot el personal col\u00b7laborador, van rebre un val de compra de 100 euros per al Mercat Municipal de Les B\u00f2biles de Martorell:<\/p>\n\n\n\n<ul class=\"wp-block-list\">\n<li><strong><span style=\"color: var(--theme-palette-color-1, #8c124e);\" class=\"stk-highlight\">Premi millor Entrant:<\/span> Jordi Gonz\u00e1lez, per <em><span style=\"color: var(--theme-palette-color-2, #b36989);\" class=\"stk-highlight\">Tartar de salm\u00f3n ahumado con aguacate y mango<\/span><\/em><\/strong><\/li>\n\n\n\n<li><strong><span style=\"color: var(--theme-palette-color-1, #8c124e);\" class=\"stk-highlight\">Premi millor Plat Principal: <\/span>Carolina Merino, per <em><span style=\"color: var(--theme-palette-color-2, #b36989);\" class=\"stk-highlight\">Salm\u00f3n en salsa de calabac\u00edn<\/span><\/em><\/strong><\/li>\n\n\n\n<li><strong><span style=\"color: var(--theme-palette-color-1, #8c124e);\" class=\"stk-highlight\">Premi millor Postre:<\/span> Laia Colell, per <em><span style=\"color: var(--theme-palette-color-2, #b36989);\" class=\"stk-highlight\">La repera de la pera<\/span><\/em><\/strong><\/li>\n<\/ul>\n\n\n\n<figure class=\"wp-block-image size-large\"><img loading=\"lazy\" decoding=\"async\" width=\"1024\" height=\"576\" src=\"https:\/\/hospitalsagratcormartorell.org\/entre-tots\/wp-content\/uploads\/2022\/12\/Concurs-receptes-1024x576.png\" alt=\"\" class=\"wp-image-5418\" srcset=\"https:\/\/fundaciohospitalariesmartorell.org\/entre-tots\/wp-content\/uploads\/2022\/12\/Concurs-receptes-1024x576.png 1024w, https:\/\/fundaciohospitalariesmartorell.org\/entre-tots\/wp-content\/uploads\/2022\/12\/Concurs-receptes-300x169.png 300w, https:\/\/fundaciohospitalariesmartorell.org\/entre-tots\/wp-content\/uploads\/2022\/12\/Concurs-receptes-768x432.png 768w, https:\/\/fundaciohospitalariesmartorell.org\/entre-tots\/wp-content\/uploads\/2022\/12\/Concurs-receptes-1536x864.png 1536w, https:\/\/fundaciohospitalariesmartorell.org\/entre-tots\/wp-content\/uploads\/2022\/12\/Concurs-receptes-1320x743.png 1320w, https:\/\/fundaciohospitalariesmartorell.org\/entre-tots\/wp-content\/uploads\/2022\/12\/Concurs-receptes.png 1920w\" sizes=\"auto, (max-width: 1024px) 100vw, 1024px\" \/><\/figure>\n\n\n\n<p>A continuaci\u00f3, el doctor Jes\u00fas Ezquerra i Sor Isabel Bl\u00e1zquez, director gerent i superiora de l\u2019Hospital Sagrat Cor, respectivament, van ser els encarregats de la felicitaci\u00f3 institucional.<\/p>\n\n\n\n<p>El Dr. Ezquerra va iniciar el seu discurs compartint amb les persones assistents a l\u2019acte el seu sentiment de satisfacci\u00f3 en veure que, per fi, la fam\u00edlia hospital\u00e0ria s\u2019ha pogut retrobar. Tamb\u00e9 es va referir al Nadal com a temps de llum i d\u2019optimisme, i va animar tothom a afrontar la realitat que tenim al davant, que segueix sent complicada -va assenyalar-, amb un optimisme realista.<\/p>\n\n\n\n<figure class=\"wp-block-image aligncenter size-large is-resized\"><img decoding=\"async\" src=\"https:\/\/hospitalsagratcormartorell.org\/entre-tots\/wp-content\/uploads\/2022\/12\/20221216_130120-1-edited.jpg\" alt=\"\" class=\"wp-image-5426\" width=\"603\" srcset=\"https:\/\/fundaciohospitalariesmartorell.org\/entre-tots\/wp-content\/uploads\/2022\/12\/20221216_130120-1-edited.jpg 1308w, https:\/\/fundaciohospitalariesmartorell.org\/entre-tots\/wp-content\/uploads\/2022\/12\/20221216_130120-1-edited-300x225.jpg 300w, https:\/\/fundaciohospitalariesmartorell.org\/entre-tots\/wp-content\/uploads\/2022\/12\/20221216_130120-1-edited-1024x768.jpg 1024w, https:\/\/fundaciohospitalariesmartorell.org\/entre-tots\/wp-content\/uploads\/2022\/12\/20221216_130120-1-edited-768x576.jpg 768w\" sizes=\"(max-width: 1308px) 100vw, 1308px\" \/><\/figure>\n\n\n\n<p>Per la seva banda, Sor Isabel Bl\u00e1zquez va demanar que l\u2019acompany\u00e9s una representaci\u00f3 de la comunitat hospital\u00e0ria (voluntari\/volunt\u00e0ria, professional, germana i usuari\/usu\u00e0ria) per traslladar al p\u00fablic assistent una paraula: agra\u00efment. Agra\u00efment per les ofrenes durant l\u2019eucaristia, agra\u00efment per la participaci\u00f3 als concursos&#8230; i, a partir d\u2019un joc de paraules, es va referir al concurs hospitalari que vivim com a comunitat, on el premi \u00e9s l\u2019Hospitalitat. Sor Isabel va voler posar en valor el creixement imparable de la Congregaci\u00f3 de les Germanes Hospital\u00e0ries per tot el m\u00f3n, a tots aquells indrets on es creu que hi ha una necessitat.<\/p>\n\n\n\n<p>L\u2019acte de celebraci\u00f3 del Nadal al nostre Hospital va finalitzar amb un Aperitiu nadalenc a la cafeteria del Centre.<\/p>\n","protected":false},"excerpt":{"rendered":"<p>El nostre Hospital va celebrar, el 16 de desembre, l\u2019acte institucional de Nadal, congregant el personal col\u00b7laborador i les persones usu\u00e0ries per celebrar, novament i com marca la tradici\u00f3, aquestes dates tan assenyalades. La jornada es va iniciar amb una eucaristia a la sala d\u2019actes, oficiada pel Mn. Esteve, durant la qual el coordinador de [&hellip;]<\/p>\n","protected":false},"author":3,"featured_media":5368,"comment_status":"closed","ping_status":"closed","sticky":false,"template":"","format":"standard","meta":{"footnotes":""},"categories":[27],"tags":[],"class_list":["post-5361","post","type-post","status-publish","format-standard","has-post-thumbnail","hentry","category-actualitat"],"blocksy_meta":{"styles_descriptor":{"styles":{"desktop":"","tablet":"","mobile":""},"google_fonts":[],"version":6}},"featured_image_urls_v2":{"full":["https:\/\/fundaciohospitalariesmartorell.org\/entre-tots\/wp-content\/uploads\/2022\/12\/imatge-final-concurs-scaled.jpg",2560,2072,false],"thumbnail":["https:\/\/fundaciohospitalariesmartorell.org\/entre-tots\/wp-content\/uploads\/2022\/12\/imatge-final-concurs-150x150.jpg",150,150,true],"medium":["https:\/\/fundaciohospitalariesmartorell.org\/entre-tots\/wp-content\/uploads\/2022\/12\/imatge-final-concurs-300x243.jpg",300,243,true],"medium_large":["https:\/\/fundaciohospitalariesmartorell.org\/entre-tots\/wp-content\/uploads\/2022\/12\/imatge-final-concurs-768x622.jpg",768,622,true],"large":["https:\/\/fundaciohospitalariesmartorell.org\/entre-tots\/wp-content\/uploads\/2022\/12\/imatge-final-concurs-1024x829.jpg",1024,829,true],"1536x1536":["https:\/\/fundaciohospitalariesmartorell.org\/entre-tots\/wp-content\/uploads\/2022\/12\/imatge-final-concurs-1536x1243.jpg",1536,1243,true],"2048x2048":["https:\/\/fundaciohospitalariesmartorell.org\/entre-tots\/wp-content\/uploads\/2022\/12\/imatge-final-concurs-2048x1658.jpg",2048,1658,true],"mailpoet_newsletter_max":["https:\/\/fundaciohospitalariesmartorell.org\/entre-tots\/wp-content\/uploads\/2022\/12\/imatge-final-concurs-1320x1068.jpg",1320,1068,true]},"post_excerpt_stackable_v2":"<p>El nostre Hospital va celebrar, el 16 de desembre, l\u2019acte institucional de Nadal, congregant el personal col\u00b7laborador i les persones usu\u00e0ries per celebrar, novament i com marca la tradici\u00f3, aquestes dates tan assenyalades. La jornada es va iniciar amb una eucaristia a la sala d\u2019actes, oficiada pel Mn. Esteve, durant la qual el coordinador de PAER de l\u2019Hospital, Roberto Narvaiz, va animar les persones assistents a participar en els cants \u2018Preparant el Nadal\u2019. Mn. Esteve va remarcar en el seu serm\u00f3 que la mirada que haur\u00edem de tenir per Nadal, tenint en compte l\u2019escenari de guerra que hi ha al&hellip;<\/p>\n","category_list_v2":"<a href=\"https:\/\/fundaciohospitalariesmartorell.org\/entre-tots\/category\/actualitat\/\" rel=\"category tag\">ACTUALITAT<\/a>","author_info_v2":{"name":"Anna Casanovas","url":"https:\/\/fundaciohospitalariesmartorell.org\/entre-tots\/author\/acasanovasr\/"},"comments_num_v2":"0 comments","_links":{"self":[{"href":"https:\/\/fundaciohospitalariesmartorell.org\/entre-tots\/wp-json\/wp\/v2\/posts\/5361","targetHints":{"allow":["GET"]}}],"collection":[{"href":"https:\/\/fundaciohospitalariesmartorell.org\/entre-tots\/wp-json\/wp\/v2\/posts"}],"about":[{"href":"https:\/\/fundaciohospitalariesmartorell.org\/entre-tots\/wp-json\/wp\/v2\/types\/post"}],"author":[{"embeddable":true,"href":"https:\/\/fundaciohospitalariesmartorell.org\/entre-tots\/wp-json\/wp\/v2\/users\/3"}],"replies":[{"embeddable":true,"href":"https:\/\/fundaciohospitalariesmartorell.org\/entre-tots\/wp-json\/wp\/v2\/comments?post=5361"}],"version-history":[{"count":10,"href":"https:\/\/fundaciohospitalariesmartorell.org\/entre-tots\/wp-json\/wp\/v2\/posts\/5361\/revisions"}],"predecessor-version":[{"id":5428,"href":"https:\/\/fundaciohospitalariesmartorell.org\/entre-tots\/wp-json\/wp\/v2\/posts\/5361\/revisions\/5428"}],"wp:featuredmedia":[{"embeddable":true,"href":"https:\/\/fundaciohospitalariesmartorell.org\/entre-tots\/wp-json\/wp\/v2\/media\/5368"}],"wp:attachment":[{"href":"https:\/\/fundaciohospitalariesmartorell.org\/entre-tots\/wp-json\/wp\/v2\/media?parent=5361"}],"wp:term":[{"taxonomy":"category","embeddable":true,"href":"https:\/\/fundaciohospitalariesmartorell.org\/entre-tots\/wp-json\/wp\/v2\/categories?post=5361"},{"taxonomy":"post_tag","embeddable":true,"href":"https:\/\/fundaciohospitalariesmartorell.org\/entre-tots\/wp-json\/wp\/v2\/tags?post=5361"}],"curies":[{"name":"wp","href":"https:\/\/api.w.org\/{rel}","templated":true}]}}