{"id":5380,"date":"2022-12-30T10:52:03","date_gmt":"2022-12-30T08:52:03","guid":{"rendered":"https:\/\/newweb.hospitalsagratcormartorell.org\/entre-tots\/?p=5380"},"modified":"2022-12-30T13:48:51","modified_gmt":"2022-12-30T11:48:51","slug":"repartim-lots-de-nadal-a-tota-la-plantilla-de-lhospital-sagrat-cor","status":"publish","type":"post","link":"https:\/\/fundaciohospitalariesmartorell.org\/entre-tots\/2022\/12\/repartim-lots-de-nadal-a-tota-la-plantilla-de-lhospital-sagrat-cor\/","title":{"rendered":"Repartim lots de Nadal a tota la plantilla de l&#8217;Hospital Sagrat Cor"},"content":{"rendered":"\n<figure class=\"wp-block-image size-large\"><img loading=\"lazy\" decoding=\"async\" width=\"1897\" height=\"1068\" src=\"https:\/\/hospitalsagratcormartorell.org\/entre-tots\/wp-content\/uploads\/2022\/12\/Captura-de-Pantalla-2022-12-29-a-las-13.09.24-edited.png\" alt=\"\" class=\"wp-image-5429\" srcset=\"https:\/\/fundaciohospitalariesmartorell.org\/entre-tots\/wp-content\/uploads\/2022\/12\/Captura-de-Pantalla-2022-12-29-a-las-13.09.24-edited.png 1897w, https:\/\/fundaciohospitalariesmartorell.org\/entre-tots\/wp-content\/uploads\/2022\/12\/Captura-de-Pantalla-2022-12-29-a-las-13.09.24-edited-300x169.png 300w, https:\/\/fundaciohospitalariesmartorell.org\/entre-tots\/wp-content\/uploads\/2022\/12\/Captura-de-Pantalla-2022-12-29-a-las-13.09.24-edited-1024x577.png 1024w, https:\/\/fundaciohospitalariesmartorell.org\/entre-tots\/wp-content\/uploads\/2022\/12\/Captura-de-Pantalla-2022-12-29-a-las-13.09.24-edited-768x432.png 768w, https:\/\/fundaciohospitalariesmartorell.org\/entre-tots\/wp-content\/uploads\/2022\/12\/Captura-de-Pantalla-2022-12-29-a-las-13.09.24-edited-1536x865.png 1536w, https:\/\/fundaciohospitalariesmartorell.org\/entre-tots\/wp-content\/uploads\/2022\/12\/Captura-de-Pantalla-2022-12-29-a-las-13.09.24-edited-1320x743.png 1320w\" sizes=\"auto, (max-width: 1897px) 100vw, 1897px\" \/><\/figure>\n\n\n\n<p>Aquest any s&#8217;ha obsequiat, de manera excepcional, el personal col\u00b7laborador de l&#8217;Hospital Sagrat Cor amb un lot de Nadal.&nbsp;<\/p>\n\n\n\n<p>Aix\u00ed, els dies 13 i 14 de desembre es va poder passar a recollir el lot per la Recepci\u00f3 de l&#8217;Hospital. Per al personal de cap de setmana, el lliurament va ser els dies 17 i 18 de desembre.&nbsp;Aix\u00ed mateix, als equipaments comunitaris es va poder recollir directament a cada Centre.<\/p>\n\n\n\n<p>S&#8217;adjunta el p\u00f2ster que es va preparar per aquesta ocasi\u00f3 tan especial.<\/p>\n\n\n\n<div data-wp-interactive=\"core\/file\" class=\"wp-block-file\"><object data-wp-bind--hidden=\"!state.hasPdfPreview\" hidden class=\"wp-block-file__embed\" data=\"https:\/\/hospitalsagratcormartorell.org\/entre-tots\/wp-content\/uploads\/2022\/12\/cartell_LOT_HSC.pdf\" type=\"application\/pdf\" style=\"width:100%;height:600px\" aria-label=\"Incrustaci\u00f3 del fitxer Document.\"><\/object><a id=\"wp-block-file--media-efc7196d-0240-440a-ae5d-b36d086dac7f\" href=\"https:\/\/hospitalsagratcormartorell.org\/entre-tots\/wp-content\/uploads\/2022\/12\/cartell_LOT_HSC.pdf\">Document<\/a><a href=\"https:\/\/hospitalsagratcormartorell.org\/entre-tots\/wp-content\/uploads\/2022\/12\/cartell_LOT_HSC.pdf\" class=\"wp-block-file__button wp-element-button\" download aria-describedby=\"wp-block-file--media-efc7196d-0240-440a-ae5d-b36d086dac7f\">Descarrega<\/a><\/div>\n","protected":false},"excerpt":{"rendered":"<p>Aquest any s&#8217;ha obsequiat, de manera excepcional, el personal col\u00b7laborador de l&#8217;Hospital Sagrat Cor amb un lot de Nadal.&nbsp; Aix\u00ed, els dies 13 i 14 de desembre es va poder passar a recollir el lot per la Recepci\u00f3 de l&#8217;Hospital. Per al personal de cap de setmana, el lliurament va ser els dies 17 i [&hellip;]<\/p>\n","protected":false},"author":3,"featured_media":5429,"comment_status":"closed","ping_status":"closed","sticky":false,"template":"","format":"standard","meta":{"footnotes":""},"categories":[27],"tags":[],"class_list":["post-5380","post","type-post","status-publish","format-standard","has-post-thumbnail","hentry","category-actualitat"],"blocksy_meta":{"styles_descriptor":{"styles":{"desktop":"","tablet":"","mobile":""},"google_fonts":[],"version":6}},"featured_image_urls_v2":{"full":["https:\/\/fundaciohospitalariesmartorell.org\/entre-tots\/wp-content\/uploads\/2022\/12\/Captura-de-Pantalla-2022-12-29-a-las-13.09.24-edited.png",1897,1068,false],"thumbnail":["https:\/\/fundaciohospitalariesmartorell.org\/entre-tots\/wp-content\/uploads\/2022\/12\/Captura-de-Pantalla-2022-12-29-a-las-13.09.24-edited-150x150.png",150,150,true],"medium":["https:\/\/fundaciohospitalariesmartorell.org\/entre-tots\/wp-content\/uploads\/2022\/12\/Captura-de-Pantalla-2022-12-29-a-las-13.09.24-edited-300x169.png",300,169,true],"medium_large":["https:\/\/fundaciohospitalariesmartorell.org\/entre-tots\/wp-content\/uploads\/2022\/12\/Captura-de-Pantalla-2022-12-29-a-las-13.09.24-edited-768x432.png",768,432,true],"large":["https:\/\/fundaciohospitalariesmartorell.org\/entre-tots\/wp-content\/uploads\/2022\/12\/Captura-de-Pantalla-2022-12-29-a-las-13.09.24-edited-1024x577.png",1024,577,true],"1536x1536":["https:\/\/fundaciohospitalariesmartorell.org\/entre-tots\/wp-content\/uploads\/2022\/12\/Captura-de-Pantalla-2022-12-29-a-las-13.09.24-edited-1536x865.png",1536,865,true],"2048x2048":["https:\/\/fundaciohospitalariesmartorell.org\/entre-tots\/wp-content\/uploads\/2022\/12\/Captura-de-Pantalla-2022-12-29-a-las-13.09.24-edited.png",1897,1068,false],"mailpoet_newsletter_max":["https:\/\/fundaciohospitalariesmartorell.org\/entre-tots\/wp-content\/uploads\/2022\/12\/Captura-de-Pantalla-2022-12-29-a-las-13.09.24-edited-1320x743.png",1320,743,true]},"post_excerpt_stackable_v2":"<p>Aquest any s&#8217;ha obsequiat, de manera excepcional, el personal col\u00b7laborador de l&#8217;Hospital Sagrat Cor amb un lot de Nadal.&nbsp; Aix\u00ed, els dies 13 i 14 de desembre es va poder passar a recollir el lot per la Recepci\u00f3 de l&#8217;Hospital. Per al personal de cap de setmana, el lliurament va ser els dies 17 i 18 de desembre.&nbsp;Aix\u00ed mateix, als equipaments comunitaris es va poder recollir directament a cada Centre. S&#8217;adjunta el p\u00f2ster que es va preparar per aquesta ocasi\u00f3 tan especial. DocumentDescarrega<\/p>\n","category_list_v2":"<a href=\"https:\/\/fundaciohospitalariesmartorell.org\/entre-tots\/category\/actualitat\/\" rel=\"category tag\">ACTUALITAT<\/a>","author_info_v2":{"name":"Anna Casanovas","url":"https:\/\/fundaciohospitalariesmartorell.org\/entre-tots\/author\/acasanovasr\/"},"comments_num_v2":"0 comments","_links":{"self":[{"href":"https:\/\/fundaciohospitalariesmartorell.org\/entre-tots\/wp-json\/wp\/v2\/posts\/5380","targetHints":{"allow":["GET"]}}],"collection":[{"href":"https:\/\/fundaciohospitalariesmartorell.org\/entre-tots\/wp-json\/wp\/v2\/posts"}],"about":[{"href":"https:\/\/fundaciohospitalariesmartorell.org\/entre-tots\/wp-json\/wp\/v2\/types\/post"}],"author":[{"embeddable":true,"href":"https:\/\/fundaciohospitalariesmartorell.org\/entre-tots\/wp-json\/wp\/v2\/users\/3"}],"replies":[{"embeddable":true,"href":"https:\/\/fundaciohospitalariesmartorell.org\/entre-tots\/wp-json\/wp\/v2\/comments?post=5380"}],"version-history":[{"count":3,"href":"https:\/\/fundaciohospitalariesmartorell.org\/entre-tots\/wp-json\/wp\/v2\/posts\/5380\/revisions"}],"predecessor-version":[{"id":5430,"href":"https:\/\/fundaciohospitalariesmartorell.org\/entre-tots\/wp-json\/wp\/v2\/posts\/5380\/revisions\/5430"}],"wp:featuredmedia":[{"embeddable":true,"href":"https:\/\/fundaciohospitalariesmartorell.org\/entre-tots\/wp-json\/wp\/v2\/media\/5429"}],"wp:attachment":[{"href":"https:\/\/fundaciohospitalariesmartorell.org\/entre-tots\/wp-json\/wp\/v2\/media?parent=5380"}],"wp:term":[{"taxonomy":"category","embeddable":true,"href":"https:\/\/fundaciohospitalariesmartorell.org\/entre-tots\/wp-json\/wp\/v2\/categories?post=5380"},{"taxonomy":"post_tag","embeddable":true,"href":"https:\/\/fundaciohospitalariesmartorell.org\/entre-tots\/wp-json\/wp\/v2\/tags?post=5380"}],"curies":[{"name":"wp","href":"https:\/\/api.w.org\/{rel}","templated":true}]}}