{"id":5471,"date":"2023-01-31T20:57:49","date_gmt":"2023-01-31T18:57:49","guid":{"rendered":"https:\/\/newweb.hospitalsagratcormartorell.org\/entre-tots\/?p=5471"},"modified":"2023-01-31T23:47:30","modified_gmt":"2023-01-31T21:47:30","slug":"tomas-castello-nou-coordinador-de-la-unitat-daguts","status":"publish","type":"post","link":"https:\/\/fundaciohospitalariesmartorell.org\/entre-tots\/2023\/01\/tomas-castello-nou-coordinador-de-la-unitat-daguts\/","title":{"rendered":"Tom\u00e1s Castell\u00f3, nou coordinador de la Unitat d\u2019Aguts"},"content":{"rendered":"<figure class=\"wp-block-post-featured-image\"><img loading=\"lazy\" decoding=\"async\" width=\"2277\" height=\"2449\" src=\"https:\/\/fundaciohospitalariesmartorell.org\/entre-tots\/wp-content\/uploads\/2023\/01\/23_01_23_SAGRAT-COR_COORDINADOR-AGUTS-Tomas-Castello.jpg\" class=\"attachment-post-thumbnail size-post-thumbnail wp-post-image\" alt=\"\" style=\"object-fit:cover;\" srcset=\"https:\/\/fundaciohospitalariesmartorell.org\/entre-tots\/wp-content\/uploads\/2023\/01\/23_01_23_SAGRAT-COR_COORDINADOR-AGUTS-Tomas-Castello.jpg 2277w, https:\/\/fundaciohospitalariesmartorell.org\/entre-tots\/wp-content\/uploads\/2023\/01\/23_01_23_SAGRAT-COR_COORDINADOR-AGUTS-Tomas-Castello-279x300.jpg 279w, https:\/\/fundaciohospitalariesmartorell.org\/entre-tots\/wp-content\/uploads\/2023\/01\/23_01_23_SAGRAT-COR_COORDINADOR-AGUTS-Tomas-Castello-952x1024.jpg 952w, https:\/\/fundaciohospitalariesmartorell.org\/entre-tots\/wp-content\/uploads\/2023\/01\/23_01_23_SAGRAT-COR_COORDINADOR-AGUTS-Tomas-Castello-768x826.jpg 768w, https:\/\/fundaciohospitalariesmartorell.org\/entre-tots\/wp-content\/uploads\/2023\/01\/23_01_23_SAGRAT-COR_COORDINADOR-AGUTS-Tomas-Castello-1428x1536.jpg 1428w, https:\/\/fundaciohospitalariesmartorell.org\/entre-tots\/wp-content\/uploads\/2023\/01\/23_01_23_SAGRAT-COR_COORDINADOR-AGUTS-Tomas-Castello-1904x2048.jpg 1904w, https:\/\/fundaciohospitalariesmartorell.org\/entre-tots\/wp-content\/uploads\/2023\/01\/23_01_23_SAGRAT-COR_COORDINADOR-AGUTS-Tomas-Castello-1320x1420.jpg 1320w\" sizes=\"auto, (max-width: 2277px) 100vw, 2277px\" \/><\/figure>\n\n\n<p>El doctor Tom\u00e1s Castell\u00f3, que exercia de coordinador dels serveis d\u2019Urg\u00e8ncies i d\u2019Hospitalitzaci\u00f3 Domicili\u00e0ria de l\u2019Hospital Sagrat Cor, \u00e9s, des del passat 1 de gener, el nou coordinador de la Unitat d\u2019Aguts.&nbsp;&nbsp;<\/p>\n\n\n\n<p>Amb la creaci\u00f3 d\u2019aquest c\u00e0rrec que integra la coordinaci\u00f3 d\u2019aquests tres serveis s\u2019ha volgut potenciar la continu\u00eftat assistencial del\/de la pacient en situaci\u00f3 de crisi millorant la integraci\u00f3 i coordinaci\u00f3 entre la porta d\u2019entrada a l\u2019Hospital, a trav\u00e9s d\u2019Urg\u00e8ncies, la de sortida, la Unitat d\u2019Aguts, i l\u2019hospitalitzaci\u00f3 domicili\u00e0ria, la qual t\u00e9 l\u2019objectiu d\u2019evitar l\u2019hospitalitzaci\u00f3 total o reduir el temps d\u2019ingr\u00e9s. \u201cEl fet d\u2019unir sota un mateix lideratge la coordinaci\u00f3 d\u2019Urg\u00e8ncies i d\u2019Aguts propiciar\u00e0 una millora del flux i tr\u00e0nsit de les persones usu\u00e0ries, pel fet d\u2019optimitzar la gesti\u00f3 dels llits disponibles en el dia a dia, a partir de tenir un major control dels ingressos i les altes\u201d, explica el Dr. Castell\u00f3.&nbsp;<\/p>\n\n\n\n<p>El nou coordinador de la Unitat d\u2019Aguts recorda que els darrers anys, a causa de la pand\u00e8mia de Covid-19, s\u2019han intensificat les situacions de col\u00b7lapse&nbsp;a les&nbsp;urg\u00e8ncies&nbsp;hospital\u00e0ries, aix\u00ed com els ingressos a la Unitat d\u2019Aguts. Per aquest motiu -segons Castell\u00f3- \u00e9s important tenir una visi\u00f3 conjunta que permeti preveure la disponibilitat de llits i facilitar que el flux de pacients sigui m\u00e9s \u00e0gil. \u201cSi a l\u2019equaci\u00f3 incloem l\u2019hospitalitzaci\u00f3 domicili\u00e0ria, aix\u00f2 pot redundar en una optimitzaci\u00f3 de les altes des d\u2019Aguts\u201d, afirma.&nbsp;&nbsp;<\/p>\n\n\n\n<p>\u201cAfronto&nbsp;aquesta nova etapa professional&nbsp;amb&nbsp;il\u00b7lusi\u00f3&nbsp;i motivaci\u00f3 per fer tot all\u00f2 que estigui en les meves mans perqu\u00e8 el circuit funcioni el millor possible i que aix\u00f2 tingui una repercussi\u00f3 en la qualitat de l\u2019assist\u00e8ncia\u201d, assegura Tom\u00e1s Castell\u00f3. \u201cAportar\u00e9 el m\u00e0xim a l\u2019equip i estic segur que, amb la seva col\u00b7laboraci\u00f3, podrem aconseguir totes les fites que ens marquem\u201d.&nbsp;<\/p>\n\n\n\n<p>Al Dr. Castell\u00f3 se li il\u00b7luminen els ulls quan parla dels projectes que ja hi ha en marxa i els quals contribuir\u00e0 a desenvolupar. Un exemple \u00e9s el programa TLP, amb l\u2019establiment d\u2019un protocol d\u2019atenci\u00f3 psicoterap\u00e8utica espec\u00edfica per a aquest col\u00b7lectiu de pacients, gr\u00e0cies a equips multidisciplinaris, que permeti una millora funcional en un temps m\u00e9s redu\u00eft.<\/p>\n","protected":false},"excerpt":{"rendered":"<p>El doctor Tom\u00e1s Castell\u00f3, que exercia de coordinador dels serveis d\u2019Urg\u00e8ncies i d\u2019Hospitalitzaci\u00f3 Domicili\u00e0ria de l\u2019Hospital Sagrat Cor, \u00e9s, des del passat 1 de gener, el nou coordinador de la Unitat d\u2019Aguts.&nbsp;&nbsp; Amb la creaci\u00f3 d\u2019aquest c\u00e0rrec que integra la coordinaci\u00f3 d\u2019aquests tres serveis s\u2019ha volgut potenciar la continu\u00eftat assistencial del\/de la pacient en situaci\u00f3 [&hellip;]<\/p>\n","protected":false},"author":2,"featured_media":5472,"comment_status":"closed","ping_status":"closed","sticky":false,"template":"","format":"standard","meta":{"footnotes":""},"categories":[27],"tags":[],"class_list":["post-5471","post","type-post","status-publish","format-standard","has-post-thumbnail","hentry","category-actualitat"],"blocksy_meta":{"styles_descriptor":{"styles":{"desktop":"","tablet":"","mobile":""},"google_fonts":[],"version":6}},"featured_image_urls_v2":{"full":["https:\/\/fundaciohospitalariesmartorell.org\/entre-tots\/wp-content\/uploads\/2023\/01\/23_01_23_SAGRAT-COR_COORDINADOR-AGUTS-Tomas-Castello.jpg",2277,2449,false],"thumbnail":["https:\/\/fundaciohospitalariesmartorell.org\/entre-tots\/wp-content\/uploads\/2023\/01\/23_01_23_SAGRAT-COR_COORDINADOR-AGUTS-Tomas-Castello-150x150.jpg",150,150,true],"medium":["https:\/\/fundaciohospitalariesmartorell.org\/entre-tots\/wp-content\/uploads\/2023\/01\/23_01_23_SAGRAT-COR_COORDINADOR-AGUTS-Tomas-Castello-279x300.jpg",279,300,true],"medium_large":["https:\/\/fundaciohospitalariesmartorell.org\/entre-tots\/wp-content\/uploads\/2023\/01\/23_01_23_SAGRAT-COR_COORDINADOR-AGUTS-Tomas-Castello-768x826.jpg",768,826,true],"large":["https:\/\/fundaciohospitalariesmartorell.org\/entre-tots\/wp-content\/uploads\/2023\/01\/23_01_23_SAGRAT-COR_COORDINADOR-AGUTS-Tomas-Castello-952x1024.jpg",952,1024,true],"1536x1536":["https:\/\/fundaciohospitalariesmartorell.org\/entre-tots\/wp-content\/uploads\/2023\/01\/23_01_23_SAGRAT-COR_COORDINADOR-AGUTS-Tomas-Castello-1428x1536.jpg",1428,1536,true],"2048x2048":["https:\/\/fundaciohospitalariesmartorell.org\/entre-tots\/wp-content\/uploads\/2023\/01\/23_01_23_SAGRAT-COR_COORDINADOR-AGUTS-Tomas-Castello-1904x2048.jpg",1904,2048,true],"mailpoet_newsletter_max":["https:\/\/fundaciohospitalariesmartorell.org\/entre-tots\/wp-content\/uploads\/2023\/01\/23_01_23_SAGRAT-COR_COORDINADOR-AGUTS-Tomas-Castello-1320x1420.jpg",1320,1420,true]},"post_excerpt_stackable_v2":"<p>El doctor Tom\u00e1s Castell\u00f3, que exercia de coordinador dels serveis d\u2019Urg\u00e8ncies i d\u2019Hospitalitzaci\u00f3 Domicili\u00e0ria de l\u2019Hospital Sagrat Cor, \u00e9s, des del passat 1 de gener, el nou coordinador de la Unitat d\u2019Aguts.&nbsp;&nbsp; Amb la creaci\u00f3 d\u2019aquest c\u00e0rrec que integra la coordinaci\u00f3 d\u2019aquests tres serveis s\u2019ha volgut potenciar la continu\u00eftat assistencial del\/de la pacient en situaci\u00f3 de crisi millorant la integraci\u00f3 i coordinaci\u00f3 entre la porta d\u2019entrada a l\u2019Hospital, a trav\u00e9s d\u2019Urg\u00e8ncies, la de sortida, la Unitat d\u2019Aguts, i l\u2019hospitalitzaci\u00f3 domicili\u00e0ria, la qual t\u00e9 l\u2019objectiu d\u2019evitar l\u2019hospitalitzaci\u00f3 total o reduir el temps d\u2019ingr\u00e9s. \u201cEl fet d\u2019unir sota un mateix lideratge la&hellip;<\/p>\n","category_list_v2":"<a href=\"https:\/\/fundaciohospitalariesmartorell.org\/entre-tots\/category\/actualitat\/\" rel=\"category tag\">ACTUALITAT<\/a>","author_info_v2":{"name":"Sagrat Cor","url":"https:\/\/fundaciohospitalariesmartorell.org\/entre-tots\/author\/daniel\/"},"comments_num_v2":"0 comments","_links":{"self":[{"href":"https:\/\/fundaciohospitalariesmartorell.org\/entre-tots\/wp-json\/wp\/v2\/posts\/5471","targetHints":{"allow":["GET"]}}],"collection":[{"href":"https:\/\/fundaciohospitalariesmartorell.org\/entre-tots\/wp-json\/wp\/v2\/posts"}],"about":[{"href":"https:\/\/fundaciohospitalariesmartorell.org\/entre-tots\/wp-json\/wp\/v2\/types\/post"}],"author":[{"embeddable":true,"href":"https:\/\/fundaciohospitalariesmartorell.org\/entre-tots\/wp-json\/wp\/v2\/users\/2"}],"replies":[{"embeddable":true,"href":"https:\/\/fundaciohospitalariesmartorell.org\/entre-tots\/wp-json\/wp\/v2\/comments?post=5471"}],"version-history":[{"count":1,"href":"https:\/\/fundaciohospitalariesmartorell.org\/entre-tots\/wp-json\/wp\/v2\/posts\/5471\/revisions"}],"predecessor-version":[{"id":5473,"href":"https:\/\/fundaciohospitalariesmartorell.org\/entre-tots\/wp-json\/wp\/v2\/posts\/5471\/revisions\/5473"}],"wp:featuredmedia":[{"embeddable":true,"href":"https:\/\/fundaciohospitalariesmartorell.org\/entre-tots\/wp-json\/wp\/v2\/media\/5472"}],"wp:attachment":[{"href":"https:\/\/fundaciohospitalariesmartorell.org\/entre-tots\/wp-json\/wp\/v2\/media?parent=5471"}],"wp:term":[{"taxonomy":"category","embeddable":true,"href":"https:\/\/fundaciohospitalariesmartorell.org\/entre-tots\/wp-json\/wp\/v2\/categories?post=5471"},{"taxonomy":"post_tag","embeddable":true,"href":"https:\/\/fundaciohospitalariesmartorell.org\/entre-tots\/wp-json\/wp\/v2\/tags?post=5471"}],"curies":[{"name":"wp","href":"https:\/\/api.w.org\/{rel}","templated":true}]}}