{"id":5474,"date":"2023-01-31T20:40:28","date_gmt":"2023-01-31T18:40:28","guid":{"rendered":"https:\/\/newweb.hospitalsagratcormartorell.org\/entre-tots\/?p=5474"},"modified":"2023-01-31T23:47:48","modified_gmt":"2023-01-31T21:47:48","slug":"signat-el-iii-conveni-col-lectiu-de-treball-de-la-sanitat-concertada","status":"publish","type":"post","link":"https:\/\/fundaciohospitalariesmartorell.org\/entre-tots\/2023\/01\/signat-el-iii-conveni-col-lectiu-de-treball-de-la-sanitat-concertada\/","title":{"rendered":"Signat el III Conveni col.lectiu de treball de la sanitat concertada"},"content":{"rendered":"<figure class=\"wp-block-post-featured-image\"><img loading=\"lazy\" decoding=\"async\" width=\"2560\" height=\"1920\" src=\"https:\/\/fundaciohospitalariesmartorell.org\/entre-tots\/wp-content\/uploads\/2023\/01\/23_01_27_ACORD-CONVENI-LABORAL_03-scaled.jpg\" class=\"attachment-post-thumbnail size-post-thumbnail wp-post-image\" alt=\"\" style=\"object-fit:cover;\" srcset=\"https:\/\/fundaciohospitalariesmartorell.org\/entre-tots\/wp-content\/uploads\/2023\/01\/23_01_27_ACORD-CONVENI-LABORAL_03-scaled.jpg 2560w, https:\/\/fundaciohospitalariesmartorell.org\/entre-tots\/wp-content\/uploads\/2023\/01\/23_01_27_ACORD-CONVENI-LABORAL_03-300x225.jpg 300w, https:\/\/fundaciohospitalariesmartorell.org\/entre-tots\/wp-content\/uploads\/2023\/01\/23_01_27_ACORD-CONVENI-LABORAL_03-1024x768.jpg 1024w, https:\/\/fundaciohospitalariesmartorell.org\/entre-tots\/wp-content\/uploads\/2023\/01\/23_01_27_ACORD-CONVENI-LABORAL_03-768x576.jpg 768w, https:\/\/fundaciohospitalariesmartorell.org\/entre-tots\/wp-content\/uploads\/2023\/01\/23_01_27_ACORD-CONVENI-LABORAL_03-1536x1152.jpg 1536w, https:\/\/fundaciohospitalariesmartorell.org\/entre-tots\/wp-content\/uploads\/2023\/01\/23_01_27_ACORD-CONVENI-LABORAL_03-2048x1536.jpg 2048w, https:\/\/fundaciohospitalariesmartorell.org\/entre-tots\/wp-content\/uploads\/2023\/01\/23_01_27_ACORD-CONVENI-LABORAL_03-1320x990.jpg 1320w\" sizes=\"auto, (max-width: 2560px) 100vw, 2560px\" \/><\/figure>\n\n\n<p>Les associacions empresarials Uni\u00f3 Catalana d\u2019Hospitals (La Uni\u00f3), de la qual forma part l\u2019Hospital Sagrat Cor, el Consorci Associaci\u00f3 Patronal Sanit\u00e0ria i Social (CAPSS) i l\u2019Associaci\u00f3 Catalana d\u2019Entitats de Salut (ACES), i els sindicats CCOO, UGT i STATSE van firmar, el passat 17 de gener, el III Conveni col\u00b7lectiu de treball de la sanitat concertada del Sistema Sanitari Integral d\u2019Utilitzaci\u00f3 P\u00fablica de Catalunya (SISCAT) per al per\u00edode 2021-2024.<\/p>\n\n\n\n<div class=\"wp-block-getwid-images-stack is-layout-alpha\"><div class=\"wp-block-getwid-images-stack__wrapper\"><div class=\"wp-block-getwid-images-stack__chunk\"><div class=\"wp-block-getwid-images-stack__media-wrapper\"><div class=\"wp-block-getwid-images-stack__media-inner-wrapper\"><img loading=\"lazy\" decoding=\"async\" width=\"2048\" height=\"1536\" class=\"wp-block-getwid-images-stack__media wp-image-5476\" src=\"https:\/\/hospitalsagratcormartorell.org\/entre-tots\/wp-content\/uploads\/2023\/01\/23_01_27_ACORD-CONVENI-LABORAL_02.jpg\" data-id=\"5476\" data-link=\"https:\/\/hospitalsagratcormartorell.org\/entre-tots\/?attachment_id=5476\" srcset=\"https:\/\/fundaciohospitalariesmartorell.org\/entre-tots\/wp-content\/uploads\/2023\/01\/23_01_27_ACORD-CONVENI-LABORAL_02.jpg 2048w, https:\/\/fundaciohospitalariesmartorell.org\/entre-tots\/wp-content\/uploads\/2023\/01\/23_01_27_ACORD-CONVENI-LABORAL_02-300x225.jpg 300w, https:\/\/fundaciohospitalariesmartorell.org\/entre-tots\/wp-content\/uploads\/2023\/01\/23_01_27_ACORD-CONVENI-LABORAL_02-1024x768.jpg 1024w, https:\/\/fundaciohospitalariesmartorell.org\/entre-tots\/wp-content\/uploads\/2023\/01\/23_01_27_ACORD-CONVENI-LABORAL_02-768x576.jpg 768w, https:\/\/fundaciohospitalariesmartorell.org\/entre-tots\/wp-content\/uploads\/2023\/01\/23_01_27_ACORD-CONVENI-LABORAL_02-1536x1152.jpg 1536w, https:\/\/fundaciohospitalariesmartorell.org\/entre-tots\/wp-content\/uploads\/2023\/01\/23_01_27_ACORD-CONVENI-LABORAL_02-1320x990.jpg 1320w\" sizes=\"auto, (max-width: 2048px) 100vw, 2048px\" \/><\/div><\/div><div class=\"wp-block-getwid-images-stack__media-wrapper\"><div class=\"wp-block-getwid-images-stack__media-inner-wrapper\"><img loading=\"lazy\" decoding=\"async\" width=\"1600\" height=\"720\" class=\"wp-block-getwid-images-stack__media wp-image-5475\" src=\"https:\/\/hospitalsagratcormartorell.org\/entre-tots\/wp-content\/uploads\/2023\/01\/23_01_27_ACORD-CONVENI-LABORAL_01.jpg\" data-id=\"5475\" data-link=\"https:\/\/hospitalsagratcormartorell.org\/entre-tots\/?attachment_id=5475\" srcset=\"https:\/\/fundaciohospitalariesmartorell.org\/entre-tots\/wp-content\/uploads\/2023\/01\/23_01_27_ACORD-CONVENI-LABORAL_01.jpg 1600w, https:\/\/fundaciohospitalariesmartorell.org\/entre-tots\/wp-content\/uploads\/2023\/01\/23_01_27_ACORD-CONVENI-LABORAL_01-300x135.jpg 300w, https:\/\/fundaciohospitalariesmartorell.org\/entre-tots\/wp-content\/uploads\/2023\/01\/23_01_27_ACORD-CONVENI-LABORAL_01-1024x461.jpg 1024w, https:\/\/fundaciohospitalariesmartorell.org\/entre-tots\/wp-content\/uploads\/2023\/01\/23_01_27_ACORD-CONVENI-LABORAL_01-768x346.jpg 768w, https:\/\/fundaciohospitalariesmartorell.org\/entre-tots\/wp-content\/uploads\/2023\/01\/23_01_27_ACORD-CONVENI-LABORAL_01-1536x691.jpg 1536w, https:\/\/fundaciohospitalariesmartorell.org\/entre-tots\/wp-content\/uploads\/2023\/01\/23_01_27_ACORD-CONVENI-LABORAL_01-1320x594.jpg 1320w\" sizes=\"auto, (max-width: 1600px) 100vw, 1600px\" \/><\/div><\/div><\/div><\/div><\/div>\n\n\n\n<p>El\u00a0 nou conveni suposa una millora qualitativa i quantitativa substancial de les condicions laborals dels i les professionals del sistema sanitari concertat i p\u00fablic de Catalunya. Aix\u00ed, entre altres fites destaquen els importants increments retributius per a tots els grups professionals, un r\u00e8gim especial de dedicaci\u00f3 volunt\u00e0ria, el qual permet ampliar la jornada de les infermeres, o noves mesures per a la igualtat de g\u00e8nere. Podeu veure les principals fites <a href=\"http:\/\/www.hospitalsagratcormartorell.org\/documents\/infografia-iii-conveni-siscat.pdf\" target=\"_blank\" rel=\"noreferrer noopener\">en aquesta infogr<\/a><a href=\"https:\/\/hospitalsagratcormartorell.org\/entre-tots\/wp-content\/uploads\/2023\/01\/Infografia_III-Conveni-SISCAT.pdf\" target=\"_blank\" rel=\"noreferrer noopener\">a<\/a><a href=\"http:\/\/www.hospitalsagratcormartorell.org\/documents\/infografia-iii-conveni-siscat.pdf\" target=\"_blank\" rel=\"noreferrer noopener\">fia<\/a>.<\/p>\n\n\n\n<p>El nou text ha estat possible despr\u00e9s de m\u00e9s de dos anys de negociaci\u00f3 i gr\u00e0cies a l&#8217;esfor\u00e7 i comprom\u00eds de les associacions empresarials i sindicats signants. Totes les parts han treballat intensament per arribar a un acord en un context econ\u00f2mic i social especialment complicat, i despr\u00e9s d&#8217;un per\u00edode de pand\u00e8mia que ha evidenciat la necessitat d&#8217;un major reconeixement a les persones que presten serveis al sistema sanitari concertat i p\u00fablic.<\/p>\n\n\n\n<p>Aquest III Conveni col\u00b7lectiu de treball de la sanitat concertada representa un pas endavant cap a l&#8217;harmonitzaci\u00f3 dels convenis dels professionals de tot el sistema p\u00fablic de salut. En aquest sentit, tamb\u00e9 destacar la constituci\u00f3, el passat 11 de gener, de la Taula de treball per harmonitzar les condicions laborals de tots els i les professionals del SISCAT.<\/p>\n\n\n\n<p>Podeu ampliar la informaci\u00f3 <a href=\"https:\/\/www.uch.cat\/documents\/signatura-conveni-siscat-170123.pdf\">aqu\u00ed<\/a>.<\/p>\n","protected":false},"excerpt":{"rendered":"<p>Les associacions empresarials Uni\u00f3 Catalana d\u2019Hospitals (La Uni\u00f3), de la qual forma part l\u2019Hospital Sagrat Cor, el Consorci Associaci\u00f3 Patronal Sanit\u00e0ria i Social (CAPSS) i l\u2019Associaci\u00f3 Catalana d\u2019Entitats de Salut (ACES), i els sindicats CCOO, UGT i STATSE van firmar, el passat 17 de gener, el III Conveni col\u00b7lectiu de treball de la sanitat concertada [&hellip;]<\/p>\n","protected":false},"author":2,"featured_media":5477,"comment_status":"closed","ping_status":"closed","sticky":false,"template":"","format":"standard","meta":{"footnotes":""},"categories":[27],"tags":[],"class_list":["post-5474","post","type-post","status-publish","format-standard","has-post-thumbnail","hentry","category-actualitat"],"blocksy_meta":{"styles_descriptor":{"styles":{"desktop":"","tablet":"","mobile":""},"google_fonts":[],"version":6}},"featured_image_urls_v2":{"full":["https:\/\/fundaciohospitalariesmartorell.org\/entre-tots\/wp-content\/uploads\/2023\/01\/23_01_27_ACORD-CONVENI-LABORAL_03-scaled.jpg",2560,1920,false],"thumbnail":["https:\/\/fundaciohospitalariesmartorell.org\/entre-tots\/wp-content\/uploads\/2023\/01\/23_01_27_ACORD-CONVENI-LABORAL_03-150x150.jpg",150,150,true],"medium":["https:\/\/fundaciohospitalariesmartorell.org\/entre-tots\/wp-content\/uploads\/2023\/01\/23_01_27_ACORD-CONVENI-LABORAL_03-300x225.jpg",300,225,true],"medium_large":["https:\/\/fundaciohospitalariesmartorell.org\/entre-tots\/wp-content\/uploads\/2023\/01\/23_01_27_ACORD-CONVENI-LABORAL_03-768x576.jpg",768,576,true],"large":["https:\/\/fundaciohospitalariesmartorell.org\/entre-tots\/wp-content\/uploads\/2023\/01\/23_01_27_ACORD-CONVENI-LABORAL_03-1024x768.jpg",1024,768,true],"1536x1536":["https:\/\/fundaciohospitalariesmartorell.org\/entre-tots\/wp-content\/uploads\/2023\/01\/23_01_27_ACORD-CONVENI-LABORAL_03-1536x1152.jpg",1536,1152,true],"2048x2048":["https:\/\/fundaciohospitalariesmartorell.org\/entre-tots\/wp-content\/uploads\/2023\/01\/23_01_27_ACORD-CONVENI-LABORAL_03-2048x1536.jpg",2048,1536,true],"mailpoet_newsletter_max":["https:\/\/fundaciohospitalariesmartorell.org\/entre-tots\/wp-content\/uploads\/2023\/01\/23_01_27_ACORD-CONVENI-LABORAL_03-1320x990.jpg",1320,990,true]},"post_excerpt_stackable_v2":"<p>Les associacions empresarials Uni\u00f3 Catalana d\u2019Hospitals (La Uni\u00f3), de la qual forma part l\u2019Hospital Sagrat Cor, el Consorci Associaci\u00f3 Patronal Sanit\u00e0ria i Social (CAPSS) i l\u2019Associaci\u00f3 Catalana d\u2019Entitats de Salut (ACES), i els sindicats CCOO, UGT i STATSE van firmar, el passat 17 de gener, el III Conveni col\u00b7lectiu de treball de la sanitat concertada del Sistema Sanitari Integral d\u2019Utilitzaci\u00f3 P\u00fablica de Catalunya (SISCAT) per al per\u00edode 2021-2024. El\u00a0 nou conveni suposa una millora qualitativa i quantitativa substancial de les condicions laborals dels i les professionals del sistema sanitari concertat i p\u00fablic de Catalunya. Aix\u00ed, entre altres fites destaquen els&hellip;<\/p>\n","category_list_v2":"<a href=\"https:\/\/fundaciohospitalariesmartorell.org\/entre-tots\/category\/actualitat\/\" rel=\"category tag\">ACTUALITAT<\/a>","author_info_v2":{"name":"Sagrat Cor","url":"https:\/\/fundaciohospitalariesmartorell.org\/entre-tots\/author\/daniel\/"},"comments_num_v2":"0 comments","_links":{"self":[{"href":"https:\/\/fundaciohospitalariesmartorell.org\/entre-tots\/wp-json\/wp\/v2\/posts\/5474","targetHints":{"allow":["GET"]}}],"collection":[{"href":"https:\/\/fundaciohospitalariesmartorell.org\/entre-tots\/wp-json\/wp\/v2\/posts"}],"about":[{"href":"https:\/\/fundaciohospitalariesmartorell.org\/entre-tots\/wp-json\/wp\/v2\/types\/post"}],"author":[{"embeddable":true,"href":"https:\/\/fundaciohospitalariesmartorell.org\/entre-tots\/wp-json\/wp\/v2\/users\/2"}],"replies":[{"embeddable":true,"href":"https:\/\/fundaciohospitalariesmartorell.org\/entre-tots\/wp-json\/wp\/v2\/comments?post=5474"}],"version-history":[{"count":2,"href":"https:\/\/fundaciohospitalariesmartorell.org\/entre-tots\/wp-json\/wp\/v2\/posts\/5474\/revisions"}],"predecessor-version":[{"id":5480,"href":"https:\/\/fundaciohospitalariesmartorell.org\/entre-tots\/wp-json\/wp\/v2\/posts\/5474\/revisions\/5480"}],"wp:featuredmedia":[{"embeddable":true,"href":"https:\/\/fundaciohospitalariesmartorell.org\/entre-tots\/wp-json\/wp\/v2\/media\/5477"}],"wp:attachment":[{"href":"https:\/\/fundaciohospitalariesmartorell.org\/entre-tots\/wp-json\/wp\/v2\/media?parent=5474"}],"wp:term":[{"taxonomy":"category","embeddable":true,"href":"https:\/\/fundaciohospitalariesmartorell.org\/entre-tots\/wp-json\/wp\/v2\/categories?post=5474"},{"taxonomy":"post_tag","embeddable":true,"href":"https:\/\/fundaciohospitalariesmartorell.org\/entre-tots\/wp-json\/wp\/v2\/tags?post=5474"}],"curies":[{"name":"wp","href":"https:\/\/api.w.org\/{rel}","templated":true}]}}