{"id":5481,"date":"2023-01-31T20:30:44","date_gmt":"2023-01-31T18:30:44","guid":{"rendered":"https:\/\/newweb.hospitalsagratcormartorell.org\/entre-tots\/?p=5481"},"modified":"2023-01-31T23:47:56","modified_gmt":"2023-01-31T21:47:56","slug":"presentem-el-pga-2023-al-govern-provincial-al-cdp-i-als-consells-de-direccio-dels-centres-de-germanes-hospitalaries-a-catalunya","status":"publish","type":"post","link":"https:\/\/fundaciohospitalariesmartorell.org\/entre-tots\/2023\/01\/presentem-el-pga-2023-al-govern-provincial-al-cdp-i-als-consells-de-direccio-dels-centres-de-germanes-hospitalaries-a-catalunya\/","title":{"rendered":"Presentem el PGA 2023 a Sant Boi de Llobregat"},"content":{"rendered":"<figure class=\"wp-block-post-featured-image\"><img loading=\"lazy\" decoding=\"async\" width=\"1024\" height=\"576\" src=\"https:\/\/fundaciohospitalariesmartorell.org\/entre-tots\/wp-content\/uploads\/2023\/01\/pga-2023.jpeg\" class=\"attachment-post-thumbnail size-post-thumbnail wp-post-image\" alt=\"\" style=\"object-fit:cover;\" srcset=\"https:\/\/fundaciohospitalariesmartorell.org\/entre-tots\/wp-content\/uploads\/2023\/01\/pga-2023.jpeg 1024w, https:\/\/fundaciohospitalariesmartorell.org\/entre-tots\/wp-content\/uploads\/2023\/01\/pga-2023-300x169.jpeg 300w, https:\/\/fundaciohospitalariesmartorell.org\/entre-tots\/wp-content\/uploads\/2023\/01\/pga-2023-768x432.jpeg 768w\" sizes=\"auto, (max-width: 1024px) 100vw, 1024px\" \/><\/figure>\n\n\n<p>Els membres del Consell de Direcci\u00f3 de l&#8217;Hospital Sagrat Cor van presentar, el passat mes de desembre, el PGA 2023 al Govern Provincial, al Consell de Direcci\u00f3 de Prov\u00edncia (CDP) i als Consells de Direcci\u00f3 dels centres de Germanes Hospital\u00e0ries a Catalunya. Era la primera vegada que s\u2019utilitzava aquest format de reuni\u00f3 a Catalunya, l\u2019objectiu del qual \u00e9s fomentar la relaci\u00f3 entre els centres i amb Prov\u00edncia, el coneixement mutu, facilitar l\u2019aprenentatge de la diversitat i aconseguir un sistema m\u00e9s \u00e0gil.<\/p>\n\n\n\n<figure class=\"wp-block-image size-full\"><img loading=\"lazy\" decoding=\"async\" width=\"1024\" height=\"576\" src=\"https:\/\/hospitalsagratcormartorell.org\/entre-tots\/wp-content\/uploads\/2023\/01\/pga-2023-2.jpeg\" alt=\"\" class=\"wp-image-5482\" srcset=\"https:\/\/fundaciohospitalariesmartorell.org\/entre-tots\/wp-content\/uploads\/2023\/01\/pga-2023-2.jpeg 1024w, https:\/\/fundaciohospitalariesmartorell.org\/entre-tots\/wp-content\/uploads\/2023\/01\/pga-2023-2-300x169.jpeg 300w, https:\/\/fundaciohospitalariesmartorell.org\/entre-tots\/wp-content\/uploads\/2023\/01\/pga-2023-2-768x432.jpeg 768w\" sizes=\"auto, (max-width: 1024px) 100vw, 1024px\" \/><\/figure>\n\n\n\n<p>En el marc de la sessi\u00f3, que es va celebrar a Benito Menni CASM (Sant Boi de Llobregat) i va congregar m\u00e9s de quaranta assistents, cada centre de Germanes Hospital\u00e0ries a Catalunya va presentar el balan\u00e7 de l\u2019any que es tancava i tots els membres dels respectius Consells de Direcci\u00f3 van exposar els aspectes m\u00e9s rellevants de l\u2019estrat\u00e8gia de futur.<\/p>\n","protected":false},"excerpt":{"rendered":"<p>Els membres del Consell de Direcci\u00f3 de l&#8217;Hospital Sagrat Cor van presentar, el passat mes de desembre, el PGA 2023 al Govern Provincial, al Consell de Direcci\u00f3 de Prov\u00edncia (CDP) i als Consells de Direcci\u00f3 dels centres de Germanes Hospital\u00e0ries a Catalunya. Era la primera vegada que s\u2019utilitzava aquest format de reuni\u00f3 a Catalunya, l\u2019objectiu [&hellip;]<\/p>\n","protected":false},"author":2,"featured_media":5483,"comment_status":"closed","ping_status":"closed","sticky":false,"template":"","format":"standard","meta":{"footnotes":""},"categories":[27],"tags":[],"class_list":["post-5481","post","type-post","status-publish","format-standard","has-post-thumbnail","hentry","category-actualitat"],"blocksy_meta":{"styles_descriptor":{"styles":{"desktop":"","tablet":"","mobile":""},"google_fonts":[],"version":6}},"featured_image_urls_v2":{"full":["https:\/\/fundaciohospitalariesmartorell.org\/entre-tots\/wp-content\/uploads\/2023\/01\/pga-2023.jpeg",1024,576,false],"thumbnail":["https:\/\/fundaciohospitalariesmartorell.org\/entre-tots\/wp-content\/uploads\/2023\/01\/pga-2023-150x150.jpeg",150,150,true],"medium":["https:\/\/fundaciohospitalariesmartorell.org\/entre-tots\/wp-content\/uploads\/2023\/01\/pga-2023-300x169.jpeg",300,169,true],"medium_large":["https:\/\/fundaciohospitalariesmartorell.org\/entre-tots\/wp-content\/uploads\/2023\/01\/pga-2023-768x432.jpeg",768,432,true],"large":["https:\/\/fundaciohospitalariesmartorell.org\/entre-tots\/wp-content\/uploads\/2023\/01\/pga-2023.jpeg",1024,576,false],"1536x1536":["https:\/\/fundaciohospitalariesmartorell.org\/entre-tots\/wp-content\/uploads\/2023\/01\/pga-2023.jpeg",1024,576,false],"2048x2048":["https:\/\/fundaciohospitalariesmartorell.org\/entre-tots\/wp-content\/uploads\/2023\/01\/pga-2023.jpeg",1024,576,false],"mailpoet_newsletter_max":["https:\/\/fundaciohospitalariesmartorell.org\/entre-tots\/wp-content\/uploads\/2023\/01\/pga-2023.jpeg",1024,576,false]},"post_excerpt_stackable_v2":"<p>Els membres del Consell de Direcci\u00f3 de l&#8217;Hospital Sagrat Cor van presentar, el passat mes de desembre, el PGA 2023 al Govern Provincial, al Consell de Direcci\u00f3 de Prov\u00edncia (CDP) i als Consells de Direcci\u00f3 dels centres de Germanes Hospital\u00e0ries a Catalunya. Era la primera vegada que s\u2019utilitzava aquest format de reuni\u00f3 a Catalunya, l\u2019objectiu del qual \u00e9s fomentar la relaci\u00f3 entre els centres i amb Prov\u00edncia, el coneixement mutu, facilitar l\u2019aprenentatge de la diversitat i aconseguir un sistema m\u00e9s \u00e0gil. En el marc de la sessi\u00f3, que es va celebrar a Benito Menni CASM (Sant Boi de Llobregat) i&hellip;<\/p>\n","category_list_v2":"<a href=\"https:\/\/fundaciohospitalariesmartorell.org\/entre-tots\/category\/actualitat\/\" rel=\"category tag\">ACTUALITAT<\/a>","author_info_v2":{"name":"Sagrat Cor","url":"https:\/\/fundaciohospitalariesmartorell.org\/entre-tots\/author\/daniel\/"},"comments_num_v2":"0 comments","_links":{"self":[{"href":"https:\/\/fundaciohospitalariesmartorell.org\/entre-tots\/wp-json\/wp\/v2\/posts\/5481","targetHints":{"allow":["GET"]}}],"collection":[{"href":"https:\/\/fundaciohospitalariesmartorell.org\/entre-tots\/wp-json\/wp\/v2\/posts"}],"about":[{"href":"https:\/\/fundaciohospitalariesmartorell.org\/entre-tots\/wp-json\/wp\/v2\/types\/post"}],"author":[{"embeddable":true,"href":"https:\/\/fundaciohospitalariesmartorell.org\/entre-tots\/wp-json\/wp\/v2\/users\/2"}],"replies":[{"embeddable":true,"href":"https:\/\/fundaciohospitalariesmartorell.org\/entre-tots\/wp-json\/wp\/v2\/comments?post=5481"}],"version-history":[{"count":2,"href":"https:\/\/fundaciohospitalariesmartorell.org\/entre-tots\/wp-json\/wp\/v2\/posts\/5481\/revisions"}],"predecessor-version":[{"id":5570,"href":"https:\/\/fundaciohospitalariesmartorell.org\/entre-tots\/wp-json\/wp\/v2\/posts\/5481\/revisions\/5570"}],"wp:featuredmedia":[{"embeddable":true,"href":"https:\/\/fundaciohospitalariesmartorell.org\/entre-tots\/wp-json\/wp\/v2\/media\/5483"}],"wp:attachment":[{"href":"https:\/\/fundaciohospitalariesmartorell.org\/entre-tots\/wp-json\/wp\/v2\/media?parent=5481"}],"wp:term":[{"taxonomy":"category","embeddable":true,"href":"https:\/\/fundaciohospitalariesmartorell.org\/entre-tots\/wp-json\/wp\/v2\/categories?post=5481"},{"taxonomy":"post_tag","embeddable":true,"href":"https:\/\/fundaciohospitalariesmartorell.org\/entre-tots\/wp-json\/wp\/v2\/tags?post=5481"}],"curies":[{"name":"wp","href":"https:\/\/api.w.org\/{rel}","templated":true}]}}