{"id":5486,"date":"2023-01-31T20:20:36","date_gmt":"2023-01-31T18:20:36","guid":{"rendered":"https:\/\/newweb.hospitalsagratcormartorell.org\/entre-tots\/?p=5486"},"modified":"2023-01-31T23:48:06","modified_gmt":"2023-01-31T21:48:06","slug":"visita-a-la-casa-del-tibet-en-el-marc-del-taller-de-diversitat-religiosa","status":"publish","type":"post","link":"https:\/\/fundaciohospitalariesmartorell.org\/entre-tots\/2023\/01\/visita-a-la-casa-del-tibet-en-el-marc-del-taller-de-diversitat-religiosa\/","title":{"rendered":"Visita a la Casa del Tibet en el marc del Taller de Diversitat Religiosa"},"content":{"rendered":"<figure class=\"wp-block-post-featured-image\"><img loading=\"lazy\" decoding=\"async\" width=\"1855\" height=\"1295\" src=\"https:\/\/fundaciohospitalariesmartorell.org\/entre-tots\/wp-content\/uploads\/2023\/01\/23_01_24_SAGART-COR_TALLER-DIVERSITAT-RELIGIOSA_04.jpeg\" class=\"attachment-post-thumbnail size-post-thumbnail wp-post-image\" alt=\"\" style=\"object-fit:cover;\" srcset=\"https:\/\/fundaciohospitalariesmartorell.org\/entre-tots\/wp-content\/uploads\/2023\/01\/23_01_24_SAGART-COR_TALLER-DIVERSITAT-RELIGIOSA_04.jpeg 1855w, https:\/\/fundaciohospitalariesmartorell.org\/entre-tots\/wp-content\/uploads\/2023\/01\/23_01_24_SAGART-COR_TALLER-DIVERSITAT-RELIGIOSA_04-300x209.jpeg 300w, https:\/\/fundaciohospitalariesmartorell.org\/entre-tots\/wp-content\/uploads\/2023\/01\/23_01_24_SAGART-COR_TALLER-DIVERSITAT-RELIGIOSA_04-1024x715.jpeg 1024w, https:\/\/fundaciohospitalariesmartorell.org\/entre-tots\/wp-content\/uploads\/2023\/01\/23_01_24_SAGART-COR_TALLER-DIVERSITAT-RELIGIOSA_04-768x536.jpeg 768w, https:\/\/fundaciohospitalariesmartorell.org\/entre-tots\/wp-content\/uploads\/2023\/01\/23_01_24_SAGART-COR_TALLER-DIVERSITAT-RELIGIOSA_04-1536x1072.jpeg 1536w, https:\/\/fundaciohospitalariesmartorell.org\/entre-tots\/wp-content\/uploads\/2023\/01\/23_01_24_SAGART-COR_TALLER-DIVERSITAT-RELIGIOSA_04-1320x922.jpeg 1320w\" sizes=\"auto, (max-width: 1855px) 100vw, 1855px\" \/><\/figure>\n\n\n<p>El Servei PAER de l&#8217;Hospital Sagrat Cor du a terme un taller per con\u00e8ixer la diversitat de diferents tradicions religioses. L&#8217;activitat s&#8217;adre\u00e7a a persones usu\u00e0ries de l&#8217;SRC de Sant Feliu de Llobregat. Al novembre es va fer la part te\u00f2rica del taller, en qu\u00e8 es van explicar festes, llocs, s\u00edmbols i caracter\u00edstiques de diferents tradicions religioses, i ara ha comen\u00e7at la part pr\u00e0ctica amb la visita a diferents centres de culte. La primera va ser el 13 de gener passat, a la Casa del Tibet.<\/p>\n\n\n\n<figure class=\"wp-block-image size-large\"><img loading=\"lazy\" decoding=\"async\" width=\"1024\" height=\"768\" src=\"https:\/\/hospitalsagratcormartorell.org\/entre-tots\/wp-content\/uploads\/2023\/01\/23_01_24_SAGART-COR_TALLER-DIVERSITAT-RELIGIOSA_08-1024x768.jpeg\" alt=\"\" class=\"wp-image-5494\" srcset=\"https:\/\/fundaciohospitalariesmartorell.org\/entre-tots\/wp-content\/uploads\/2023\/01\/23_01_24_SAGART-COR_TALLER-DIVERSITAT-RELIGIOSA_08-1024x768.jpeg 1024w, https:\/\/fundaciohospitalariesmartorell.org\/entre-tots\/wp-content\/uploads\/2023\/01\/23_01_24_SAGART-COR_TALLER-DIVERSITAT-RELIGIOSA_08-300x225.jpeg 300w, https:\/\/fundaciohospitalariesmartorell.org\/entre-tots\/wp-content\/uploads\/2023\/01\/23_01_24_SAGART-COR_TALLER-DIVERSITAT-RELIGIOSA_08-768x576.jpeg 768w, https:\/\/fundaciohospitalariesmartorell.org\/entre-tots\/wp-content\/uploads\/2023\/01\/23_01_24_SAGART-COR_TALLER-DIVERSITAT-RELIGIOSA_08-1536x1152.jpeg 1536w, https:\/\/fundaciohospitalariesmartorell.org\/entre-tots\/wp-content\/uploads\/2023\/01\/23_01_24_SAGART-COR_TALLER-DIVERSITAT-RELIGIOSA_08-1320x990.jpeg 1320w, https:\/\/fundaciohospitalariesmartorell.org\/entre-tots\/wp-content\/uploads\/2023\/01\/23_01_24_SAGART-COR_TALLER-DIVERSITAT-RELIGIOSA_08.jpeg 2048w\" sizes=\"auto, (max-width: 1024px) 100vw, 1024px\" \/><\/figure>\n\n\n\n<p>En aquesta visita un monjo budista va acollir els i les participants del taller i durant dues hores els va explicar i hi va compartir temes del m\u00f3n budista. \u00abAquest taller t\u00e9 com a objectiu donar a con\u00e8ixer la diversitat religiosa per trencar prejudicis i fomentar el creixement personal des del respecte a la pluralitat de creences\u00bb, explica Roberto Narvaiz, coordinador de PAER del Centre i organitzador del taller.<\/p>\n\n\n\n<p>A m\u00e9s del budisme, el taller tamb\u00e9 aborda el judaisme, l&#8217;islam i el cristianisme i est\u00e0 previst que s&#8217;acabi al juny d&#8217;aquest any.<\/p>\n","protected":false},"excerpt":{"rendered":"<p>El Servei PAER de l&#8217;Hospital Sagrat Cor du a terme un taller per con\u00e8ixer la diversitat de diferents tradicions religioses. L&#8217;activitat s&#8217;adre\u00e7a a persones usu\u00e0ries de l&#8217;SRC de Sant Feliu de Llobregat. Al novembre es va fer la part te\u00f2rica del taller, en qu\u00e8 es van explicar festes, llocs, s\u00edmbols i caracter\u00edstiques de diferents tradicions [&hellip;]<\/p>\n","protected":false},"author":2,"featured_media":5490,"comment_status":"closed","ping_status":"closed","sticky":false,"template":"","format":"standard","meta":{"footnotes":""},"categories":[27],"tags":[],"class_list":["post-5486","post","type-post","status-publish","format-standard","has-post-thumbnail","hentry","category-actualitat"],"blocksy_meta":{"styles_descriptor":{"styles":{"desktop":"","tablet":"","mobile":""},"google_fonts":[],"version":6}},"featured_image_urls_v2":{"full":["https:\/\/fundaciohospitalariesmartorell.org\/entre-tots\/wp-content\/uploads\/2023\/01\/23_01_24_SAGART-COR_TALLER-DIVERSITAT-RELIGIOSA_04.jpeg",1855,1295,false],"thumbnail":["https:\/\/fundaciohospitalariesmartorell.org\/entre-tots\/wp-content\/uploads\/2023\/01\/23_01_24_SAGART-COR_TALLER-DIVERSITAT-RELIGIOSA_04-150x150.jpeg",150,150,true],"medium":["https:\/\/fundaciohospitalariesmartorell.org\/entre-tots\/wp-content\/uploads\/2023\/01\/23_01_24_SAGART-COR_TALLER-DIVERSITAT-RELIGIOSA_04-300x209.jpeg",300,209,true],"medium_large":["https:\/\/fundaciohospitalariesmartorell.org\/entre-tots\/wp-content\/uploads\/2023\/01\/23_01_24_SAGART-COR_TALLER-DIVERSITAT-RELIGIOSA_04-768x536.jpeg",768,536,true],"large":["https:\/\/fundaciohospitalariesmartorell.org\/entre-tots\/wp-content\/uploads\/2023\/01\/23_01_24_SAGART-COR_TALLER-DIVERSITAT-RELIGIOSA_04-1024x715.jpeg",1024,715,true],"1536x1536":["https:\/\/fundaciohospitalariesmartorell.org\/entre-tots\/wp-content\/uploads\/2023\/01\/23_01_24_SAGART-COR_TALLER-DIVERSITAT-RELIGIOSA_04-1536x1072.jpeg",1536,1072,true],"2048x2048":["https:\/\/fundaciohospitalariesmartorell.org\/entre-tots\/wp-content\/uploads\/2023\/01\/23_01_24_SAGART-COR_TALLER-DIVERSITAT-RELIGIOSA_04.jpeg",1855,1295,false],"mailpoet_newsletter_max":["https:\/\/fundaciohospitalariesmartorell.org\/entre-tots\/wp-content\/uploads\/2023\/01\/23_01_24_SAGART-COR_TALLER-DIVERSITAT-RELIGIOSA_04-1320x922.jpeg",1320,922,true]},"post_excerpt_stackable_v2":"<p>El Servei PAER de l&#8217;Hospital Sagrat Cor du a terme un taller per con\u00e8ixer la diversitat de diferents tradicions religioses. L&#8217;activitat s&#8217;adre\u00e7a a persones usu\u00e0ries de l&#8217;SRC de Sant Feliu de Llobregat. Al novembre es va fer la part te\u00f2rica del taller, en qu\u00e8 es van explicar festes, llocs, s\u00edmbols i caracter\u00edstiques de diferents tradicions religioses, i ara ha comen\u00e7at la part pr\u00e0ctica amb la visita a diferents centres de culte. La primera va ser el 13 de gener passat, a la Casa del Tibet. En aquesta visita un monjo budista va acollir els i les participants del taller i&hellip;<\/p>\n","category_list_v2":"<a href=\"https:\/\/fundaciohospitalariesmartorell.org\/entre-tots\/category\/actualitat\/\" rel=\"category tag\">ACTUALITAT<\/a>","author_info_v2":{"name":"Sagrat Cor","url":"https:\/\/fundaciohospitalariesmartorell.org\/entre-tots\/author\/daniel\/"},"comments_num_v2":"0 comments","_links":{"self":[{"href":"https:\/\/fundaciohospitalariesmartorell.org\/entre-tots\/wp-json\/wp\/v2\/posts\/5486","targetHints":{"allow":["GET"]}}],"collection":[{"href":"https:\/\/fundaciohospitalariesmartorell.org\/entre-tots\/wp-json\/wp\/v2\/posts"}],"about":[{"href":"https:\/\/fundaciohospitalariesmartorell.org\/entre-tots\/wp-json\/wp\/v2\/types\/post"}],"author":[{"embeddable":true,"href":"https:\/\/fundaciohospitalariesmartorell.org\/entre-tots\/wp-json\/wp\/v2\/users\/2"}],"replies":[{"embeddable":true,"href":"https:\/\/fundaciohospitalariesmartorell.org\/entre-tots\/wp-json\/wp\/v2\/comments?post=5486"}],"version-history":[{"count":5,"href":"https:\/\/fundaciohospitalariesmartorell.org\/entre-tots\/wp-json\/wp\/v2\/posts\/5486\/revisions"}],"predecessor-version":[{"id":5569,"href":"https:\/\/fundaciohospitalariesmartorell.org\/entre-tots\/wp-json\/wp\/v2\/posts\/5486\/revisions\/5569"}],"wp:featuredmedia":[{"embeddable":true,"href":"https:\/\/fundaciohospitalariesmartorell.org\/entre-tots\/wp-json\/wp\/v2\/media\/5490"}],"wp:attachment":[{"href":"https:\/\/fundaciohospitalariesmartorell.org\/entre-tots\/wp-json\/wp\/v2\/media?parent=5486"}],"wp:term":[{"taxonomy":"category","embeddable":true,"href":"https:\/\/fundaciohospitalariesmartorell.org\/entre-tots\/wp-json\/wp\/v2\/categories?post=5486"},{"taxonomy":"post_tag","embeddable":true,"href":"https:\/\/fundaciohospitalariesmartorell.org\/entre-tots\/wp-json\/wp\/v2\/tags?post=5486"}],"curies":[{"name":"wp","href":"https:\/\/api.w.org\/{rel}","templated":true}]}}