{"id":5499,"date":"2023-01-31T20:10:46","date_gmt":"2023-01-31T18:10:46","guid":{"rendered":"https:\/\/newweb.hospitalsagratcormartorell.org\/entre-tots\/?p=5499"},"modified":"2023-01-31T23:48:18","modified_gmt":"2023-01-31T21:48:18","slug":"hola","status":"publish","type":"post","link":"https:\/\/fundaciohospitalariesmartorell.org\/entre-tots\/2023\/01\/hola\/","title":{"rendered":"Mat\u00edas Vergel rep el set\u00e8 Premi Alfredo Rego"},"content":{"rendered":"<figure class=\"wp-block-post-featured-image\"><img loading=\"lazy\" decoding=\"async\" width=\"1280\" height=\"1243\" src=\"https:\/\/fundaciohospitalariesmartorell.org\/entre-tots\/wp-content\/uploads\/2023\/01\/23_01_23_SAGRAT-COR_7-Premio-Rego.jpg\" class=\"attachment-post-thumbnail size-post-thumbnail wp-post-image\" alt=\"\" style=\"object-fit:cover;\" srcset=\"https:\/\/fundaciohospitalariesmartorell.org\/entre-tots\/wp-content\/uploads\/2023\/01\/23_01_23_SAGRAT-COR_7-Premio-Rego.jpg 1280w, https:\/\/fundaciohospitalariesmartorell.org\/entre-tots\/wp-content\/uploads\/2023\/01\/23_01_23_SAGRAT-COR_7-Premio-Rego-300x291.jpg 300w, https:\/\/fundaciohospitalariesmartorell.org\/entre-tots\/wp-content\/uploads\/2023\/01\/23_01_23_SAGRAT-COR_7-Premio-Rego-1024x994.jpg 1024w, https:\/\/fundaciohospitalariesmartorell.org\/entre-tots\/wp-content\/uploads\/2023\/01\/23_01_23_SAGRAT-COR_7-Premio-Rego-768x746.jpg 768w\" sizes=\"auto, (max-width: 1280px) 100vw, 1280px\" \/><\/figure>\n\n\n<p>Un any m\u00e9s l&#8217;Hospital Sagrat Cor ha organitzat una nova entrega del Premi Alfredo Rego, que arriba a la setena edici\u00f3. En aquesta ocasi\u00f3 s&#8217;ha volgut recon\u00e8ixer la comunicaci\u00f3 docent presentada per Mat\u00edas Vergel, resident de psicologia de l&#8217;Hospital Sagrat Cor, el t\u00edtol de la qual \u00e9s \u00abUn acostament a la psicooncologia\u00bb. El doctor Fernando Boatas, cap d\u2019estudis i coordinador d\u2019Atenci\u00f3 Comunit\u00e0ria en Salut Mental de l\u2019Hospital Sagrat Cor, va ser l\u2019encarregat d\u2019entregar-li el reconeixement, el passat 18 de gener.<\/p>\n\n\n\n<p>En aquest treball, Vergel explica la seva experi\u00e8ncia com a resident a la rotaci\u00f3 que va dur a terme a l&#8217;Institut Catal\u00e0 d&#8217;Oncologia (ICO) de Bellvitge, al Departament de Psicooncologia. Concretament, Vergel va participar en un grup amb supervivents de c\u00e0ncer en una tasca d&#8217;acompanyament emocional i d&#8217;ajuda a reprendre les rutines di\u00e0ries despr\u00e9s de superar aquesta malaltia.<\/p>\n\n\n\n<p>\u00abPer mi va ser bonic poder explicar una rotaci\u00f3 molt complicada emocionalment, en qu\u00e8 t&#8217;enfrontes cara a cara amb una malaltia molt dura, on la mort \u00e9s molt present\u00bb, explica el mateix Mat\u00edas Vergel, que tamb\u00e9 considera important poder compartir aquestes experi\u00e8ncies amb les seves companyes i companys, i contribuir en el seu aprenentatge.<\/p>\n\n\n\n<p>El Premi Alfredo Rego est\u00e0 impulsat per la Comissi\u00f3 de Doc\u00e8ncia de l\u2019Hospital Sagrat Cor, per tal de recon\u00e8ixer la tasca dels i les professionals en formaci\u00f3 i fomentar, aix\u00ed, l\u2019activitat docent, un dels eixos estrat\u00e8gics de la Instituci\u00f3, her\u00e8ncia de qui va ser el primer director m\u00e8dic del nostre Centre.<\/p>\n\n\n\n<p>Us facilitem l&#8217;enlla\u00e7 a la not\u00edcia publicada per Martorell Digital, la qual recull declaracions de Mat\u00edas Vergel a R\u00e0dio Martorell. Podeu trobar-la&nbsp;<a href=\"https:\/\/martorelldigital.cat\/matias-vergel-rep-el-7e-premi-alfredo-rego-de-lhospital-sagrat-cor\/\" target=\"_blank\" rel=\"noreferrer noopener\">aqu\u00ed<\/a>.<\/p>\n","protected":false},"excerpt":{"rendered":"<p>Un any m\u00e9s l&#8217;Hospital Sagrat Cor ha organitzat una nova entrega del Premi Alfredo Rego, que arriba a la setena edici\u00f3. En aquesta ocasi\u00f3 s&#8217;ha volgut recon\u00e8ixer la comunicaci\u00f3 docent presentada per Mat\u00edas Vergel, resident de psicologia de l&#8217;Hospital Sagrat Cor, el t\u00edtol de la qual \u00e9s \u00abUn acostament a la psicooncologia\u00bb. El doctor Fernando [&hellip;]<\/p>\n","protected":false},"author":2,"featured_media":5503,"comment_status":"closed","ping_status":"closed","sticky":false,"template":"","format":"standard","meta":{"footnotes":""},"categories":[27],"tags":[],"class_list":["post-5499","post","type-post","status-publish","format-standard","has-post-thumbnail","hentry","category-actualitat"],"blocksy_meta":{"styles_descriptor":{"styles":{"desktop":"","tablet":"","mobile":""},"google_fonts":[],"version":6}},"featured_image_urls_v2":{"full":["https:\/\/fundaciohospitalariesmartorell.org\/entre-tots\/wp-content\/uploads\/2023\/01\/23_01_23_SAGRAT-COR_7-Premio-Rego.jpg",1280,1243,false],"thumbnail":["https:\/\/fundaciohospitalariesmartorell.org\/entre-tots\/wp-content\/uploads\/2023\/01\/23_01_23_SAGRAT-COR_7-Premio-Rego-150x150.jpg",150,150,true],"medium":["https:\/\/fundaciohospitalariesmartorell.org\/entre-tots\/wp-content\/uploads\/2023\/01\/23_01_23_SAGRAT-COR_7-Premio-Rego-300x291.jpg",300,291,true],"medium_large":["https:\/\/fundaciohospitalariesmartorell.org\/entre-tots\/wp-content\/uploads\/2023\/01\/23_01_23_SAGRAT-COR_7-Premio-Rego-768x746.jpg",768,746,true],"large":["https:\/\/fundaciohospitalariesmartorell.org\/entre-tots\/wp-content\/uploads\/2023\/01\/23_01_23_SAGRAT-COR_7-Premio-Rego-1024x994.jpg",1024,994,true],"1536x1536":["https:\/\/fundaciohospitalariesmartorell.org\/entre-tots\/wp-content\/uploads\/2023\/01\/23_01_23_SAGRAT-COR_7-Premio-Rego.jpg",1280,1243,false],"2048x2048":["https:\/\/fundaciohospitalariesmartorell.org\/entre-tots\/wp-content\/uploads\/2023\/01\/23_01_23_SAGRAT-COR_7-Premio-Rego.jpg",1280,1243,false],"mailpoet_newsletter_max":["https:\/\/fundaciohospitalariesmartorell.org\/entre-tots\/wp-content\/uploads\/2023\/01\/23_01_23_SAGRAT-COR_7-Premio-Rego.jpg",1280,1243,false]},"post_excerpt_stackable_v2":"<p>Un any m\u00e9s l&#8217;Hospital Sagrat Cor ha organitzat una nova entrega del Premi Alfredo Rego, que arriba a la setena edici\u00f3. En aquesta ocasi\u00f3 s&#8217;ha volgut recon\u00e8ixer la comunicaci\u00f3 docent presentada per Mat\u00edas Vergel, resident de psicologia de l&#8217;Hospital Sagrat Cor, el t\u00edtol de la qual \u00e9s \u00abUn acostament a la psicooncologia\u00bb. El doctor Fernando Boatas, cap d\u2019estudis i coordinador d\u2019Atenci\u00f3 Comunit\u00e0ria en Salut Mental de l\u2019Hospital Sagrat Cor, va ser l\u2019encarregat d\u2019entregar-li el reconeixement, el passat 18 de gener. En aquest treball, Vergel explica la seva experi\u00e8ncia com a resident a la rotaci\u00f3 que va dur a terme a&hellip;<\/p>\n","category_list_v2":"<a href=\"https:\/\/fundaciohospitalariesmartorell.org\/entre-tots\/category\/actualitat\/\" rel=\"category tag\">ACTUALITAT<\/a>","author_info_v2":{"name":"Sagrat Cor","url":"https:\/\/fundaciohospitalariesmartorell.org\/entre-tots\/author\/daniel\/"},"comments_num_v2":"0 comments","_links":{"self":[{"href":"https:\/\/fundaciohospitalariesmartorell.org\/entre-tots\/wp-json\/wp\/v2\/posts\/5499","targetHints":{"allow":["GET"]}}],"collection":[{"href":"https:\/\/fundaciohospitalariesmartorell.org\/entre-tots\/wp-json\/wp\/v2\/posts"}],"about":[{"href":"https:\/\/fundaciohospitalariesmartorell.org\/entre-tots\/wp-json\/wp\/v2\/types\/post"}],"author":[{"embeddable":true,"href":"https:\/\/fundaciohospitalariesmartorell.org\/entre-tots\/wp-json\/wp\/v2\/users\/2"}],"replies":[{"embeddable":true,"href":"https:\/\/fundaciohospitalariesmartorell.org\/entre-tots\/wp-json\/wp\/v2\/comments?post=5499"}],"version-history":[{"count":2,"href":"https:\/\/fundaciohospitalariesmartorell.org\/entre-tots\/wp-json\/wp\/v2\/posts\/5499\/revisions"}],"predecessor-version":[{"id":5504,"href":"https:\/\/fundaciohospitalariesmartorell.org\/entre-tots\/wp-json\/wp\/v2\/posts\/5499\/revisions\/5504"}],"wp:featuredmedia":[{"embeddable":true,"href":"https:\/\/fundaciohospitalariesmartorell.org\/entre-tots\/wp-json\/wp\/v2\/media\/5503"}],"wp:attachment":[{"href":"https:\/\/fundaciohospitalariesmartorell.org\/entre-tots\/wp-json\/wp\/v2\/media?parent=5499"}],"wp:term":[{"taxonomy":"category","embeddable":true,"href":"https:\/\/fundaciohospitalariesmartorell.org\/entre-tots\/wp-json\/wp\/v2\/categories?post=5499"},{"taxonomy":"post_tag","embeddable":true,"href":"https:\/\/fundaciohospitalariesmartorell.org\/entre-tots\/wp-json\/wp\/v2\/tags?post=5499"}],"curies":[{"name":"wp","href":"https:\/\/api.w.org\/{rel}","templated":true}]}}