{"id":5505,"date":"2023-01-31T20:00:05","date_gmt":"2023-01-31T18:00:05","guid":{"rendered":"https:\/\/newweb.hospitalsagratcormartorell.org\/entre-tots\/?p=5505"},"modified":"2023-01-31T23:48:39","modified_gmt":"2023-01-31T21:48:39","slug":"els-reis-mags-dorient-visiten-lhospital-sagrat-cor","status":"publish","type":"post","link":"https:\/\/fundaciohospitalariesmartorell.org\/entre-tots\/2023\/01\/els-reis-mags-dorient-visiten-lhospital-sagrat-cor\/","title":{"rendered":"Els Reis Mags d\u2019Orient visiten l\u2019Hospital Sagrat Cor"},"content":{"rendered":"<figure class=\"wp-block-post-featured-image\"><img loading=\"lazy\" decoding=\"async\" width=\"601\" height=\"600\" src=\"https:\/\/fundaciohospitalariesmartorell.org\/entre-tots\/wp-content\/uploads\/2023\/01\/2023_01_05_SAGRAT-COR_VISITA-REIS-MAGS_01.jpeg\" class=\"attachment-post-thumbnail size-post-thumbnail wp-post-image\" alt=\"\" style=\"object-fit:cover;\" srcset=\"https:\/\/fundaciohospitalariesmartorell.org\/entre-tots\/wp-content\/uploads\/2023\/01\/2023_01_05_SAGRAT-COR_VISITA-REIS-MAGS_01.jpeg 601w, https:\/\/fundaciohospitalariesmartorell.org\/entre-tots\/wp-content\/uploads\/2023\/01\/2023_01_05_SAGRAT-COR_VISITA-REIS-MAGS_01-300x300.jpeg 300w, https:\/\/fundaciohospitalariesmartorell.org\/entre-tots\/wp-content\/uploads\/2023\/01\/2023_01_05_SAGRAT-COR_VISITA-REIS-MAGS_01-150x150.jpeg 150w\" sizes=\"auto, (max-width: 601px) 100vw, 601px\" \/><\/figure>\n\n\n<p>Encara que els Reis Mags estan molt enfeinats el dia 5, enguany vam poder recuperar la tradici\u00f3 que es mant\u00e9 des de fa m\u00e9s de trenta anys i l&#8217;Hospital Sagrat Cor va ser la primera parada en el seu llarg cam\u00ed.<\/p>\n\n\n\n<p>Aix\u00ed, Melcior, Gaspar i Baltasar, junt amb el patge Viu-Viu, van venir al nostre Centre per tal de repartir il\u00b7lusi\u00f3 entre tota la comunitat hospital\u00e0ria. A l&#8217;efem\u00e8ride tampoc va faltar l&#8217;alcalde de Martorell, Xavier Fonollosa, acompanyat de regidores i regidors de l&#8217;Ajuntament de la ciutat.<\/p>\n\n\n\n<p>Ses Majestats i el patge Viu-Viu van omplir d&#8217;il\u00b7lusi\u00f3 una sala d&#8217;actes plena de persones usu\u00e0ries, professionals, familiars, germanes i, sobretot, nens i nenes. A l&#8217;escenari els esperava la superiora de l&#8217;Hospital Sagrat Cor, sor Isabel Bl\u00e1zquez, qui els va donar la benvinguda i va assenyalar que el seu pas pel Centre \u201crefor\u00e7a el nostre comprom\u00eds de seguir oferint una atenci\u00f3 a la persona necessitada plena d&#8217;humanitat i ci\u00e8ncia\u201d. Tamb\u00e9 els va fer la sol\u00b7licitud especial de portar al papa Benet XVI, el funeral del qual se celebrava aquell mateix dia a Roma, un missatge en nom de l&#8217;Hospital Sagrat Cor i de la comunitat hospital\u00e0ria: \u201cVolem agrair-li el b\u00e9 que ha fet al llarg de tota la seva vida i demanar-li que ens acompanyi sempre\u201d.<\/p>\n\n\n\n<p>A continuaci\u00f3 va tenir lloc l&#8217;ofrena de la llum, per part d&#8217;un nen, i la lectura, de la m\u00e0 d&#8217;una nena, d&#8217;un escrit on feia una petici\u00f3 en pres\u00e8ncia dels Reis Mags: \u201cQue la llum de Jes\u00fas ens acompanyi sempre, il\u00b7lumini els nostres passos, els nostres dubtes, les nostres pors i que ens apropi al cam\u00ed de la pau, de la toler\u00e0ncia\u201d. \u201cQue aquesta llum sigui benestar i salut per a tots, per a una societat que aculli i comprengui persones diferents, aquelles m\u00e9s febles&#8230; que aquesta llum es faci vida en cadasc\u00fa de nosaltres i puguem il\u00b7luminar el cam\u00ed de les altres persones\u201d, va demanar.<\/p>\n\n\n\n<p>Tot seguit, el patge Viu-Viu va agrair les boniques paraules que s&#8217;acabaven de pronunciar i es va mostrar molt content de poder tornar a recuperar aquesta visita hist\u00f2rica a l&#8217;Hospital Sagrat Cor durant la vig\u00edlia de Reis, aix\u00ed com les abra\u00e7ades en moments tan m\u00e0gics. Despr\u00e9s del discurs del patge Viu-Viu, Ses Majestats van recollir els desitjos i repartir bosses de caramels a les persones usu\u00e0ries i als nens i nenes que es van acostar a saludar-los. Des d&#8217;aqu\u00ed agrair als i les professionals que van acompanyar usu\u00e0ries i usuaris amb mobilitat redu\u00efda perqu\u00e8 poguessin intercanviar unes paraules amb els Reis Mags.<\/p>\n\n\n\n<figure class=\"wp-block-gallery has-nested-images columns-2 is-cropped wp-block-gallery-1 is-layout-flex wp-block-gallery-is-layout-flex\">\n<figure class=\"wp-block-image size-full\"><img loading=\"lazy\" decoding=\"async\" width=\"650\" height=\"557\" data-id=\"5507\" src=\"https:\/\/hospitalsagratcormartorell.org\/entre-tots\/wp-content\/uploads\/2023\/01\/2023_01_05_SAGRAT-COR_VISITA-REIS-MAGS_02.jpeg\" alt=\"\" class=\"wp-image-5507\" srcset=\"https:\/\/fundaciohospitalariesmartorell.org\/entre-tots\/wp-content\/uploads\/2023\/01\/2023_01_05_SAGRAT-COR_VISITA-REIS-MAGS_02.jpeg 650w, https:\/\/fundaciohospitalariesmartorell.org\/entre-tots\/wp-content\/uploads\/2023\/01\/2023_01_05_SAGRAT-COR_VISITA-REIS-MAGS_02-300x257.jpeg 300w\" sizes=\"auto, (max-width: 650px) 100vw, 650px\" \/><\/figure>\n\n\n\n<figure class=\"wp-block-image size-full\"><img loading=\"lazy\" decoding=\"async\" width=\"600\" height=\"600\" data-id=\"5508\" src=\"https:\/\/hospitalsagratcormartorell.org\/entre-tots\/wp-content\/uploads\/2023\/01\/2023_01_05_SAGRAT-COR_VISITA-REIS-MAGS_03.jpeg\" alt=\"\" class=\"wp-image-5508\" srcset=\"https:\/\/fundaciohospitalariesmartorell.org\/entre-tots\/wp-content\/uploads\/2023\/01\/2023_01_05_SAGRAT-COR_VISITA-REIS-MAGS_03.jpeg 600w, https:\/\/fundaciohospitalariesmartorell.org\/entre-tots\/wp-content\/uploads\/2023\/01\/2023_01_05_SAGRAT-COR_VISITA-REIS-MAGS_03-300x300.jpeg 300w, https:\/\/fundaciohospitalariesmartorell.org\/entre-tots\/wp-content\/uploads\/2023\/01\/2023_01_05_SAGRAT-COR_VISITA-REIS-MAGS_03-150x150.jpeg 150w\" sizes=\"auto, (max-width: 600px) 100vw, 600px\" \/><\/figure>\n\n\n\n<figure class=\"wp-block-image size-full\"><img loading=\"lazy\" decoding=\"async\" width=\"650\" height=\"453\" data-id=\"5509\" src=\"https:\/\/hospitalsagratcormartorell.org\/entre-tots\/wp-content\/uploads\/2023\/01\/2023_01_05_SAGRAT-COR_VISITA-REIS-MAGS_04.jpeg\" alt=\"\" class=\"wp-image-5509\" srcset=\"https:\/\/fundaciohospitalariesmartorell.org\/entre-tots\/wp-content\/uploads\/2023\/01\/2023_01_05_SAGRAT-COR_VISITA-REIS-MAGS_04.jpeg 650w, https:\/\/fundaciohospitalariesmartorell.org\/entre-tots\/wp-content\/uploads\/2023\/01\/2023_01_05_SAGRAT-COR_VISITA-REIS-MAGS_04-300x209.jpeg 300w\" sizes=\"auto, (max-width: 650px) 100vw, 650px\" \/><\/figure>\n<\/figure>\n\n\n\n<p>Des de l&#8217;Hospital Sagrat Cor es va muntar una paradeta a l&#8217;entrada de la sala d&#8217;actes, on es van vendre les polseres solid\u00e0ries amb el <a href=\"http:\/\/www.hospitalsagratcormartorell.org\/sala-de-premsa\/noticies\/solidaritat-amb-les-persones-amb-malaltia-mental-sense-sostre-al-camerun.html\">projecte de la Fundaci\u00f3 Benito Menni a Yaound\u00e9 (Camerun), adre\u00e7at a ajudar persones amb malaltia mental sense sostre<\/a>. Algunes d&#8217;aquestes polseres es van donar als representants del Consistori que van acudir aquella tarda a l&#8217;Hospital.<\/p>\n\n\n\n<p>Una vegada finalitzat l&#8217;acte, els Reis Mags van fer una visita a la Unitat de Convalesc\u00e8ncia i Cures Pal\u00b7liatives del Centre arrencant somriures entre tots els i les pacients i, tamb\u00e9, professionals.<\/p>\n\n\n\n<figure class=\"wp-block-gallery has-nested-images columns-2 is-cropped wp-block-gallery-2 is-layout-flex wp-block-gallery-is-layout-flex\">\n<figure class=\"wp-block-image size-full\"><img loading=\"lazy\" decoding=\"async\" width=\"600\" height=\"600\" data-id=\"5510\" src=\"https:\/\/hospitalsagratcormartorell.org\/entre-tots\/wp-content\/uploads\/2023\/01\/2023_01_05_SAGRAT-COR_VISITA-REIS-MAGS_05.jpeg\" alt=\"\" class=\"wp-image-5510\" srcset=\"https:\/\/fundaciohospitalariesmartorell.org\/entre-tots\/wp-content\/uploads\/2023\/01\/2023_01_05_SAGRAT-COR_VISITA-REIS-MAGS_05.jpeg 600w, https:\/\/fundaciohospitalariesmartorell.org\/entre-tots\/wp-content\/uploads\/2023\/01\/2023_01_05_SAGRAT-COR_VISITA-REIS-MAGS_05-300x300.jpeg 300w, https:\/\/fundaciohospitalariesmartorell.org\/entre-tots\/wp-content\/uploads\/2023\/01\/2023_01_05_SAGRAT-COR_VISITA-REIS-MAGS_05-150x150.jpeg 150w\" sizes=\"auto, (max-width: 600px) 100vw, 600px\" \/><\/figure>\n<\/figure>\n","protected":false},"excerpt":{"rendered":"<p>Encara que els Reis Mags estan molt enfeinats el dia 5, enguany vam poder recuperar la tradici\u00f3 que es mant\u00e9 des de fa m\u00e9s de trenta anys i l&#8217;Hospital Sagrat Cor va ser la primera parada en el seu llarg cam\u00ed. Aix\u00ed, Melcior, Gaspar i Baltasar, junt amb el patge Viu-Viu, van venir al nostre [&hellip;]<\/p>\n","protected":false},"author":2,"featured_media":5506,"comment_status":"closed","ping_status":"closed","sticky":false,"template":"","format":"standard","meta":{"footnotes":""},"categories":[27],"tags":[],"class_list":["post-5505","post","type-post","status-publish","format-standard","has-post-thumbnail","hentry","category-actualitat"],"blocksy_meta":{"styles_descriptor":{"styles":{"desktop":"","tablet":"","mobile":""},"google_fonts":[],"version":6}},"featured_image_urls_v2":{"full":["https:\/\/fundaciohospitalariesmartorell.org\/entre-tots\/wp-content\/uploads\/2023\/01\/2023_01_05_SAGRAT-COR_VISITA-REIS-MAGS_01.jpeg",601,600,false],"thumbnail":["https:\/\/fundaciohospitalariesmartorell.org\/entre-tots\/wp-content\/uploads\/2023\/01\/2023_01_05_SAGRAT-COR_VISITA-REIS-MAGS_01-150x150.jpeg",150,150,true],"medium":["https:\/\/fundaciohospitalariesmartorell.org\/entre-tots\/wp-content\/uploads\/2023\/01\/2023_01_05_SAGRAT-COR_VISITA-REIS-MAGS_01-300x300.jpeg",300,300,true],"medium_large":["https:\/\/fundaciohospitalariesmartorell.org\/entre-tots\/wp-content\/uploads\/2023\/01\/2023_01_05_SAGRAT-COR_VISITA-REIS-MAGS_01.jpeg",601,600,false],"large":["https:\/\/fundaciohospitalariesmartorell.org\/entre-tots\/wp-content\/uploads\/2023\/01\/2023_01_05_SAGRAT-COR_VISITA-REIS-MAGS_01.jpeg",601,600,false],"1536x1536":["https:\/\/fundaciohospitalariesmartorell.org\/entre-tots\/wp-content\/uploads\/2023\/01\/2023_01_05_SAGRAT-COR_VISITA-REIS-MAGS_01.jpeg",601,600,false],"2048x2048":["https:\/\/fundaciohospitalariesmartorell.org\/entre-tots\/wp-content\/uploads\/2023\/01\/2023_01_05_SAGRAT-COR_VISITA-REIS-MAGS_01.jpeg",601,600,false],"mailpoet_newsletter_max":["https:\/\/fundaciohospitalariesmartorell.org\/entre-tots\/wp-content\/uploads\/2023\/01\/2023_01_05_SAGRAT-COR_VISITA-REIS-MAGS_01.jpeg",601,600,false]},"post_excerpt_stackable_v2":"<p>Encara que els Reis Mags estan molt enfeinats el dia 5, enguany vam poder recuperar la tradici\u00f3 que es mant\u00e9 des de fa m\u00e9s de trenta anys i l&#8217;Hospital Sagrat Cor va ser la primera parada en el seu llarg cam\u00ed. Aix\u00ed, Melcior, Gaspar i Baltasar, junt amb el patge Viu-Viu, van venir al nostre Centre per tal de repartir il\u00b7lusi\u00f3 entre tota la comunitat hospital\u00e0ria. A l&#8217;efem\u00e8ride tampoc va faltar l&#8217;alcalde de Martorell, Xavier Fonollosa, acompanyat de regidores i regidors de l&#8217;Ajuntament de la ciutat. Ses Majestats i el patge Viu-Viu van omplir d&#8217;il\u00b7lusi\u00f3 una sala d&#8217;actes plena de&hellip;<\/p>\n","category_list_v2":"<a href=\"https:\/\/fundaciohospitalariesmartorell.org\/entre-tots\/category\/actualitat\/\" rel=\"category tag\">ACTUALITAT<\/a>","author_info_v2":{"name":"Sagrat Cor","url":"https:\/\/fundaciohospitalariesmartorell.org\/entre-tots\/author\/daniel\/"},"comments_num_v2":"0 comments","_links":{"self":[{"href":"https:\/\/fundaciohospitalariesmartorell.org\/entre-tots\/wp-json\/wp\/v2\/posts\/5505","targetHints":{"allow":["GET"]}}],"collection":[{"href":"https:\/\/fundaciohospitalariesmartorell.org\/entre-tots\/wp-json\/wp\/v2\/posts"}],"about":[{"href":"https:\/\/fundaciohospitalariesmartorell.org\/entre-tots\/wp-json\/wp\/v2\/types\/post"}],"author":[{"embeddable":true,"href":"https:\/\/fundaciohospitalariesmartorell.org\/entre-tots\/wp-json\/wp\/v2\/users\/2"}],"replies":[{"embeddable":true,"href":"https:\/\/fundaciohospitalariesmartorell.org\/entre-tots\/wp-json\/wp\/v2\/comments?post=5505"}],"version-history":[{"count":2,"href":"https:\/\/fundaciohospitalariesmartorell.org\/entre-tots\/wp-json\/wp\/v2\/posts\/5505\/revisions"}],"predecessor-version":[{"id":5513,"href":"https:\/\/fundaciohospitalariesmartorell.org\/entre-tots\/wp-json\/wp\/v2\/posts\/5505\/revisions\/5513"}],"wp:featuredmedia":[{"embeddable":true,"href":"https:\/\/fundaciohospitalariesmartorell.org\/entre-tots\/wp-json\/wp\/v2\/media\/5506"}],"wp:attachment":[{"href":"https:\/\/fundaciohospitalariesmartorell.org\/entre-tots\/wp-json\/wp\/v2\/media?parent=5505"}],"wp:term":[{"taxonomy":"category","embeddable":true,"href":"https:\/\/fundaciohospitalariesmartorell.org\/entre-tots\/wp-json\/wp\/v2\/categories?post=5505"},{"taxonomy":"post_tag","embeddable":true,"href":"https:\/\/fundaciohospitalariesmartorell.org\/entre-tots\/wp-json\/wp\/v2\/tags?post=5505"}],"curies":[{"name":"wp","href":"https:\/\/api.w.org\/{rel}","templated":true}]}}