{"id":5514,"date":"2023-01-31T20:05:49","date_gmt":"2023-01-31T18:05:49","guid":{"rendered":"https:\/\/newweb.hospitalsagratcormartorell.org\/entre-tots\/?p=5514"},"modified":"2023-01-31T21:19:19","modified_gmt":"2023-01-31T19:19:19","slug":"lus-de-les-xarxes-socials-a-lhospital-de-dia-dadolescents-de-martorell","status":"publish","type":"post","link":"https:\/\/fundaciohospitalariesmartorell.org\/entre-tots\/2023\/01\/lus-de-les-xarxes-socials-a-lhospital-de-dia-dadolescents-de-martorell\/","title":{"rendered":"L\u2019\u00fas de les xarxes socials a l\u2019Hospital de Dia d&#8217;Adolescents de Martorell"},"content":{"rendered":"<figure class=\"wp-block-post-featured-image\"><img loading=\"lazy\" decoding=\"async\" width=\"1072\" height=\"700\" src=\"https:\/\/fundaciohospitalariesmartorell.org\/entre-tots\/wp-content\/uploads\/2023\/01\/blog.png\" class=\"attachment-post-thumbnail size-post-thumbnail wp-post-image\" alt=\"\" style=\"object-fit:cover;\" srcset=\"https:\/\/fundaciohospitalariesmartorell.org\/entre-tots\/wp-content\/uploads\/2023\/01\/blog.png 1072w, https:\/\/fundaciohospitalariesmartorell.org\/entre-tots\/wp-content\/uploads\/2023\/01\/blog-300x196.png 300w, https:\/\/fundaciohospitalariesmartorell.org\/entre-tots\/wp-content\/uploads\/2023\/01\/blog-1024x669.png 1024w, https:\/\/fundaciohospitalariesmartorell.org\/entre-tots\/wp-content\/uploads\/2023\/01\/blog-768x501.png 768w\" sizes=\"auto, (max-width: 1072px) 100vw, 1072px\" \/><\/figure>\n\n\n<p>Adolescents i xarxes socials \u00e9s un binomi del qual s\u2019ha parlat molt darrerament, sobretot, pels seus efectes negatius en la salut mental de les persones joves. Tanmateix, \u00e9s important no oblidar que l\u2019\u00fas de les xarxes tamb\u00e9 t\u00e9 conseq\u00fc\u00e8ncies positives en el proc\u00e9s de desenvolupament d\u2019aquest col\u00b7lectiu, el qual est\u00e0 forjant la seva identitat, per exemple, ajudant la persona a expressar-se i explorar qui&nbsp;\u00e9s, aix\u00ed com a establir relacions socials.<\/p>\n\n\n\n<p>L\u2019Hospital de Dia d\u2019Adolescents de Martorell, que pertany a l\u2019Hospital Sagrat Cor, utilitza les xarxes socials des de fa anys, un \u00fas que es va intensificar durant la pand\u00e8mia de Covid-19 i que va permetre mitigar el distanciament f\u00edsic i va aportar confort emocional.<\/p>\n\n\n\n<p>Jose Castillo, psic\u00f2leg d\u2019aquest recurs assistencial, explica que el mar\u00e7 de 2020 es va rellan\u00e7ar un blog (<a href=\"https:\/\/hdijhermanashospitalarias.wordpress.com\/\">https:\/\/hdijhermanashospitalarias.wordpress.com\/<\/a>) que s\u2019havia creat a un del taller relacionat amb temes de comunicaci\u00f3 que oferia l\u2019Hospital: \u201cLa pand\u00e8mia ens va portar a transformar aquest blog en una plataforma que permet\u00e9s tenir una relaci\u00f3 entre els i les professionals de l\u2019Hospital de Dia i les persones usu\u00e0ries, que inclogu\u00e9s un xat i que serv\u00eds per comunicar el que s\u2019estava realitzant a l\u2019Hospital i que les persones usu\u00e0ries tamb\u00e9 ens poguessin traslladar all\u00f2 que feien a casa seva\u201d, recorda el psic\u00f2leg.<\/p>\n\n\n\n<p>Aix\u00ed, aquest canal de comunicaci\u00f3 s\u2019alimenta amb una regularitat d\u2019una o dues entrades a la setmana, sempre amb la supervisi\u00f3 dels continguts per part dels i les professionals de l\u2019Hospital de Dia d\u2019Adolescents de Martorell. Un exemple dels continguts del blog \u00e9s el taller centrat en l\u2019hort o les rutes que es fan al taller de bicicletes, tal i com explica Jose Castillo en el seg\u00fcent v\u00eddeo:<\/p>\n\n\n\n<div class=\"wp-block-stackable-video-popup stk-block-video-popup stk-block stk-07815e2\" data-video=\"https:\/\/youtu.be\/Md40zmDG4BI\" data-block-id=\"07815e2\"><button class=\"stk-block-video-popup__overlay stk-row stk-inner-blocks stk-block-content stk-hover-parent\" aria-label=\"Play Video\">\n<div class=\"wp-block-stackable-image stk-block-image stk-block stk-dc748af\" data-block-id=\"dc748af\"><figure class=\"stk-img-wrapper stk-image--shape-stretch\"><img loading=\"lazy\" decoding=\"async\" class=\"stk-img wp-image-5519\" src=\"https:\/\/hospitalsagratcormartorell.org\/entre-tots\/wp-content\/uploads\/2023\/01\/enllac-video-blog.png\" width=\"1164\" height=\"794\" srcset=\"https:\/\/fundaciohospitalariesmartorell.org\/entre-tots\/wp-content\/uploads\/2023\/01\/enllac-video-blog.png 1164w, https:\/\/fundaciohospitalariesmartorell.org\/entre-tots\/wp-content\/uploads\/2023\/01\/enllac-video-blog-300x205.png 300w, https:\/\/fundaciohospitalariesmartorell.org\/entre-tots\/wp-content\/uploads\/2023\/01\/enllac-video-blog-1024x699.png 1024w, https:\/\/fundaciohospitalariesmartorell.org\/entre-tots\/wp-content\/uploads\/2023\/01\/enllac-video-blog-768x524.png 768w\" sizes=\"auto, (max-width: 1164px) 100vw, 1164px\" \/><\/figure><\/div>\n<\/button><\/div>\n\n\n\n<p>A banda del rellan\u00e7ament del blog, durant la pand\u00e8mia tamb\u00e9 es va obrir, amb la mateixa finalitat de crear un nou canal de comunicaci\u00f3, un compte a Instagram, que \u00e9s una de les xarxes m\u00e9s utilitzades pels joves d\u2019avui dia. En concret, es va posar en funcionament al mes de novembre de 2020 i, fins a dia d\u2019avui, la xarxa social de fotografia es nodreix de contingut elaborat pels mateixos usuaris i usu\u00e0ries, tamb\u00e9 supervisat pels i per les professionals del recurs assistencial.<\/p>\n\n\n\n<p>El canal d\u2019Instagram de l\u2019Hospital de Dia d\u2019Adolescents es gestiona des del m\u00f2bil de l\u2019Hospital i s\u2019alimenta d\u2019imatges que expliquen el dia a dia dels tallers que es duen a terme, com \u00e9s el cas del taller de bicis o el de r\u00e0dio, aquest \u00faltim, iniciat durant la pand\u00e8mia i el qual es realitzava mitjan\u00e7ant la plataforma zoom, fruit del desig de les persones usu\u00e0ries d\u2019explicar com estaven:<\/p>\n\n\n\n<div class=\"wp-block-stackable-video-popup stk-block-video-popup stk-block stk-cc0d95b\" data-video=\"https:\/\/youtu.be\/pMC-hV0zeKU\" data-block-id=\"cc0d95b\"><button class=\"stk-block-video-popup__overlay stk-row stk-inner-blocks stk-block-content stk-hover-parent\" aria-label=\"Play Video\">\n<div class=\"wp-block-stackable-image stk-block-image stk-block stk-af3f472\" data-block-id=\"af3f472\"><figure class=\"stk-img-wrapper stk-image--shape-stretch\"><img loading=\"lazy\" decoding=\"async\" class=\"stk-img wp-image-5520\" src=\"https:\/\/hospitalsagratcormartorell.org\/entre-tots\/wp-content\/uploads\/2023\/01\/enllac-video-instagram.png\" width=\"1409\" height=\"952\" srcset=\"https:\/\/fundaciohospitalariesmartorell.org\/entre-tots\/wp-content\/uploads\/2023\/01\/enllac-video-instagram.png 1409w, https:\/\/fundaciohospitalariesmartorell.org\/entre-tots\/wp-content\/uploads\/2023\/01\/enllac-video-instagram-300x203.png 300w, https:\/\/fundaciohospitalariesmartorell.org\/entre-tots\/wp-content\/uploads\/2023\/01\/enllac-video-instagram-1024x692.png 1024w, https:\/\/fundaciohospitalariesmartorell.org\/entre-tots\/wp-content\/uploads\/2023\/01\/enllac-video-instagram-768x519.png 768w, https:\/\/fundaciohospitalariesmartorell.org\/entre-tots\/wp-content\/uploads\/2023\/01\/enllac-video-instagram-1320x892.png 1320w\" sizes=\"auto, (max-width: 1409px) 100vw, 1409px\" \/><\/figure><\/div>\n<\/button><\/div>\n\n\n\n<p>Per la seva banda, Soledad&nbsp;Bermann, psic\u00f2loga de l\u2019Hospital de Dia d&#8217;Adolescents&nbsp;de Martorell, afirma, en la mateixa l\u00ednia que el Jose, que la pand\u00e8mia i les xarxes socials han estat uns elements als quals l\u2019Hospital s\u2019ha hagut d\u2019adaptar els darrers temps. \u201cLa comunicaci\u00f3 <em>on-line<\/em> va ser clau per poder mantenir la relaci\u00f3 professional-persona usu\u00e0ria al llarg de la crisi sanit\u00e0ria i les xarxes socials hi van tenir un pes destacat, ja que \u00e9s un \u00e0mbit que genera molt inter\u00e8s entre les persones joves\u201d, assegura.<\/p>\n\n\n\n<p>L\u2019audiovisual forma part, tamb\u00e9, del contingut habitual que consumeixen els nois i les noies. En aquest sentit, la psic\u00f2loga explica que una de les activitats que es van dur a terme en pand\u00e8mia, i que va tenir molt \u00e8xit, va ser la realitzaci\u00f3 d\u2019un curtmetratge, on persones usu\u00e0ries van encarregar-se de tot el proc\u00e9s, des de la realitzaci\u00f3 del gui\u00f3 fins a la gravaci\u00f3 i l\u2019edici\u00f3, gr\u00e0cies a l\u2019ajuda d\u2019una psic\u00f2loga, la Sara, que tenia coneixements t\u00e8cnics sobre el g\u00e8nere teatral, i de la Ver\u00f2nica, una monitora que va aportar les seves habilitats en el mitj\u00e0 audiovisual.<\/p>\n\n\n\n<p>Bermann recorda que va ser una activitat que va durar diversos mesos, el resultat de la qual es va presentar a la resta de pacients. El curtmetratge, amb el nom de \u201cLa Venganza\u201d, tracta de les situacions a les quals han de fer front moltes de les persones ateses a l\u2019Hospital de Dia d\u2019Adolescents quan estan a l\u2019institut; per exemple, les rivalitats, les exclusions&#8230; \u201cEl fet de participar de tot el proc\u00e9s de creaci\u00f3 i poder apropiar-se de situacions\/moments negatius i transformar-los en una altra cosa va tenir un efecte positiu en les participants\u201d, reflexiona.<\/p>\n\n\n\n<p>Cal tenir en compte que, malgrat la pand\u00e8mia de Covid-19 va potenciar la utilitzaci\u00f3 de les xarxes socials, l\u2019Hospital de Dia d&#8217;Adolescents&nbsp;de Martorell ja comptava anteriorment amb un taller dedicat a aquesta q\u00fcesti\u00f3. En el seg\u00fcent v\u00eddeo Soledad Bermann explica el perqu\u00e8 de la posada en marxa d\u2019aquesta iniciativa, la qual s\u2019ha anat realitzant de manera intermitent, estructurada en diverses sessions, i tamb\u00e9 ha anat variant els seus objectius amb el pas del temps:<\/p>\n\n\n\n<div class=\"wp-block-stackable-video-popup stk-block-video-popup stk-block stk-bb6e384\" data-video=\"https:\/\/youtu.be\/gS1kBc4cG2M\" data-block-id=\"bb6e384\"><button class=\"stk-block-video-popup__overlay stk-row stk-inner-blocks stk-block-content stk-hover-parent\" aria-label=\"Play Video\">\n<div class=\"wp-block-stackable-image stk-block-image stk-block stk-143e614\" data-block-id=\"143e614\"><figure class=\"stk-img-wrapper stk-image--shape-stretch\"><img loading=\"lazy\" decoding=\"async\" class=\"stk-img wp-image-5521\" src=\"https:\/\/hospitalsagratcormartorell.org\/entre-tots\/wp-content\/uploads\/2023\/01\/enllac-video-taller-xarxes-socials.png\" width=\"1409\" height=\"986\" srcset=\"https:\/\/fundaciohospitalariesmartorell.org\/entre-tots\/wp-content\/uploads\/2023\/01\/enllac-video-taller-xarxes-socials.png 1409w, https:\/\/fundaciohospitalariesmartorell.org\/entre-tots\/wp-content\/uploads\/2023\/01\/enllac-video-taller-xarxes-socials-300x210.png 300w, https:\/\/fundaciohospitalariesmartorell.org\/entre-tots\/wp-content\/uploads\/2023\/01\/enllac-video-taller-xarxes-socials-1024x717.png 1024w, https:\/\/fundaciohospitalariesmartorell.org\/entre-tots\/wp-content\/uploads\/2023\/01\/enllac-video-taller-xarxes-socials-768x537.png 768w, https:\/\/fundaciohospitalariesmartorell.org\/entre-tots\/wp-content\/uploads\/2023\/01\/enllac-video-taller-xarxes-socials-1320x924.png 1320w\" sizes=\"auto, (max-width: 1409px) 100vw, 1409px\" \/><\/figure><\/div>\n<\/button><\/div>\n\n\n\n<p>Bermann assegura que les xarxes socials han reconfigurat la manera com es relacionen les i els adolescents per la qual cosa, una de les funcions principals del taller de xarxes \u00e9s aportar-los elements que els ajudin a gestionar de manera adequada aquestes relacions. \u201cEn el marc dels tallers els passem q\u00fcestionaris per veure com utilitzen les xarxes, analitzem per on naveguen, &nbsp;les persones a qui segueixen, els temes de qu\u00e8 parlen&#8230; les sessions s\u2019estructuren en funci\u00f3 d\u2019all\u00f2 que ells i elles ens plantegen que els interessa\u201d, indica.<\/p>\n\n\n\n<p>Per acabar, la psic\u00f2loga de l\u2019Hospital de Dia d&#8217;Adolescents&nbsp;de Martorell mostra una opini\u00f3 favorable de l\u2019\u00fas de les xarxes socials per part de les persones joves, sempre i quan se\u2019n faci un bon \u00fas:<\/p>\n\n\n\n<div class=\"wp-block-stackable-video-popup stk-block-video-popup stk-block stk-5af1b0e\" data-video=\"https:\/\/youtu.be\/merTCMn7XDA\" data-block-id=\"5af1b0e\"><button class=\"stk-block-video-popup__overlay stk-row stk-inner-blocks stk-block-content stk-hover-parent\" aria-label=\"Play Video\">\n<div class=\"wp-block-stackable-image stk-block-image stk-block stk-17fcfe9\" data-block-id=\"17fcfe9\"><figure class=\"stk-img-wrapper stk-image--shape-stretch\"><img loading=\"lazy\" decoding=\"async\" class=\"stk-img wp-image-5518\" src=\"https:\/\/hospitalsagratcormartorell.org\/entre-tots\/wp-content\/uploads\/2023\/01\/enllac-video-beneficis-utilitzacio-correcta-de-les-xarxes-socials.png\" width=\"1405\" height=\"875\" srcset=\"https:\/\/fundaciohospitalariesmartorell.org\/entre-tots\/wp-content\/uploads\/2023\/01\/enllac-video-beneficis-utilitzacio-correcta-de-les-xarxes-socials.png 1405w, https:\/\/fundaciohospitalariesmartorell.org\/entre-tots\/wp-content\/uploads\/2023\/01\/enllac-video-beneficis-utilitzacio-correcta-de-les-xarxes-socials-300x187.png 300w, https:\/\/fundaciohospitalariesmartorell.org\/entre-tots\/wp-content\/uploads\/2023\/01\/enllac-video-beneficis-utilitzacio-correcta-de-les-xarxes-socials-1024x638.png 1024w, https:\/\/fundaciohospitalariesmartorell.org\/entre-tots\/wp-content\/uploads\/2023\/01\/enllac-video-beneficis-utilitzacio-correcta-de-les-xarxes-socials-768x478.png 768w, https:\/\/fundaciohospitalariesmartorell.org\/entre-tots\/wp-content\/uploads\/2023\/01\/enllac-video-beneficis-utilitzacio-correcta-de-les-xarxes-socials-1320x822.png 1320w\" sizes=\"auto, (max-width: 1405px) 100vw, 1405px\" \/><\/figure><\/div>\n<\/button><\/div>\n","protected":false},"excerpt":{"rendered":"<p>Adolescents i xarxes socials \u00e9s un binomi del qual s\u2019ha parlat molt darrerament, sobretot, pels seus efectes negatius en la salut mental de les persones joves. Tanmateix, \u00e9s important no oblidar que l\u2019\u00fas de les xarxes tamb\u00e9 t\u00e9 conseq\u00fc\u00e8ncies positives en el proc\u00e9s de desenvolupament d\u2019aquest col\u00b7lectiu, el qual est\u00e0 forjant la seva identitat, per [&hellip;]<\/p>\n","protected":false},"author":2,"featured_media":5517,"comment_status":"closed","ping_status":"closed","sticky":false,"template":"","format":"standard","meta":{"footnotes":""},"categories":[28],"tags":[],"class_list":["post-5514","post","type-post","status-publish","format-standard","has-post-thumbnail","hentry","category-tot-aixo-es-nostre"],"blocksy_meta":{"styles_descriptor":{"styles":{"desktop":"","tablet":"","mobile":""},"google_fonts":[],"version":6}},"featured_image_urls_v2":{"full":["https:\/\/fundaciohospitalariesmartorell.org\/entre-tots\/wp-content\/uploads\/2023\/01\/blog.png",1072,700,false],"thumbnail":["https:\/\/fundaciohospitalariesmartorell.org\/entre-tots\/wp-content\/uploads\/2023\/01\/blog-150x150.png",150,150,true],"medium":["https:\/\/fundaciohospitalariesmartorell.org\/entre-tots\/wp-content\/uploads\/2023\/01\/blog-300x196.png",300,196,true],"medium_large":["https:\/\/fundaciohospitalariesmartorell.org\/entre-tots\/wp-content\/uploads\/2023\/01\/blog-768x501.png",768,501,true],"large":["https:\/\/fundaciohospitalariesmartorell.org\/entre-tots\/wp-content\/uploads\/2023\/01\/blog-1024x669.png",1024,669,true],"1536x1536":["https:\/\/fundaciohospitalariesmartorell.org\/entre-tots\/wp-content\/uploads\/2023\/01\/blog.png",1072,700,false],"2048x2048":["https:\/\/fundaciohospitalariesmartorell.org\/entre-tots\/wp-content\/uploads\/2023\/01\/blog.png",1072,700,false],"mailpoet_newsletter_max":["https:\/\/fundaciohospitalariesmartorell.org\/entre-tots\/wp-content\/uploads\/2023\/01\/blog.png",1072,700,false]},"post_excerpt_stackable_v2":"<p>Adolescents i xarxes socials \u00e9s un binomi del qual s\u2019ha parlat molt darrerament, sobretot, pels seus efectes negatius en la salut mental de les persones joves. Tanmateix, \u00e9s important no oblidar que l\u2019\u00fas de les xarxes tamb\u00e9 t\u00e9 conseq\u00fc\u00e8ncies positives en el proc\u00e9s de desenvolupament d\u2019aquest col\u00b7lectiu, el qual est\u00e0 forjant la seva identitat, per exemple, ajudant la persona a expressar-se i explorar qui&nbsp;\u00e9s, aix\u00ed com a establir relacions socials. L\u2019Hospital de Dia d\u2019Adolescents de Martorell, que pertany a l\u2019Hospital Sagrat Cor, utilitza les xarxes socials des de fa anys, un \u00fas que es va intensificar durant la pand\u00e8mia de&hellip;<\/p>\n","category_list_v2":"<a href=\"https:\/\/fundaciohospitalariesmartorell.org\/entre-tots\/category\/tot-aixo-es-nostre\/\" rel=\"category tag\">TOT AIX\u00d2 \u00c9S NOSTRE<\/a>","author_info_v2":{"name":"Sagrat Cor","url":"https:\/\/fundaciohospitalariesmartorell.org\/entre-tots\/author\/daniel\/"},"comments_num_v2":"0 comments","_links":{"self":[{"href":"https:\/\/fundaciohospitalariesmartorell.org\/entre-tots\/wp-json\/wp\/v2\/posts\/5514","targetHints":{"allow":["GET"]}}],"collection":[{"href":"https:\/\/fundaciohospitalariesmartorell.org\/entre-tots\/wp-json\/wp\/v2\/posts"}],"about":[{"href":"https:\/\/fundaciohospitalariesmartorell.org\/entre-tots\/wp-json\/wp\/v2\/types\/post"}],"author":[{"embeddable":true,"href":"https:\/\/fundaciohospitalariesmartorell.org\/entre-tots\/wp-json\/wp\/v2\/users\/2"}],"replies":[{"embeddable":true,"href":"https:\/\/fundaciohospitalariesmartorell.org\/entre-tots\/wp-json\/wp\/v2\/comments?post=5514"}],"version-history":[{"count":5,"href":"https:\/\/fundaciohospitalariesmartorell.org\/entre-tots\/wp-json\/wp\/v2\/posts\/5514\/revisions"}],"predecessor-version":[{"id":5529,"href":"https:\/\/fundaciohospitalariesmartorell.org\/entre-tots\/wp-json\/wp\/v2\/posts\/5514\/revisions\/5529"}],"wp:featuredmedia":[{"embeddable":true,"href":"https:\/\/fundaciohospitalariesmartorell.org\/entre-tots\/wp-json\/wp\/v2\/media\/5517"}],"wp:attachment":[{"href":"https:\/\/fundaciohospitalariesmartorell.org\/entre-tots\/wp-json\/wp\/v2\/media?parent=5514"}],"wp:term":[{"taxonomy":"category","embeddable":true,"href":"https:\/\/fundaciohospitalariesmartorell.org\/entre-tots\/wp-json\/wp\/v2\/categories?post=5514"},{"taxonomy":"post_tag","embeddable":true,"href":"https:\/\/fundaciohospitalariesmartorell.org\/entre-tots\/wp-json\/wp\/v2\/tags?post=5514"}],"curies":[{"name":"wp","href":"https:\/\/api.w.org\/{rel}","templated":true}]}}