{"id":5662,"date":"2023-02-27T15:34:46","date_gmt":"2023-02-27T13:34:46","guid":{"rendered":"https:\/\/newweb.hospitalsagratcormartorell.org\/entre-tots\/?p=5662"},"modified":"2023-02-28T10:42:25","modified_gmt":"2023-02-28T08:42:25","slug":"la-superiora-de-lhospital-sagrat-cor-als-mitjans","status":"publish","type":"post","link":"https:\/\/fundaciohospitalariesmartorell.org\/entre-tots\/2023\/02\/la-superiora-de-lhospital-sagrat-cor-als-mitjans\/","title":{"rendered":"La Superiora de l\u2019Hospital Sagrat Cor als mitjans"},"content":{"rendered":"\n<p>Sor Isabel Bl\u00e1zquez, superiora de l&#8217;Hospital Sagrat Cor, va intervenir, el 26 de\u00a0gener, a la presentaci\u00f3 de la mem\u00f2ria d&#8217;activitats del 2021 del bisbat de Sant Feliu. En el marc de l&#8217;acte, Sor Isabel va parlar de la seva dedicaci\u00f3 personal i com a instituci\u00f3 de l\u2019Esgl\u00e9sia a la cura de la salut mental. Us fem arribar l&#8217;enlla\u00e7 a una not\u00edcia de Catalunya Religi\u00f3 sobre aquesta q\u00fcesti\u00f3:\u00a0<a rel=\"noreferrer noopener\" href=\"https:\/\/www.catalunyareligio.cat\/ca\/bisbat-sant-feliu-presenta-memoria-activitats-2021\" target=\"_blank\">https:\/\/www.catalunyareligio.cat\/ca\/bisbat-sant-feliu-presenta-memoria-activitats-2021<\/a><\/p>\n\n\n\n<p>Aix\u00ed mateix, la nostra superiora va participar, el 31 de gener, al programa &#8216;Tiempo de cuidar&#8217; 31\/01\/23 Radio Maria per parlar de vida consagrada i pastoral de la salut. Adjuntem el <a href=\"https:\/\/hospitalsagratcormartorell.org\/entre-tots\/wp-content\/uploads\/2023\/02\/20230131-Radio-Maria-Tiempo-de-cuidar-Sor-Isa-bel-Blazquez_01_01.mp3\" target=\"_blank\" rel=\"noreferrer noopener\">tall d&#8217;\u00e0udio<\/a> de la seva intervenci\u00f3.<\/p>\n","protected":false},"excerpt":{"rendered":"<p>Sor Isabel Bl\u00e1zquez, superiora de l&#8217;Hospital Sagrat Cor, va intervenir, el 26 de\u00a0gener, a la presentaci\u00f3 de la mem\u00f2ria d&#8217;activitats del 2021 del bisbat de Sant Feliu. En el marc de l&#8217;acte, Sor Isabel va parlar de la seva dedicaci\u00f3 personal i com a instituci\u00f3 de l\u2019Esgl\u00e9sia a la cura de la salut mental. Us [&hellip;]<\/p>\n","protected":false},"author":2,"featured_media":0,"comment_status":"closed","ping_status":"closed","sticky":false,"template":"","format":"standard","meta":{"footnotes":""},"categories":[44],"tags":[],"class_list":["post-5662","post","type-post","status-publish","format-standard","hentry","category-entre-noticies"],"blocksy_meta":{"styles_descriptor":{"styles":{"desktop":"","tablet":"","mobile":""},"google_fonts":[],"version":6}},"featured_image_urls_v2":{"full":"","thumbnail":"","medium":"","medium_large":"","large":"","1536x1536":"","2048x2048":"","mailpoet_newsletter_max":""},"post_excerpt_stackable_v2":"<p>Sor Isabel Bl\u00e1zquez, superiora de l&#8217;Hospital Sagrat Cor, va intervenir, el 26 de\u00a0gener, a la presentaci\u00f3 de la mem\u00f2ria d&#8217;activitats del 2021 del bisbat de Sant Feliu. En el marc de l&#8217;acte, Sor Isabel va parlar de la seva dedicaci\u00f3 personal i com a instituci\u00f3 de l\u2019Esgl\u00e9sia a la cura de la salut mental. Us fem arribar l&#8217;enlla\u00e7 a una not\u00edcia de Catalunya Religi\u00f3 sobre aquesta q\u00fcesti\u00f3:\u00a0https:\/\/www.catalunyareligio.cat\/ca\/bisbat-sant-feliu-presenta-memoria-activitats-2021 Aix\u00ed mateix, la nostra superiora va participar, el 31 de gener, al programa &#8216;Tiempo de cuidar&#8217; 31\/01\/23 Radio Maria per parlar de vida consagrada i pastoral de la salut. Adjuntem el tall d&#8217;\u00e0udio&hellip;<\/p>\n","category_list_v2":"<a href=\"https:\/\/fundaciohospitalariesmartorell.org\/entre-tots\/category\/entre-noticies\/\" rel=\"category tag\">ENTRE NOT\u00cdCIES<\/a>","author_info_v2":{"name":"Sagrat Cor","url":"https:\/\/fundaciohospitalariesmartorell.org\/entre-tots\/author\/daniel\/"},"comments_num_v2":"0 comments","_links":{"self":[{"href":"https:\/\/fundaciohospitalariesmartorell.org\/entre-tots\/wp-json\/wp\/v2\/posts\/5662","targetHints":{"allow":["GET"]}}],"collection":[{"href":"https:\/\/fundaciohospitalariesmartorell.org\/entre-tots\/wp-json\/wp\/v2\/posts"}],"about":[{"href":"https:\/\/fundaciohospitalariesmartorell.org\/entre-tots\/wp-json\/wp\/v2\/types\/post"}],"author":[{"embeddable":true,"href":"https:\/\/fundaciohospitalariesmartorell.org\/entre-tots\/wp-json\/wp\/v2\/users\/2"}],"replies":[{"embeddable":true,"href":"https:\/\/fundaciohospitalariesmartorell.org\/entre-tots\/wp-json\/wp\/v2\/comments?post=5662"}],"version-history":[{"count":6,"href":"https:\/\/fundaciohospitalariesmartorell.org\/entre-tots\/wp-json\/wp\/v2\/posts\/5662\/revisions"}],"predecessor-version":[{"id":5842,"href":"https:\/\/fundaciohospitalariesmartorell.org\/entre-tots\/wp-json\/wp\/v2\/posts\/5662\/revisions\/5842"}],"wp:attachment":[{"href":"https:\/\/fundaciohospitalariesmartorell.org\/entre-tots\/wp-json\/wp\/v2\/media?parent=5662"}],"wp:term":[{"taxonomy":"category","embeddable":true,"href":"https:\/\/fundaciohospitalariesmartorell.org\/entre-tots\/wp-json\/wp\/v2\/categories?post=5662"},{"taxonomy":"post_tag","embeddable":true,"href":"https:\/\/fundaciohospitalariesmartorell.org\/entre-tots\/wp-json\/wp\/v2\/tags?post=5662"}],"curies":[{"name":"wp","href":"https:\/\/api.w.org\/{rel}","templated":true}]}}