{"id":5667,"date":"2023-02-27T15:39:29","date_gmt":"2023-02-27T13:39:29","guid":{"rendered":"https:\/\/newweb.hospitalsagratcormartorell.org\/entre-tots\/?p=5667"},"modified":"2023-02-27T15:54:00","modified_gmt":"2023-02-27T13:54:00","slug":"lhospital-sagrat-cor-a-canal-blau-tv","status":"publish","type":"post","link":"https:\/\/fundaciohospitalariesmartorell.org\/entre-tots\/2023\/02\/lhospital-sagrat-cor-a-canal-blau-tv\/","title":{"rendered":"L&#8217;Hospital Sagrat Cor, a Canal Blau TV"},"content":{"rendered":"<figure class=\"wp-block-post-featured-image\"><img loading=\"lazy\" decoding=\"async\" width=\"420\" height=\"230\" src=\"https:\/\/fundaciohospitalariesmartorell.org\/entre-tots\/wp-content\/uploads\/2023\/02\/23_02_08_SAGRAT-COR_SOM-NOTICIA_CASD-VILANOVA-I-LA-GELTRU-A-CANAL-BLAU.png\" class=\"attachment-post-thumbnail size-post-thumbnail wp-post-image\" alt=\"\" style=\"object-fit:cover;\" srcset=\"https:\/\/fundaciohospitalariesmartorell.org\/entre-tots\/wp-content\/uploads\/2023\/02\/23_02_08_SAGRAT-COR_SOM-NOTICIA_CASD-VILANOVA-I-LA-GELTRU-A-CANAL-BLAU.png 420w, https:\/\/fundaciohospitalariesmartorell.org\/entre-tots\/wp-content\/uploads\/2023\/02\/23_02_08_SAGRAT-COR_SOM-NOTICIA_CASD-VILANOVA-I-LA-GELTRU-A-CANAL-BLAU-300x164.png 300w\" sizes=\"auto, (max-width: 420px) 100vw, 420px\" \/><\/figure>\n\n\n<p>Canal Blau TV va emetre, a finals de gener, una not\u00edcia sobre la disminuci\u00f3 de visites al CASD de Vilanova i la Geltr\u00fa, en la qual es dona veu a professionals del recurs comunitari de l&#8217;Hospital Sagrat Cor.<\/p>\n\n\n\n<p>Podeu veure-la al seg\u00fcent enlla\u00e7:&nbsp;<a href=\"https:\/\/canalblau.alacarta.cat\/garraf-noticies\/noticia\/menys-primeres-visites-al-casd-per-culpa-de-la-llista-d-espera\" target=\"_blank\" rel=\"noreferrer noopener\">https:\/\/canalblau.alacarta.cat\/garraf-noticies\/noticia\/menys-primeres-visites-al-casd-per-culpa-de-la-llista-d-espera<\/a><\/p>\n","protected":false},"excerpt":{"rendered":"<p>Canal Blau TV va emetre, a finals de gener, una not\u00edcia sobre la disminuci\u00f3 de visites al CASD de Vilanova i la Geltr\u00fa, en la qual es dona veu a professionals del recurs comunitari de l&#8217;Hospital Sagrat Cor. Podeu veure-la al seg\u00fcent enlla\u00e7:&nbsp;https:\/\/canalblau.alacarta.cat\/garraf-noticies\/noticia\/menys-primeres-visites-al-casd-per-culpa-de-la-llista-d-espera<\/p>\n","protected":false},"author":2,"featured_media":5677,"comment_status":"closed","ping_status":"closed","sticky":false,"template":"","format":"standard","meta":{"footnotes":""},"categories":[44],"tags":[],"class_list":["post-5667","post","type-post","status-publish","format-standard","has-post-thumbnail","hentry","category-entre-noticies"],"blocksy_meta":{"styles_descriptor":{"styles":{"desktop":"","tablet":"","mobile":""},"google_fonts":[],"version":6}},"featured_image_urls_v2":{"full":["https:\/\/fundaciohospitalariesmartorell.org\/entre-tots\/wp-content\/uploads\/2023\/02\/23_02_08_SAGRAT-COR_SOM-NOTICIA_CASD-VILANOVA-I-LA-GELTRU-A-CANAL-BLAU.png",420,230,false],"thumbnail":["https:\/\/fundaciohospitalariesmartorell.org\/entre-tots\/wp-content\/uploads\/2023\/02\/23_02_08_SAGRAT-COR_SOM-NOTICIA_CASD-VILANOVA-I-LA-GELTRU-A-CANAL-BLAU-150x150.png",150,150,true],"medium":["https:\/\/fundaciohospitalariesmartorell.org\/entre-tots\/wp-content\/uploads\/2023\/02\/23_02_08_SAGRAT-COR_SOM-NOTICIA_CASD-VILANOVA-I-LA-GELTRU-A-CANAL-BLAU-300x164.png",300,164,true],"medium_large":["https:\/\/fundaciohospitalariesmartorell.org\/entre-tots\/wp-content\/uploads\/2023\/02\/23_02_08_SAGRAT-COR_SOM-NOTICIA_CASD-VILANOVA-I-LA-GELTRU-A-CANAL-BLAU.png",420,230,false],"large":["https:\/\/fundaciohospitalariesmartorell.org\/entre-tots\/wp-content\/uploads\/2023\/02\/23_02_08_SAGRAT-COR_SOM-NOTICIA_CASD-VILANOVA-I-LA-GELTRU-A-CANAL-BLAU.png",420,230,false],"1536x1536":["https:\/\/fundaciohospitalariesmartorell.org\/entre-tots\/wp-content\/uploads\/2023\/02\/23_02_08_SAGRAT-COR_SOM-NOTICIA_CASD-VILANOVA-I-LA-GELTRU-A-CANAL-BLAU.png",420,230,false],"2048x2048":["https:\/\/fundaciohospitalariesmartorell.org\/entre-tots\/wp-content\/uploads\/2023\/02\/23_02_08_SAGRAT-COR_SOM-NOTICIA_CASD-VILANOVA-I-LA-GELTRU-A-CANAL-BLAU.png",420,230,false],"mailpoet_newsletter_max":["https:\/\/fundaciohospitalariesmartorell.org\/entre-tots\/wp-content\/uploads\/2023\/02\/23_02_08_SAGRAT-COR_SOM-NOTICIA_CASD-VILANOVA-I-LA-GELTRU-A-CANAL-BLAU.png",420,230,false]},"post_excerpt_stackable_v2":"<p>Canal Blau TV va emetre, a finals de gener, una not\u00edcia sobre la disminuci\u00f3 de visites al CASD de Vilanova i la Geltr\u00fa, en la qual es dona veu a professionals del recurs comunitari de l&#8217;Hospital Sagrat Cor. Podeu veure-la al seg\u00fcent enlla\u00e7:&nbsp;https:\/\/canalblau.alacarta.cat\/garraf-noticies\/noticia\/menys-primeres-visites-al-casd-per-culpa-de-la-llista-d-espera<\/p>\n","category_list_v2":"<a href=\"https:\/\/fundaciohospitalariesmartorell.org\/entre-tots\/category\/entre-noticies\/\" rel=\"category tag\">ENTRE NOT\u00cdCIES<\/a>","author_info_v2":{"name":"Sagrat Cor","url":"https:\/\/fundaciohospitalariesmartorell.org\/entre-tots\/author\/daniel\/"},"comments_num_v2":"0 comments","_links":{"self":[{"href":"https:\/\/fundaciohospitalariesmartorell.org\/entre-tots\/wp-json\/wp\/v2\/posts\/5667","targetHints":{"allow":["GET"]}}],"collection":[{"href":"https:\/\/fundaciohospitalariesmartorell.org\/entre-tots\/wp-json\/wp\/v2\/posts"}],"about":[{"href":"https:\/\/fundaciohospitalariesmartorell.org\/entre-tots\/wp-json\/wp\/v2\/types\/post"}],"author":[{"embeddable":true,"href":"https:\/\/fundaciohospitalariesmartorell.org\/entre-tots\/wp-json\/wp\/v2\/users\/2"}],"replies":[{"embeddable":true,"href":"https:\/\/fundaciohospitalariesmartorell.org\/entre-tots\/wp-json\/wp\/v2\/comments?post=5667"}],"version-history":[{"count":3,"href":"https:\/\/fundaciohospitalariesmartorell.org\/entre-tots\/wp-json\/wp\/v2\/posts\/5667\/revisions"}],"predecessor-version":[{"id":5678,"href":"https:\/\/fundaciohospitalariesmartorell.org\/entre-tots\/wp-json\/wp\/v2\/posts\/5667\/revisions\/5678"}],"wp:featuredmedia":[{"embeddable":true,"href":"https:\/\/fundaciohospitalariesmartorell.org\/entre-tots\/wp-json\/wp\/v2\/media\/5677"}],"wp:attachment":[{"href":"https:\/\/fundaciohospitalariesmartorell.org\/entre-tots\/wp-json\/wp\/v2\/media?parent=5667"}],"wp:term":[{"taxonomy":"category","embeddable":true,"href":"https:\/\/fundaciohospitalariesmartorell.org\/entre-tots\/wp-json\/wp\/v2\/categories?post=5667"},{"taxonomy":"post_tag","embeddable":true,"href":"https:\/\/fundaciohospitalariesmartorell.org\/entre-tots\/wp-json\/wp\/v2\/tags?post=5667"}],"curies":[{"name":"wp","href":"https:\/\/api.w.org\/{rel}","templated":true}]}}